{"id":982,"date":"2018-03-06T20:51:34","date_gmt":"2018-03-06T18:51:34","guid":{"rendered":"https:\/\/www.stiftung-oekologie-u-demokratie.de\/T\/?p=982"},"modified":"2021-01-05T20:02:18","modified_gmt":"2021-01-05T18:02:18","slug":"stiftung-verleiht-europaeischer-friedenspreis-2018-an-michail-gorbatschow","status":"publish","type":"post","link":"https:\/\/www.stiftung-oekologie-u-demokratie.de\/T\/stiftung-verleiht-europaeischer-friedenspreis-2018-an-michail-gorbatschow\/","title":{"rendered":"Stiftung verleiht EUROP\u00c4ISCHER FRIEDENSPREIS 2018 an Michail Gorbatschow"},"content":{"rendered":"<p>Die Stiftung f\u00fcr \u00d6kologie und Demokratie e.V. hat den fr\u00fcheren Staatspr\u00e4sident<br \/>\nder UdSSR und Generalsekrt\u00e4r der Kommunistischen Partei der<br \/>\nUdSSR, Dr. Michail Sergejewitsch Gorbatschow, mit dem EUROP\u00c4ISCHEN<br \/>\nFRIEDENSPREIS 2018 ausgezeichnet.<\/p>\n<p>In seiner Laudatio erkl\u00e4rte der Vorsitzende der Stiftung f\u00fcr \u00d6kologie und<br \/>\nDemokratie e.V., Hans-Joachim Ritter, \u201emit gro\u00dfer Freude und Dankbarkeit<br \/>\nd\u00fcrfen wir Ihnen den EUROP\u00c4ISCHEN FRIEDENSPREIS 2018 \u00fcberreichen.\u201c<\/p>\n<p>Gew\u00fcrdigt wurden die gro\u00dfen Verdienste um die Beendigung des Kalten<br \/>\nKrieges zwischen Ost und West durch Gorbatschows neuer Politik der<br \/>\nTransparenz (Glasnost) und der Umgestaltung (Perestroika), die Einf\u00fchrung<br \/>\ndes Selbstbestimmungsrechtes in den sowjetischen Bruderl\u00e4ndern. Die bis<br \/>\ndahin g\u00fcltige Breschnew-Doktrin wurde au\u00dfer Kraft gesetzt.<\/p>\n<p>\u201eDeutschland verdankt Ihnen den Fall der Mauer und die Wiedervereinigung!\u201c,<br \/>\nerkl\u00e4rte Ritter. Bei seinem Staatsbesuch am 12.-15.6.1989 in Bonn<br \/>\nsagte Gorbatschow: \u201eDie Mauer kann wieder verschwinden, wenn die Voraussetzungen<br \/>\nfallen, die sie hervorgebracht haben.\u201c In seiner Rede anl\u00e4sslich<br \/>\ndes 40. Jahrestages der DDR am 7.10.1989 rief Gorbatschow der<br \/>\ndamaligen DDR-Staatsf\u00fchrung mahnend zu: \u201eWer zu sp\u00e4t kommt, den bestraft<br \/>\ndas Leben.\u201c Am 10.2.1990 gab Gorbatschow Bundeskanzler Dr. Kohl in<br \/>\nMoskau die Zusicherung, dass die UdSSR einer Wiedervereinigung Deutschlands<br \/>\nnicht im Wege stehe. Bereits bei einem Treffen mit Bundeskanzler<br \/>\nHelmut Kohl und Au\u00dfenminister Hans-Dietrich Genscher am 15. Juli 1990 in<br \/>\nGorbatschows Datscha in Archys im Kaukasus wurden die Modalit\u00e4ten f\u00fcr<br \/>\ndie deutsch-deutsche Vereinigung besprochen. Am 9.11.1990 wurde zwischen<br \/>\nGorbatschow und Bundeskanzler Dr. Kohl der \u201eVertrag \u00fcber gute<br \/>\nNachbarschaft, Partnerschaft und Zusammenarbeit\u201c unterzeichnet.<\/p>\n<p>Au\u00dferhalb Russlands genie\u00dfe Gorbatschow f\u00fcr seine Lebensleistung eine<br \/>\nhohe Wertsch\u00e4tzung. Zahlreiche Preisverleihungen und Ehrenb\u00fcrgerw\u00fcrden<br \/>\nbelegen dies. Ganz besonders kommt die W\u00fcrdigung seiner Friedenspolitik<br \/>\ndurch den an Gorbatschow im Jahre 1990 verliehenen Friedensnobelpreis<br \/>\nzum Ausdruck.<\/p>\n<p>W\u00e4hrend der Preistr\u00e4ger weltweit als Friedensstifter gesch\u00e4tzt werde, werde<br \/>\ner in seinem Land verantwortlich gemacht f\u00fcr den Niedergang der Sowjetunion.<\/p>\n<p>\u201eIn allergr\u00f6\u00dftem Respekt danken wir Ihnen f\u00fcr Ihren Einsatz f\u00fcr Frieden,<br \/>\nDemokratie und \u00d6kologie und w\u00fcrden uns auch aktuell mehr Staatsm\u00e4nner<br \/>\nwie Sie w\u00fcnschen\u201c, erkl\u00e4rte der Stiftungsvorsitzende.<\/p>\n","protected":false},"excerpt":{"rendered":"<p>Die Stiftung f\u00fcr \u00d6kologie und Demokratie e.V. hat den fr\u00fcheren Staatspr\u00e4sident der UdSSR und Generalsekrt\u00e4r der Kommunistischen Partei der UdSSR, Dr. Michail Sergejewitsch Gorbatschow, mit dem EUROP\u00c4ISCHEN FRIEDENSPREIS 2018 ausgezeichnet. In seiner Laudatio erkl\u00e4rte der Vorsitzende der Stiftung f\u00fcr \u00d6kologie und Demokratie e.V., Hans-Joachim Ritter, \u201emit gro\u00dfer Freude und Dankbarkeit d\u00fcrfen wir Ihnen den EUROP\u00c4ISCHEN&hellip;<\/p>\n","protected":false},"author":1,"featured_media":983,"comment_status":"closed","ping_status":"open","sticky":false,"template":"","format":"standard","meta":[],"categories":[3,10,13],"tags":[],"class_list":["post-982","post","type-post","status-publish","format-standard","has-post-thumbnail","hentry","category-aktuell","category-preisverleihungen","category-preisverleihungen_europ","category-3","category-10","category-13","description-off"],"yoast_head":"<!-- This site is optimized with the Yoast SEO plugin v25.9 - https:\/\/yoast.com\/wordpress\/plugins\/seo\/ -->\n<title>Stiftung verleiht EUROP\u00c4ISCHER FRIEDENSPREIS 2018 an Michail Gorbatschow - Stiftung f\u00fcr \u00d6kologie und Demokratie e.V.<\/title>\n<meta name=\"description\" content=\"Die Stiftung f\u00fcr \u00d6kologie und Demokratie ist eine gemeinn\u00fctzige Organisation, ein auf Bundesebene von der Bundeszentrale f\u00fcr politische Bildung (BpB) anerkannter Tr\u00e4ger der politischen Bildung, der sich vor allem f\u00fcr Umwelt und die politische \u00d6kologie einsetzt.\" \/>\n<meta name=\"robots\" content=\"index, follow, max-snippet:-1, max-image-preview:large, max-video-preview:-1\" \/>\n<link rel=\"canonical\" href=\"https:\/\/www.stiftung-oekologie-u-demokratie.de\/T\/stiftung-verleiht-europaeischer-friedenspreis-2018-an-michail-gorbatschow\/\" \/>\n<meta property=\"og:locale\" content=\"de_DE\" \/>\n<meta property=\"og:type\" content=\"article\" \/>\n<meta property=\"og:title\" content=\"Stiftung verleiht EUROP\u00c4ISCHER FRIEDENSPREIS 2018 an Michail Gorbatschow - Stiftung f\u00fcr \u00d6kologie und Demokratie e.V.\" \/>\n<meta property=\"og:description\" content=\"Die Stiftung f\u00fcr \u00d6kologie und Demokratie ist eine gemeinn\u00fctzige Organisation, ein auf Bundesebene von der Bundeszentrale f\u00fcr politische Bildung (BpB) anerkannter Tr\u00e4ger der politischen Bildung, der sich vor allem f\u00fcr Umwelt und die politische \u00d6kologie einsetzt.\" \/>\n<meta property=\"og:url\" content=\"https:\/\/www.stiftung-oekologie-u-demokratie.de\/T\/stiftung-verleiht-europaeischer-friedenspreis-2018-an-michail-gorbatschow\/\" \/>\n<meta property=\"og:site_name\" content=\"Stiftung f\u00fcr \u00d6kologie und Demokratie e.V.\" \/>\n<meta property=\"article:published_time\" content=\"2018-03-06T18:51:34+00:00\" \/>\n<meta property=\"article:modified_time\" content=\"2021-01-05T18:02:18+00:00\" \/>\n<meta property=\"og:image\" content=\"https:\/\/www.stiftung-oekologie-u-demokratie.de\/T\/wp-content\/uploads\/2018\/03\/IMG_6672-1.jpg\" \/>\n\t<meta property=\"og:image:width\" content=\"600\" \/>\n\t<meta property=\"og:image:height\" content=\"400\" \/>\n\t<meta property=\"og:image:type\" content=\"image\/jpeg\" \/>\n<meta name=\"author\" content=\"admin\" \/>\n<meta name=\"twitter:card\" content=\"summary_large_image\" \/>\n<meta name=\"twitter:label1\" content=\"Verfasst von\" \/>\n\t<meta name=\"twitter:data1\" content=\"admin\" \/>\n\t<meta name=\"twitter:label2\" content=\"Gesch\u00e4tzte Lesezeit\" \/>\n\t<meta name=\"twitter:data2\" content=\"2\u00a0Minuten\" \/>\n<script type=\"application\/ld+json\" class=\"yoast-schema-graph\">{\"@context\":\"https:\/\/schema.org\",\"@graph\":[{\"@type\":\"WebPage\",\"@id\":\"https:\/\/www.stiftung-oekologie-u-demokratie.de\/T\/stiftung-verleiht-europaeischer-friedenspreis-2018-an-michail-gorbatschow\/\",\"url\":\"https:\/\/www.stiftung-oekologie-u-demokratie.de\/T\/stiftung-verleiht-europaeischer-friedenspreis-2018-an-michail-gorbatschow\/\",\"name\":\"Stiftung verleiht EUROP\u00c4ISCHER FRIEDENSPREIS 2018 an Michail Gorbatschow - Stiftung f\u00fcr \u00d6kologie und Demokratie e.V.\",\"isPartOf\":{\"@id\":\"https:\/\/www.stiftung-oekologie-u-demokratie.de\/T\/#website\"},\"primaryImageOfPage\":{\"@id\":\"https:\/\/www.stiftung-oekologie-u-demokratie.de\/T\/stiftung-verleiht-europaeischer-friedenspreis-2018-an-michail-gorbatschow\/#primaryimage\"},\"image\":{\"@id\":\"https:\/\/www.stiftung-oekologie-u-demokratie.de\/T\/stiftung-verleiht-europaeischer-friedenspreis-2018-an-michail-gorbatschow\/#primaryimage\"},\"thumbnailUrl\":\"https:\/\/www.stiftung-oekologie-u-demokratie.de\/T\/wp-content\/uploads\/2018\/03\/IMG_6672-1.jpg\",\"datePublished\":\"2018-03-06T18:51:34+00:00\",\"dateModified\":\"2021-01-05T18:02:18+00:00\",\"author\":{\"@id\":\"https:\/\/www.stiftung-oekologie-u-demokratie.de\/T\/#\/schema\/person\/d256d4d56b82b746a9ccff0c5bf259e3\"},\"description\":\"Die Stiftung f\u00fcr \u00d6kologie und Demokratie ist eine gemeinn\u00fctzige Organisation, ein auf Bundesebene von der Bundeszentrale f\u00fcr politische Bildung (BpB) anerkannter Tr\u00e4ger der politischen Bildung, der sich vor allem f\u00fcr Umwelt und die politische \u00d6kologie einsetzt.\",\"breadcrumb\":{\"@id\":\"https:\/\/www.stiftung-oekologie-u-demokratie.de\/T\/stiftung-verleiht-europaeischer-friedenspreis-2018-an-michail-gorbatschow\/#breadcrumb\"},\"inLanguage\":\"de\",\"potentialAction\":[{\"@type\":\"ReadAction\",\"target\":[\"https:\/\/www.stiftung-oekologie-u-demokratie.de\/T\/stiftung-verleiht-europaeischer-friedenspreis-2018-an-michail-gorbatschow\/\"]}]},{\"@type\":\"ImageObject\",\"inLanguage\":\"de\",\"@id\":\"https:\/\/www.stiftung-oekologie-u-demokratie.de\/T\/stiftung-verleiht-europaeischer-friedenspreis-2018-an-michail-gorbatschow\/#primaryimage\",\"url\":\"https:\/\/www.stiftung-oekologie-u-demokratie.de\/T\/wp-content\/uploads\/2018\/03\/IMG_6672-1.jpg\",\"contentUrl\":\"https:\/\/www.stiftung-oekologie-u-demokratie.de\/T\/wp-content\/uploads\/2018\/03\/IMG_6672-1.jpg\",\"width\":600,\"height\":400,\"caption\":\"Auf dem Foto (Foto der Gorbatschow-Stiftung) sind zu sehen: Links: Prof. Dr. Olga Zdrawomyslowa, Gesch\u00e4ftsf\u00fchrerin der Gorbatschow-Stiftung, bei der Verlesung der Laudatio Mitte: Michail Gorbatschow Rechts: Jelena Martynowa, pers\u00f6nliche Referentin von Herrn Gorbatschow, mit der Urkunde und Blumen in den H\u00e4nden.\"},{\"@type\":\"BreadcrumbList\",\"@id\":\"https:\/\/www.stiftung-oekologie-u-demokratie.de\/T\/stiftung-verleiht-europaeischer-friedenspreis-2018-an-michail-gorbatschow\/#breadcrumb\",\"itemListElement\":[{\"@type\":\"ListItem\",\"position\":1,\"name\":\"Home\",\"item\":\"https:\/\/www.stiftung-oekologie-u-demokratie.de\/T\/\"},{\"@type\":\"ListItem\",\"position\":2,\"name\":\"Stiftung verleiht EUROP\u00c4ISCHER FRIEDENSPREIS 2018 an Michail Gorbatschow\"}]},{\"@type\":\"WebSite\",\"@id\":\"https:\/\/www.stiftung-oekologie-u-demokratie.de\/T\/#website\",\"url\":\"https:\/\/www.stiftung-oekologie-u-demokratie.de\/T\/\",\"name\":\"Stiftung f\u00fcr \u00d6kologie und Demokratie e.V.\",\"description\":\"Stiftung f\u00fcr \u00d6kologie und Demokratie e.V.\",\"potentialAction\":[{\"@type\":\"SearchAction\",\"target\":{\"@type\":\"EntryPoint\",\"urlTemplate\":\"https:\/\/www.stiftung-oekologie-u-demokratie.de\/T\/?s={search_term_string}\"},\"query-input\":{\"@type\":\"PropertyValueSpecification\",\"valueRequired\":true,\"valueName\":\"search_term_string\"}}],\"inLanguage\":\"de\"},{\"@type\":\"Person\",\"@id\":\"https:\/\/www.stiftung-oekologie-u-demokratie.de\/T\/#\/schema\/person\/d256d4d56b82b746a9ccff0c5bf259e3\",\"name\":\"admin\",\"url\":\"https:\/\/www.stiftung-oekologie-u-demokratie.de\/T\/author\/admin\/\"}]}<\/script>\n<!-- \/ Yoast SEO plugin. -->","yoast_head_json":{"title":"Stiftung verleiht EUROP\u00c4ISCHER FRIEDENSPREIS 2018 an Michail Gorbatschow - Stiftung f\u00fcr \u00d6kologie und Demokratie e.V.","description":"Die Stiftung f\u00fcr \u00d6kologie und Demokratie ist eine gemeinn\u00fctzige Organisation, ein auf Bundesebene von der Bundeszentrale f\u00fcr politische Bildung (BpB) anerkannter Tr\u00e4ger der politischen Bildung, der sich vor allem f\u00fcr Umwelt und die politische \u00d6kologie einsetzt.","robots":{"index":"index","follow":"follow","max-snippet":"max-snippet:-1","max-image-preview":"max-image-preview:large","max-video-preview":"max-video-preview:-1"},"canonical":"https:\/\/www.stiftung-oekologie-u-demokratie.de\/T\/stiftung-verleiht-europaeischer-friedenspreis-2018-an-michail-gorbatschow\/","og_locale":"de_DE","og_type":"article","og_title":"Stiftung verleiht EUROP\u00c4ISCHER FRIEDENSPREIS 2018 an Michail Gorbatschow - Stiftung f\u00fcr \u00d6kologie und Demokratie e.V.","og_description":"Die Stiftung f\u00fcr \u00d6kologie und Demokratie ist eine gemeinn\u00fctzige Organisation, ein auf Bundesebene von der Bundeszentrale f\u00fcr politische Bildung (BpB) anerkannter Tr\u00e4ger der politischen Bildung, der sich vor allem f\u00fcr Umwelt und die politische \u00d6kologie einsetzt.","og_url":"https:\/\/www.stiftung-oekologie-u-demokratie.de\/T\/stiftung-verleiht-europaeischer-friedenspreis-2018-an-michail-gorbatschow\/","og_site_name":"Stiftung f\u00fcr \u00d6kologie und Demokratie e.V.","article_published_time":"2018-03-06T18:51:34+00:00","article_modified_time":"2021-01-05T18:02:18+00:00","og_image":[{"width":600,"height":400,"url":"https:\/\/www.stiftung-oekologie-u-demokratie.de\/T\/wp-content\/uploads\/2018\/03\/IMG_6672-1.jpg","type":"image\/jpeg"}],"author":"admin","twitter_card":"summary_large_image","twitter_misc":{"Verfasst von":"admin","Gesch\u00e4tzte Lesezeit":"2\u00a0Minuten"},"schema":{"@context":"https:\/\/schema.org","@graph":[{"@type":"WebPage","@id":"https:\/\/www.stiftung-oekologie-u-demokratie.de\/T\/stiftung-verleiht-europaeischer-friedenspreis-2018-an-michail-gorbatschow\/","url":"https:\/\/www.stiftung-oekologie-u-demokratie.de\/T\/stiftung-verleiht-europaeischer-friedenspreis-2018-an-michail-gorbatschow\/","name":"Stiftung verleiht EUROP\u00c4ISCHER FRIEDENSPREIS 2018 an Michail Gorbatschow - Stiftung f\u00fcr \u00d6kologie und Demokratie e.V.","isPartOf":{"@id":"https:\/\/www.stiftung-oekologie-u-demokratie.de\/T\/#website"},"primaryImageOfPage":{"@id":"https:\/\/www.stiftung-oekologie-u-demokratie.de\/T\/stiftung-verleiht-europaeischer-friedenspreis-2018-an-michail-gorbatschow\/#primaryimage"},"image":{"@id":"https:\/\/www.stiftung-oekologie-u-demokratie.de\/T\/stiftung-verleiht-europaeischer-friedenspreis-2018-an-michail-gorbatschow\/#primaryimage"},"thumbnailUrl":"https:\/\/www.stiftung-oekologie-u-demokratie.de\/T\/wp-content\/uploads\/2018\/03\/IMG_6672-1.jpg","datePublished":"2018-03-06T18:51:34+00:00","dateModified":"2021-01-05T18:02:18+00:00","author":{"@id":"https:\/\/www.stiftung-oekologie-u-demokratie.de\/T\/#\/schema\/person\/d256d4d56b82b746a9ccff0c5bf259e3"},"description":"Die Stiftung f\u00fcr \u00d6kologie und Demokratie ist eine gemeinn\u00fctzige Organisation, ein auf Bundesebene von der Bundeszentrale f\u00fcr politische Bildung (BpB) anerkannter Tr\u00e4ger der politischen Bildung, der sich vor allem f\u00fcr Umwelt und die politische \u00d6kologie einsetzt.","breadcrumb":{"@id":"https:\/\/www.stiftung-oekologie-u-demokratie.de\/T\/stiftung-verleiht-europaeischer-friedenspreis-2018-an-michail-gorbatschow\/#breadcrumb"},"inLanguage":"de","potentialAction":[{"@type":"ReadAction","target":["https:\/\/www.stiftung-oekologie-u-demokratie.de\/T\/stiftung-verleiht-europaeischer-friedenspreis-2018-an-michail-gorbatschow\/"]}]},{"@type":"ImageObject","inLanguage":"de","@id":"https:\/\/www.stiftung-oekologie-u-demokratie.de\/T\/stiftung-verleiht-europaeischer-friedenspreis-2018-an-michail-gorbatschow\/#primaryimage","url":"https:\/\/www.stiftung-oekologie-u-demokratie.de\/T\/wp-content\/uploads\/2018\/03\/IMG_6672-1.jpg","contentUrl":"https:\/\/www.stiftung-oekologie-u-demokratie.de\/T\/wp-content\/uploads\/2018\/03\/IMG_6672-1.jpg","width":600,"height":400,"caption":"Auf dem Foto (Foto der Gorbatschow-Stiftung) sind zu sehen: Links: Prof. Dr. Olga Zdrawomyslowa, Gesch\u00e4ftsf\u00fchrerin der Gorbatschow-Stiftung, bei der Verlesung der Laudatio Mitte: Michail Gorbatschow Rechts: Jelena Martynowa, pers\u00f6nliche Referentin von Herrn Gorbatschow, mit der Urkunde und Blumen in den H\u00e4nden."},{"@type":"BreadcrumbList","@id":"https:\/\/www.stiftung-oekologie-u-demokratie.de\/T\/stiftung-verleiht-europaeischer-friedenspreis-2018-an-michail-gorbatschow\/#breadcrumb","itemListElement":[{"@type":"ListItem","position":1,"name":"Home","item":"https:\/\/www.stiftung-oekologie-u-demokratie.de\/T\/"},{"@type":"ListItem","position":2,"name":"Stiftung verleiht EUROP\u00c4ISCHER FRIEDENSPREIS 2018 an Michail Gorbatschow"}]},{"@type":"WebSite","@id":"https:\/\/www.stiftung-oekologie-u-demokratie.de\/T\/#website","url":"https:\/\/www.stiftung-oekologie-u-demokratie.de\/T\/","name":"Stiftung f\u00fcr \u00d6kologie und Demokratie e.V.","description":"Stiftung f\u00fcr \u00d6kologie und Demokratie e.V.","potentialAction":[{"@type":"SearchAction","target":{"@type":"EntryPoint","urlTemplate":"https:\/\/www.stiftung-oekologie-u-demokratie.de\/T\/?s={search_term_string}"},"query-input":{"@type":"PropertyValueSpecification","valueRequired":true,"valueName":"search_term_string"}}],"inLanguage":"de"},{"@type":"Person","@id":"https:\/\/www.stiftung-oekologie-u-demokratie.de\/T\/#\/schema\/person\/d256d4d56b82b746a9ccff0c5bf259e3","name":"admin","url":"https:\/\/www.stiftung-oekologie-u-demokratie.de\/T\/author\/admin\/"}]}},"_links":{"self":[{"href":"https:\/\/www.stiftung-oekologie-u-demokratie.de\/T\/wp-json\/wp\/v2\/posts\/982","targetHints":{"allow":["GET"]}}],"collection":[{"href":"https:\/\/www.stiftung-oekologie-u-demokratie.de\/T\/wp-json\/wp\/v2\/posts"}],"about":[{"href":"https:\/\/www.stiftung-oekologie-u-demokratie.de\/T\/wp-json\/wp\/v2\/types\/post"}],"author":[{"embeddable":true,"href":"https:\/\/www.stiftung-oekologie-u-demokratie.de\/T\/wp-json\/wp\/v2\/users\/1"}],"replies":[{"embeddable":true,"href":"https:\/\/www.stiftung-oekologie-u-demokratie.de\/T\/wp-json\/wp\/v2\/comments?post=982"}],"version-history":[{"count":1,"href":"https:\/\/www.stiftung-oekologie-u-demokratie.de\/T\/wp-json\/wp\/v2\/posts\/982\/revisions"}],"predecessor-version":[{"id":984,"href":"https:\/\/www.stiftung-oekologie-u-demokratie.de\/T\/wp-json\/wp\/v2\/posts\/982\/revisions\/984"}],"wp:featuredmedia":[{"embeddable":true,"href":"https:\/\/www.stiftung-oekologie-u-demokratie.de\/T\/wp-json\/wp\/v2\/media\/983"}],"wp:attachment":[{"href":"https:\/\/www.stiftung-oekologie-u-demokratie.de\/T\/wp-json\/wp\/v2\/media?parent=982"}],"wp:term":[{"taxonomy":"category","embeddable":true,"href":"https:\/\/www.stiftung-oekologie-u-demokratie.de\/T\/wp-json\/wp\/v2\/categories?post=982"},{"taxonomy":"post_tag","embeddable":true,"href":"https:\/\/www.stiftung-oekologie-u-demokratie.de\/T\/wp-json\/wp\/v2\/tags?post=982"}],"curies":[{"name":"wp","href":"https:\/\/api.w.org\/{rel}","templated":true}]}}