{"id":964,"date":"2018-02-10T14:37:39","date_gmt":"2018-02-10T12:37:39","guid":{"rendered":"https:\/\/www.stiftung-oekologie-u-demokratie.de\/T\/?p=964"},"modified":"2018-02-10T14:40:47","modified_gmt":"2018-02-10T12:40:47","slug":"oekologia-amtswechsel-von-frau-staatsministerin-ulrike-hoefken-an-frau-sabine-kauffmann-geschaeftsfuehrerin-des-bio-verlages","status":"publish","type":"post","link":"https:\/\/www.stiftung-oekologie-u-demokratie.de\/T\/oekologia-amtswechsel-von-frau-staatsministerin-ulrike-hoefken-an-frau-sabine-kauffmann-geschaeftsfuehrerin-des-bio-verlages\/","title":{"rendered":"&#8222;\u00d6kologia 2018&#8220;: Sabine Kauffmann, Gesch\u00e4ftsf\u00fchrerin des bio verlages gmbh"},"content":{"rendered":"<p><strong>Sabine Kauffmann \u2013 \u201e\u00d6kologia 2018\u201c<\/strong><\/p>\n<p><strong><br \/>\n<\/strong>Seit 2001 beruft die Stiftung f\u00fcr \u00d6kologie und Demokratie e.V. j\u00e4hrlich eine Dame mit \u00f6kologischer Kompetenz und Ausstrahlung als Botschafterin der \u00d6kologie, die sogenannte \u201e\u00d6kologia\u201c, um auf positive Art f\u00fcr die \u00d6kologie Sympathien zu wecken.<br \/>\nIm Jahr 2017 war dies die rheinland-pf\u00e4lzische Umweltministerin Ulrike H\u00f6fken. Heute hat sie gemeinsam mit dem Stiftungsvorsitzenden Hans-Joachim Ritter die Funktion der \u201e\u00d6kologia\u201c an die Gesch\u00e4ftsf\u00fchrerin des bio verlages gmbh, Sabine Kauffmann, in den R\u00e4umen des bio verlages gmbh in Aschaffenburg \u00fcbergegeben.<br \/>\nDer Stiftungsvorsitzende Ritter bedankte sich bei Frau H\u00f6fken, die als \u201e\u00d6kologia 2017\u201c im Jahr des 25-j\u00e4hrigen Jubil\u00e4ums der Stiftung positiv gewirkt habe, u.a. durch ihre Teilnahme an der Jubil\u00e4umsveranstaltung auf dem Hambacher Schloss.<br \/>\nSie hatte in ihrer Amtszeit das Zusammenspiel zwischen Artenvielfalt und \u00f6kologischer Landwirtschaft fokussiert: \u201eEin Highlight war die Auszeichnung an den Pionier des \u00d6ko-Landanbaus, Prof. Dr. Claus Hipp, mit dem \u00d6kologia-Preis. Der \u00d6ko-Landbau leistet einen zentralen Beitrag zum Boden-, Klima-,<br \/>\nWasser- und Naturschutz: Er bildet die Grundlage zum Erhalt unserer Tier und Pflanzenarten. Daher wollen wir mit dem \u00d6ko-Aktionsplan die \u00f6kologische Anbaufl\u00e4che in Rheinland-Pfalz von derzeit rund neun auf 20 Prozent erh\u00f6hen\u201c, erkl\u00e4rte H\u00f6fken.<br \/>\nAn diese Zielsetzung wird auch die neue gek\u00fcrte \u201e\u00d6kologia\u201c, Sabine<br \/>\nKauffmann, ankn\u00fcpfen k\u00f6nnen, die sich als Gesch\u00e4ftsf\u00fchrerin des bio verlages vor allem f\u00fcr Bioprodukte einsetzt. Der bio verlag gmbh gibt vor allem die Zeitschriften \u201eSchrot und Korn\u201c und \u201eBioHandel\u201c heraus und begleitet den Biofachhandel.<\/p>\n","protected":false},"excerpt":{"rendered":"<p>Sabine Kauffmann \u2013 \u201e\u00d6kologia 2018\u201c Seit 2001 beruft die Stiftung f\u00fcr \u00d6kologie und Demokratie e.V. j\u00e4hrlich eine Dame mit \u00f6kologischer Kompetenz und Ausstrahlung als Botschafterin der \u00d6kologie, die sogenannte \u201e\u00d6kologia\u201c, um auf positive Art f\u00fcr die \u00d6kologie Sympathien zu wecken. Im Jahr 2017 war dies die rheinland-pf\u00e4lzische Umweltministerin Ulrike H\u00f6fken. Heute hat sie gemeinsam mit&hellip;<\/p>\n","protected":false},"author":1,"featured_media":965,"comment_status":"closed","ping_status":"open","sticky":false,"template":"","format":"standard","meta":[],"categories":[3],"tags":[],"class_list":["post-964","post","type-post","status-publish","format-standard","has-post-thumbnail","hentry","category-aktuell","category-3","description-off"],"yoast_head":"<!-- This site is optimized with the Yoast SEO plugin v25.9 - https:\/\/yoast.com\/wordpress\/plugins\/seo\/ -->\n<title>&quot;\u00d6kologia 2018&quot;: Sabine Kauffmann, Gesch\u00e4ftsf\u00fchrerin des bio verlages gmbh - Stiftung f\u00fcr \u00d6kologie und Demokratie e.V.<\/title>\n<meta name=\"description\" content=\"Die Stiftung f\u00fcr \u00d6kologie und Demokratie ist eine gemeinn\u00fctzige Organisation, ein auf Bundesebene von der Bundeszentrale f\u00fcr politische Bildung (BpB) anerkannter Tr\u00e4ger der politischen Bildung, der sich vor allem f\u00fcr Umwelt und die politische \u00d6kologie einsetzt.\" \/>\n<meta name=\"robots\" content=\"index, follow, max-snippet:-1, max-image-preview:large, max-video-preview:-1\" \/>\n<link rel=\"canonical\" href=\"https:\/\/www.stiftung-oekologie-u-demokratie.de\/T\/oekologia-amtswechsel-von-frau-staatsministerin-ulrike-hoefken-an-frau-sabine-kauffmann-geschaeftsfuehrerin-des-bio-verlages\/\" \/>\n<meta property=\"og:locale\" content=\"de_DE\" \/>\n<meta property=\"og:type\" content=\"article\" \/>\n<meta property=\"og:title\" content=\"&quot;\u00d6kologia 2018&quot;: Sabine Kauffmann, Gesch\u00e4ftsf\u00fchrerin des bio verlages gmbh - Stiftung f\u00fcr \u00d6kologie und Demokratie e.V.\" \/>\n<meta property=\"og:description\" content=\"Die Stiftung f\u00fcr \u00d6kologie und Demokratie ist eine gemeinn\u00fctzige Organisation, ein auf Bundesebene von der Bundeszentrale f\u00fcr politische Bildung (BpB) anerkannter Tr\u00e4ger der politischen Bildung, der sich vor allem f\u00fcr Umwelt und die politische \u00d6kologie einsetzt.\" \/>\n<meta property=\"og:url\" content=\"https:\/\/www.stiftung-oekologie-u-demokratie.de\/T\/oekologia-amtswechsel-von-frau-staatsministerin-ulrike-hoefken-an-frau-sabine-kauffmann-geschaeftsfuehrerin-des-bio-verlages\/\" \/>\n<meta property=\"og:site_name\" content=\"Stiftung f\u00fcr \u00d6kologie und Demokratie e.V.\" \/>\n<meta property=\"article:published_time\" content=\"2018-02-10T12:37:39+00:00\" \/>\n<meta property=\"article:modified_time\" content=\"2018-02-10T12:40:47+00:00\" \/>\n<meta property=\"og:image\" content=\"https:\/\/www.stiftung-oekologie-u-demokratie.de\/T\/wp-content\/uploads\/2018\/02\/P2094475-scaled-e1609857335838.jpg\" \/>\n\t<meta property=\"og:image:width\" content=\"2560\" \/>\n\t<meta property=\"og:image:height\" content=\"1715\" \/>\n\t<meta property=\"og:image:type\" content=\"image\/jpeg\" \/>\n<meta name=\"author\" content=\"admin\" \/>\n<meta name=\"twitter:card\" content=\"summary_large_image\" \/>\n<meta name=\"twitter:label1\" content=\"Verfasst von\" \/>\n\t<meta name=\"twitter:data1\" content=\"admin\" \/>\n\t<meta name=\"twitter:label2\" content=\"Gesch\u00e4tzte Lesezeit\" \/>\n\t<meta name=\"twitter:data2\" content=\"1\u00a0Minute\" \/>\n<script type=\"application\/ld+json\" class=\"yoast-schema-graph\">{\"@context\":\"https:\/\/schema.org\",\"@graph\":[{\"@type\":\"WebPage\",\"@id\":\"https:\/\/www.stiftung-oekologie-u-demokratie.de\/T\/oekologia-amtswechsel-von-frau-staatsministerin-ulrike-hoefken-an-frau-sabine-kauffmann-geschaeftsfuehrerin-des-bio-verlages\/\",\"url\":\"https:\/\/www.stiftung-oekologie-u-demokratie.de\/T\/oekologia-amtswechsel-von-frau-staatsministerin-ulrike-hoefken-an-frau-sabine-kauffmann-geschaeftsfuehrerin-des-bio-verlages\/\",\"name\":\"\\\"\u00d6kologia 2018\\\": Sabine Kauffmann, Gesch\u00e4ftsf\u00fchrerin des bio verlages gmbh - Stiftung f\u00fcr \u00d6kologie und Demokratie e.V.\",\"isPartOf\":{\"@id\":\"https:\/\/www.stiftung-oekologie-u-demokratie.de\/T\/#website\"},\"primaryImageOfPage\":{\"@id\":\"https:\/\/www.stiftung-oekologie-u-demokratie.de\/T\/oekologia-amtswechsel-von-frau-staatsministerin-ulrike-hoefken-an-frau-sabine-kauffmann-geschaeftsfuehrerin-des-bio-verlages\/#primaryimage\"},\"image\":{\"@id\":\"https:\/\/www.stiftung-oekologie-u-demokratie.de\/T\/oekologia-amtswechsel-von-frau-staatsministerin-ulrike-hoefken-an-frau-sabine-kauffmann-geschaeftsfuehrerin-des-bio-verlages\/#primaryimage\"},\"thumbnailUrl\":\"https:\/\/www.stiftung-oekologie-u-demokratie.de\/T\/wp-content\/uploads\/2018\/02\/P2094475-scaled-e1609857335838.jpg\",\"datePublished\":\"2018-02-10T12:37:39+00:00\",\"dateModified\":\"2018-02-10T12:40:47+00:00\",\"author\":{\"@id\":\"https:\/\/www.stiftung-oekologie-u-demokratie.de\/T\/#\/schema\/person\/d256d4d56b82b746a9ccff0c5bf259e3\"},\"description\":\"Die Stiftung f\u00fcr \u00d6kologie und Demokratie ist eine gemeinn\u00fctzige Organisation, ein auf Bundesebene von der Bundeszentrale f\u00fcr politische Bildung (BpB) anerkannter Tr\u00e4ger der politischen Bildung, der sich vor allem f\u00fcr Umwelt und die politische \u00d6kologie einsetzt.\",\"breadcrumb\":{\"@id\":\"https:\/\/www.stiftung-oekologie-u-demokratie.de\/T\/oekologia-amtswechsel-von-frau-staatsministerin-ulrike-hoefken-an-frau-sabine-kauffmann-geschaeftsfuehrerin-des-bio-verlages\/#breadcrumb\"},\"inLanguage\":\"de\",\"potentialAction\":[{\"@type\":\"ReadAction\",\"target\":[\"https:\/\/www.stiftung-oekologie-u-demokratie.de\/T\/oekologia-amtswechsel-von-frau-staatsministerin-ulrike-hoefken-an-frau-sabine-kauffmann-geschaeftsfuehrerin-des-bio-verlages\/\"]}]},{\"@type\":\"ImageObject\",\"inLanguage\":\"de\",\"@id\":\"https:\/\/www.stiftung-oekologie-u-demokratie.de\/T\/oekologia-amtswechsel-von-frau-staatsministerin-ulrike-hoefken-an-frau-sabine-kauffmann-geschaeftsfuehrerin-des-bio-verlages\/#primaryimage\",\"url\":\"https:\/\/www.stiftung-oekologie-u-demokratie.de\/T\/wp-content\/uploads\/2018\/02\/P2094475-scaled-e1609857335838.jpg\",\"contentUrl\":\"https:\/\/www.stiftung-oekologie-u-demokratie.de\/T\/wp-content\/uploads\/2018\/02\/P2094475-scaled-e1609857335838.jpg\",\"width\":2560,\"height\":1715,\"caption\":\"Stiftung f\u00fcr \u00d6kologie und Demokratie. Das Foto ist frei von Rechten Dritter.\"},{\"@type\":\"BreadcrumbList\",\"@id\":\"https:\/\/www.stiftung-oekologie-u-demokratie.de\/T\/oekologia-amtswechsel-von-frau-staatsministerin-ulrike-hoefken-an-frau-sabine-kauffmann-geschaeftsfuehrerin-des-bio-verlages\/#breadcrumb\",\"itemListElement\":[{\"@type\":\"ListItem\",\"position\":1,\"name\":\"Home\",\"item\":\"https:\/\/www.stiftung-oekologie-u-demokratie.de\/T\/\"},{\"@type\":\"ListItem\",\"position\":2,\"name\":\"&#8222;\u00d6kologia 2018&#8220;: Sabine Kauffmann, Gesch\u00e4ftsf\u00fchrerin des bio verlages gmbh\"}]},{\"@type\":\"WebSite\",\"@id\":\"https:\/\/www.stiftung-oekologie-u-demokratie.de\/T\/#website\",\"url\":\"https:\/\/www.stiftung-oekologie-u-demokratie.de\/T\/\",\"name\":\"Stiftung f\u00fcr \u00d6kologie und Demokratie e.V.\",\"description\":\"Stiftung f\u00fcr \u00d6kologie und Demokratie e.V.\",\"potentialAction\":[{\"@type\":\"SearchAction\",\"target\":{\"@type\":\"EntryPoint\",\"urlTemplate\":\"https:\/\/www.stiftung-oekologie-u-demokratie.de\/T\/?s={search_term_string}\"},\"query-input\":{\"@type\":\"PropertyValueSpecification\",\"valueRequired\":true,\"valueName\":\"search_term_string\"}}],\"inLanguage\":\"de\"},{\"@type\":\"Person\",\"@id\":\"https:\/\/www.stiftung-oekologie-u-demokratie.de\/T\/#\/schema\/person\/d256d4d56b82b746a9ccff0c5bf259e3\",\"name\":\"admin\",\"url\":\"https:\/\/www.stiftung-oekologie-u-demokratie.de\/T\/author\/admin\/\"}]}<\/script>\n<!-- \/ Yoast SEO plugin. -->","yoast_head_json":{"title":"\"\u00d6kologia 2018\": Sabine Kauffmann, Gesch\u00e4ftsf\u00fchrerin des bio verlages gmbh - Stiftung f\u00fcr \u00d6kologie und Demokratie e.V.","description":"Die Stiftung f\u00fcr \u00d6kologie und Demokratie ist eine gemeinn\u00fctzige Organisation, ein auf Bundesebene von der Bundeszentrale f\u00fcr politische Bildung (BpB) anerkannter Tr\u00e4ger der politischen Bildung, der sich vor allem f\u00fcr Umwelt und die politische \u00d6kologie einsetzt.","robots":{"index":"index","follow":"follow","max-snippet":"max-snippet:-1","max-image-preview":"max-image-preview:large","max-video-preview":"max-video-preview:-1"},"canonical":"https:\/\/www.stiftung-oekologie-u-demokratie.de\/T\/oekologia-amtswechsel-von-frau-staatsministerin-ulrike-hoefken-an-frau-sabine-kauffmann-geschaeftsfuehrerin-des-bio-verlages\/","og_locale":"de_DE","og_type":"article","og_title":"\"\u00d6kologia 2018\": Sabine Kauffmann, Gesch\u00e4ftsf\u00fchrerin des bio verlages gmbh - Stiftung f\u00fcr \u00d6kologie und Demokratie e.V.","og_description":"Die Stiftung f\u00fcr \u00d6kologie und Demokratie ist eine gemeinn\u00fctzige Organisation, ein auf Bundesebene von der Bundeszentrale f\u00fcr politische Bildung (BpB) anerkannter Tr\u00e4ger der politischen Bildung, der sich vor allem f\u00fcr Umwelt und die politische \u00d6kologie einsetzt.","og_url":"https:\/\/www.stiftung-oekologie-u-demokratie.de\/T\/oekologia-amtswechsel-von-frau-staatsministerin-ulrike-hoefken-an-frau-sabine-kauffmann-geschaeftsfuehrerin-des-bio-verlages\/","og_site_name":"Stiftung f\u00fcr \u00d6kologie und Demokratie e.V.","article_published_time":"2018-02-10T12:37:39+00:00","article_modified_time":"2018-02-10T12:40:47+00:00","og_image":[{"width":2560,"height":1715,"url":"https:\/\/www.stiftung-oekologie-u-demokratie.de\/T\/wp-content\/uploads\/2018\/02\/P2094475-scaled-e1609857335838.jpg","type":"image\/jpeg"}],"author":"admin","twitter_card":"summary_large_image","twitter_misc":{"Verfasst von":"admin","Gesch\u00e4tzte Lesezeit":"1\u00a0Minute"},"schema":{"@context":"https:\/\/schema.org","@graph":[{"@type":"WebPage","@id":"https:\/\/www.stiftung-oekologie-u-demokratie.de\/T\/oekologia-amtswechsel-von-frau-staatsministerin-ulrike-hoefken-an-frau-sabine-kauffmann-geschaeftsfuehrerin-des-bio-verlages\/","url":"https:\/\/www.stiftung-oekologie-u-demokratie.de\/T\/oekologia-amtswechsel-von-frau-staatsministerin-ulrike-hoefken-an-frau-sabine-kauffmann-geschaeftsfuehrerin-des-bio-verlages\/","name":"\"\u00d6kologia 2018\": Sabine Kauffmann, Gesch\u00e4ftsf\u00fchrerin des bio verlages gmbh - Stiftung f\u00fcr \u00d6kologie und Demokratie e.V.","isPartOf":{"@id":"https:\/\/www.stiftung-oekologie-u-demokratie.de\/T\/#website"},"primaryImageOfPage":{"@id":"https:\/\/www.stiftung-oekologie-u-demokratie.de\/T\/oekologia-amtswechsel-von-frau-staatsministerin-ulrike-hoefken-an-frau-sabine-kauffmann-geschaeftsfuehrerin-des-bio-verlages\/#primaryimage"},"image":{"@id":"https:\/\/www.stiftung-oekologie-u-demokratie.de\/T\/oekologia-amtswechsel-von-frau-staatsministerin-ulrike-hoefken-an-frau-sabine-kauffmann-geschaeftsfuehrerin-des-bio-verlages\/#primaryimage"},"thumbnailUrl":"https:\/\/www.stiftung-oekologie-u-demokratie.de\/T\/wp-content\/uploads\/2018\/02\/P2094475-scaled-e1609857335838.jpg","datePublished":"2018-02-10T12:37:39+00:00","dateModified":"2018-02-10T12:40:47+00:00","author":{"@id":"https:\/\/www.stiftung-oekologie-u-demokratie.de\/T\/#\/schema\/person\/d256d4d56b82b746a9ccff0c5bf259e3"},"description":"Die Stiftung f\u00fcr \u00d6kologie und Demokratie ist eine gemeinn\u00fctzige Organisation, ein auf Bundesebene von der Bundeszentrale f\u00fcr politische Bildung (BpB) anerkannter Tr\u00e4ger der politischen Bildung, der sich vor allem f\u00fcr Umwelt und die politische \u00d6kologie einsetzt.","breadcrumb":{"@id":"https:\/\/www.stiftung-oekologie-u-demokratie.de\/T\/oekologia-amtswechsel-von-frau-staatsministerin-ulrike-hoefken-an-frau-sabine-kauffmann-geschaeftsfuehrerin-des-bio-verlages\/#breadcrumb"},"inLanguage":"de","potentialAction":[{"@type":"ReadAction","target":["https:\/\/www.stiftung-oekologie-u-demokratie.de\/T\/oekologia-amtswechsel-von-frau-staatsministerin-ulrike-hoefken-an-frau-sabine-kauffmann-geschaeftsfuehrerin-des-bio-verlages\/"]}]},{"@type":"ImageObject","inLanguage":"de","@id":"https:\/\/www.stiftung-oekologie-u-demokratie.de\/T\/oekologia-amtswechsel-von-frau-staatsministerin-ulrike-hoefken-an-frau-sabine-kauffmann-geschaeftsfuehrerin-des-bio-verlages\/#primaryimage","url":"https:\/\/www.stiftung-oekologie-u-demokratie.de\/T\/wp-content\/uploads\/2018\/02\/P2094475-scaled-e1609857335838.jpg","contentUrl":"https:\/\/www.stiftung-oekologie-u-demokratie.de\/T\/wp-content\/uploads\/2018\/02\/P2094475-scaled-e1609857335838.jpg","width":2560,"height":1715,"caption":"Stiftung f\u00fcr \u00d6kologie und Demokratie. Das Foto ist frei von Rechten Dritter."},{"@type":"BreadcrumbList","@id":"https:\/\/www.stiftung-oekologie-u-demokratie.de\/T\/oekologia-amtswechsel-von-frau-staatsministerin-ulrike-hoefken-an-frau-sabine-kauffmann-geschaeftsfuehrerin-des-bio-verlages\/#breadcrumb","itemListElement":[{"@type":"ListItem","position":1,"name":"Home","item":"https:\/\/www.stiftung-oekologie-u-demokratie.de\/T\/"},{"@type":"ListItem","position":2,"name":"&#8222;\u00d6kologia 2018&#8220;: Sabine Kauffmann, Gesch\u00e4ftsf\u00fchrerin des bio verlages gmbh"}]},{"@type":"WebSite","@id":"https:\/\/www.stiftung-oekologie-u-demokratie.de\/T\/#website","url":"https:\/\/www.stiftung-oekologie-u-demokratie.de\/T\/","name":"Stiftung f\u00fcr \u00d6kologie und Demokratie e.V.","description":"Stiftung f\u00fcr \u00d6kologie und Demokratie e.V.","potentialAction":[{"@type":"SearchAction","target":{"@type":"EntryPoint","urlTemplate":"https:\/\/www.stiftung-oekologie-u-demokratie.de\/T\/?s={search_term_string}"},"query-input":{"@type":"PropertyValueSpecification","valueRequired":true,"valueName":"search_term_string"}}],"inLanguage":"de"},{"@type":"Person","@id":"https:\/\/www.stiftung-oekologie-u-demokratie.de\/T\/#\/schema\/person\/d256d4d56b82b746a9ccff0c5bf259e3","name":"admin","url":"https:\/\/www.stiftung-oekologie-u-demokratie.de\/T\/author\/admin\/"}]}},"_links":{"self":[{"href":"https:\/\/www.stiftung-oekologie-u-demokratie.de\/T\/wp-json\/wp\/v2\/posts\/964","targetHints":{"allow":["GET"]}}],"collection":[{"href":"https:\/\/www.stiftung-oekologie-u-demokratie.de\/T\/wp-json\/wp\/v2\/posts"}],"about":[{"href":"https:\/\/www.stiftung-oekologie-u-demokratie.de\/T\/wp-json\/wp\/v2\/types\/post"}],"author":[{"embeddable":true,"href":"https:\/\/www.stiftung-oekologie-u-demokratie.de\/T\/wp-json\/wp\/v2\/users\/1"}],"replies":[{"embeddable":true,"href":"https:\/\/www.stiftung-oekologie-u-demokratie.de\/T\/wp-json\/wp\/v2\/comments?post=964"}],"version-history":[{"count":3,"href":"https:\/\/www.stiftung-oekologie-u-demokratie.de\/T\/wp-json\/wp\/v2\/posts\/964\/revisions"}],"predecessor-version":[{"id":969,"href":"https:\/\/www.stiftung-oekologie-u-demokratie.de\/T\/wp-json\/wp\/v2\/posts\/964\/revisions\/969"}],"wp:featuredmedia":[{"embeddable":true,"href":"https:\/\/www.stiftung-oekologie-u-demokratie.de\/T\/wp-json\/wp\/v2\/media\/965"}],"wp:attachment":[{"href":"https:\/\/www.stiftung-oekologie-u-demokratie.de\/T\/wp-json\/wp\/v2\/media?parent=964"}],"wp:term":[{"taxonomy":"category","embeddable":true,"href":"https:\/\/www.stiftung-oekologie-u-demokratie.de\/T\/wp-json\/wp\/v2\/categories?post=964"},{"taxonomy":"post_tag","embeddable":true,"href":"https:\/\/www.stiftung-oekologie-u-demokratie.de\/T\/wp-json\/wp\/v2\/tags?post=964"}],"curies":[{"name":"wp","href":"https:\/\/api.w.org\/{rel}","templated":true}]}}