{"id":958,"date":"2018-01-23T23:51:14","date_gmt":"2018-01-23T21:51:14","guid":{"rendered":"https:\/\/www.stiftung-oekologie-u-demokratie.de\/T\/?p=958"},"modified":"2018-01-25T22:55:43","modified_gmt":"2018-01-25T20:55:43","slug":"nachruf-stiftung-trauert-um-prof-dr-hans-christoph-binswanger","status":"publish","type":"post","link":"https:\/\/www.stiftung-oekologie-u-demokratie.de\/T\/nachruf-stiftung-trauert-um-prof-dr-hans-christoph-binswanger\/","title":{"rendered":"Nachruf  Stiftung trauert um Prof. Dr. Hans Christoph Binswanger"},"content":{"rendered":"<p>Die Stiftung f\u00fcr \u00d6kologie und Demokratie e.V. trauert um ihr Kuratoriumsmitglied Prof. Dr. Hans Christoph Binswanger, der am 18. Januar im Alter von 88 Jahren verstorben ist. 25 Jahre war er Mitglied des Kuratoriums der Stiftung. Am 19.6.1999 wurde er vom Stiftungsvorsitzenden Hans-Joachim Ritter im Rahmen einer Feierstunde zur Vollendung seines 70. Lebensjahres in St. Gallen erstmals mit dem Preis \u201eGoldener Baum\u201c ausgezeichnet.<\/p>\n<p>Hans Christoph Binswanger, geb. 1929 in Z\u00fcrich, lehrte von 1969 bis zu seiner Emeritierung 1994 als ordentlicher Professor f\u00fcr Volkswirtschaftslehre an der Universit\u00e4t St. Gallen. Von 1967 bis 1992 war der Direktor der Forschungsgemeinschaft f\u00fcr National\u00f6konomie, seit 1980 gesch\u00e4ftsf\u00fchrend. Von 1992 \u2013 1995 wirkte er als Direktor des neu gegr\u00fcndeten Instituts f\u00fcr Wirtschaft und \u00d6kologie. Zu seinen Arbeitsschwerpunkten z\u00e4hlten Umwelt- und Ressourcen\u00f6konomie, Geldtheorie, Europ\u00e4ische Integration und \u00f6konomische Theoriegeschichte.<\/p>\n<p>Er leitete eine mehrj\u00e4hrige Forschungsarbeit zum Thema \u201eWege aus der Wohlstandsfalle \u2013 Strategien gegen Arbeitslosigkeit und Umweltkrisen\u201c. Dies war auch der Titel eines oft zitierten Reports, der im Jahre 1978 im Fischer-Verlag erschienen ist. Binswanger ver\u00f6ffentlichte desweiteren zahlreiche B\u00fccher wie beispielsweise \u201eArbeit ohne Umweltzerst\u00f6rung\u201c (1983), \u201eGeld und Magie\u201c (1985), \u201eGeld und Natur\u201c (1998), \u201eDie Glaubensgemeinschaft der \u00d6konomen&#8220; (1998) und \u201eDie Wachstumsspirale\u201c (2006).<\/p>\n<p>Prof. Binswanger war der erste Wissenschaftler, der Wege entwickelte, wie man mit steuerpolitischen Ma\u00dfnahmen die Umwelt sch\u00fctzen und gleichzeitig die Lohnnebenkosten senken kann. Er erfand die \u201e\u00d6kologische Steuerreform\u201c, mit der die Lohnnebenkosten entlastet und nach dem Verursacherprinzip der Energieverbrauch h\u00f6her besteuert werden sollte.<\/p>\n<p>Im politischen Raum hatte die \u00d6DP unter ihrem damaligen Bundesvorsitzenden Dr. Herbert Gruhl die \u00d6ko-Steuer-Idee erstmals in die Programmatik einer politischen Partei in Deutschland aufgenommen. Zahlreiche Institute und Umweltverb\u00e4nde wie der BUND nahmen diese Idee auf bis sie schlie\u00dflich teilweise von der rot-gr\u00fcnen Bundesregierung umgesetzt wurde.<\/p>\n<p>Sein Tod hinterl\u00e4sst eine gro\u00dfe L\u00fccke. Wir trauen um ihn und werden das Andenken an seine gro\u00dfartige Lebensleistung stets mit gro\u00dfem Respekt und in Dankbarkeit bewahren.<\/p>\n","protected":false},"excerpt":{"rendered":"<p>Die Stiftung f\u00fcr \u00d6kologie und Demokratie e.V. trauert um ihr Kuratoriumsmitglied Prof. Dr. Hans Christoph Binswanger, der am 18. Januar im Alter von 88 Jahren verstorben ist. 25 Jahre war er Mitglied des Kuratoriums der Stiftung. Am 19.6.1999 wurde er vom Stiftungsvorsitzenden Hans-Joachim Ritter im Rahmen einer Feierstunde zur Vollendung seines 70. Lebensjahres in St.&hellip;<\/p>\n","protected":false},"author":1,"featured_media":0,"comment_status":"closed","ping_status":"open","sticky":false,"template":"","format":"standard","meta":[],"categories":[3],"tags":[],"class_list":["post-958","post","type-post","status-publish","format-standard","hentry","category-aktuell","category-3","description-off"],"yoast_head":"<!-- This site is optimized with the Yoast SEO plugin v25.9 - https:\/\/yoast.com\/wordpress\/plugins\/seo\/ -->\n<title>Nachruf Stiftung trauert um Prof. Dr. Hans Christoph Binswanger - Stiftung f\u00fcr \u00d6kologie und Demokratie e.V.<\/title>\n<meta name=\"description\" content=\"Die Stiftung f\u00fcr \u00d6kologie und Demokratie ist eine gemeinn\u00fctzige Organisation, ein auf Bundesebene von der Bundeszentrale f\u00fcr politische Bildung (BpB) anerkannter Tr\u00e4ger der politischen Bildung, der sich vor allem f\u00fcr Umwelt und die politische \u00d6kologie einsetzt.\" \/>\n<meta name=\"robots\" content=\"index, follow, max-snippet:-1, max-image-preview:large, max-video-preview:-1\" \/>\n<link rel=\"canonical\" href=\"https:\/\/www.stiftung-oekologie-u-demokratie.de\/T\/nachruf-stiftung-trauert-um-prof-dr-hans-christoph-binswanger\/\" \/>\n<meta property=\"og:locale\" content=\"de_DE\" \/>\n<meta property=\"og:type\" content=\"article\" \/>\n<meta property=\"og:title\" content=\"Nachruf Stiftung trauert um Prof. Dr. Hans Christoph Binswanger - Stiftung f\u00fcr \u00d6kologie und Demokratie e.V.\" \/>\n<meta property=\"og:description\" content=\"Die Stiftung f\u00fcr \u00d6kologie und Demokratie ist eine gemeinn\u00fctzige Organisation, ein auf Bundesebene von der Bundeszentrale f\u00fcr politische Bildung (BpB) anerkannter Tr\u00e4ger der politischen Bildung, der sich vor allem f\u00fcr Umwelt und die politische \u00d6kologie einsetzt.\" \/>\n<meta property=\"og:url\" content=\"https:\/\/www.stiftung-oekologie-u-demokratie.de\/T\/nachruf-stiftung-trauert-um-prof-dr-hans-christoph-binswanger\/\" \/>\n<meta property=\"og:site_name\" content=\"Stiftung f\u00fcr \u00d6kologie und Demokratie e.V.\" \/>\n<meta property=\"article:published_time\" content=\"2018-01-23T21:51:14+00:00\" \/>\n<meta property=\"article:modified_time\" content=\"2018-01-25T20:55:43+00:00\" \/>\n<meta name=\"author\" content=\"admin\" \/>\n<meta name=\"twitter:card\" content=\"summary_large_image\" \/>\n<meta name=\"twitter:label1\" content=\"Verfasst von\" \/>\n\t<meta name=\"twitter:data1\" content=\"admin\" \/>\n\t<meta name=\"twitter:label2\" content=\"Gesch\u00e4tzte Lesezeit\" \/>\n\t<meta name=\"twitter:data2\" content=\"2\u00a0Minuten\" \/>\n<script type=\"application\/ld+json\" class=\"yoast-schema-graph\">{\"@context\":\"https:\/\/schema.org\",\"@graph\":[{\"@type\":\"WebPage\",\"@id\":\"https:\/\/www.stiftung-oekologie-u-demokratie.de\/T\/nachruf-stiftung-trauert-um-prof-dr-hans-christoph-binswanger\/\",\"url\":\"https:\/\/www.stiftung-oekologie-u-demokratie.de\/T\/nachruf-stiftung-trauert-um-prof-dr-hans-christoph-binswanger\/\",\"name\":\"Nachruf Stiftung trauert um Prof. Dr. Hans Christoph Binswanger - Stiftung f\u00fcr \u00d6kologie und Demokratie e.V.\",\"isPartOf\":{\"@id\":\"https:\/\/www.stiftung-oekologie-u-demokratie.de\/T\/#website\"},\"datePublished\":\"2018-01-23T21:51:14+00:00\",\"dateModified\":\"2018-01-25T20:55:43+00:00\",\"author\":{\"@id\":\"https:\/\/www.stiftung-oekologie-u-demokratie.de\/T\/#\/schema\/person\/d256d4d56b82b746a9ccff0c5bf259e3\"},\"description\":\"Die Stiftung f\u00fcr \u00d6kologie und Demokratie ist eine gemeinn\u00fctzige Organisation, ein auf Bundesebene von der Bundeszentrale f\u00fcr politische Bildung (BpB) anerkannter Tr\u00e4ger der politischen Bildung, der sich vor allem f\u00fcr Umwelt und die politische \u00d6kologie einsetzt.\",\"breadcrumb\":{\"@id\":\"https:\/\/www.stiftung-oekologie-u-demokratie.de\/T\/nachruf-stiftung-trauert-um-prof-dr-hans-christoph-binswanger\/#breadcrumb\"},\"inLanguage\":\"de\",\"potentialAction\":[{\"@type\":\"ReadAction\",\"target\":[\"https:\/\/www.stiftung-oekologie-u-demokratie.de\/T\/nachruf-stiftung-trauert-um-prof-dr-hans-christoph-binswanger\/\"]}]},{\"@type\":\"BreadcrumbList\",\"@id\":\"https:\/\/www.stiftung-oekologie-u-demokratie.de\/T\/nachruf-stiftung-trauert-um-prof-dr-hans-christoph-binswanger\/#breadcrumb\",\"itemListElement\":[{\"@type\":\"ListItem\",\"position\":1,\"name\":\"Home\",\"item\":\"https:\/\/www.stiftung-oekologie-u-demokratie.de\/T\/\"},{\"@type\":\"ListItem\",\"position\":2,\"name\":\"Nachruf Stiftung trauert um Prof. Dr. Hans Christoph Binswanger\"}]},{\"@type\":\"WebSite\",\"@id\":\"https:\/\/www.stiftung-oekologie-u-demokratie.de\/T\/#website\",\"url\":\"https:\/\/www.stiftung-oekologie-u-demokratie.de\/T\/\",\"name\":\"Stiftung f\u00fcr \u00d6kologie und Demokratie e.V.\",\"description\":\"Stiftung f\u00fcr \u00d6kologie und Demokratie e.V.\",\"potentialAction\":[{\"@type\":\"SearchAction\",\"target\":{\"@type\":\"EntryPoint\",\"urlTemplate\":\"https:\/\/www.stiftung-oekologie-u-demokratie.de\/T\/?s={search_term_string}\"},\"query-input\":{\"@type\":\"PropertyValueSpecification\",\"valueRequired\":true,\"valueName\":\"search_term_string\"}}],\"inLanguage\":\"de\"},{\"@type\":\"Person\",\"@id\":\"https:\/\/www.stiftung-oekologie-u-demokratie.de\/T\/#\/schema\/person\/d256d4d56b82b746a9ccff0c5bf259e3\",\"name\":\"admin\",\"url\":\"https:\/\/www.stiftung-oekologie-u-demokratie.de\/T\/author\/admin\/\"}]}<\/script>\n<!-- \/ Yoast SEO plugin. -->","yoast_head_json":{"title":"Nachruf Stiftung trauert um Prof. Dr. Hans Christoph Binswanger - Stiftung f\u00fcr \u00d6kologie und Demokratie e.V.","description":"Die Stiftung f\u00fcr \u00d6kologie und Demokratie ist eine gemeinn\u00fctzige Organisation, ein auf Bundesebene von der Bundeszentrale f\u00fcr politische Bildung (BpB) anerkannter Tr\u00e4ger der politischen Bildung, der sich vor allem f\u00fcr Umwelt und die politische \u00d6kologie einsetzt.","robots":{"index":"index","follow":"follow","max-snippet":"max-snippet:-1","max-image-preview":"max-image-preview:large","max-video-preview":"max-video-preview:-1"},"canonical":"https:\/\/www.stiftung-oekologie-u-demokratie.de\/T\/nachruf-stiftung-trauert-um-prof-dr-hans-christoph-binswanger\/","og_locale":"de_DE","og_type":"article","og_title":"Nachruf Stiftung trauert um Prof. Dr. Hans Christoph Binswanger - Stiftung f\u00fcr \u00d6kologie und Demokratie e.V.","og_description":"Die Stiftung f\u00fcr \u00d6kologie und Demokratie ist eine gemeinn\u00fctzige Organisation, ein auf Bundesebene von der Bundeszentrale f\u00fcr politische Bildung (BpB) anerkannter Tr\u00e4ger der politischen Bildung, der sich vor allem f\u00fcr Umwelt und die politische \u00d6kologie einsetzt.","og_url":"https:\/\/www.stiftung-oekologie-u-demokratie.de\/T\/nachruf-stiftung-trauert-um-prof-dr-hans-christoph-binswanger\/","og_site_name":"Stiftung f\u00fcr \u00d6kologie und Demokratie e.V.","article_published_time":"2018-01-23T21:51:14+00:00","article_modified_time":"2018-01-25T20:55:43+00:00","author":"admin","twitter_card":"summary_large_image","twitter_misc":{"Verfasst von":"admin","Gesch\u00e4tzte Lesezeit":"2\u00a0Minuten"},"schema":{"@context":"https:\/\/schema.org","@graph":[{"@type":"WebPage","@id":"https:\/\/www.stiftung-oekologie-u-demokratie.de\/T\/nachruf-stiftung-trauert-um-prof-dr-hans-christoph-binswanger\/","url":"https:\/\/www.stiftung-oekologie-u-demokratie.de\/T\/nachruf-stiftung-trauert-um-prof-dr-hans-christoph-binswanger\/","name":"Nachruf Stiftung trauert um Prof. Dr. Hans Christoph Binswanger - Stiftung f\u00fcr \u00d6kologie und Demokratie e.V.","isPartOf":{"@id":"https:\/\/www.stiftung-oekologie-u-demokratie.de\/T\/#website"},"datePublished":"2018-01-23T21:51:14+00:00","dateModified":"2018-01-25T20:55:43+00:00","author":{"@id":"https:\/\/www.stiftung-oekologie-u-demokratie.de\/T\/#\/schema\/person\/d256d4d56b82b746a9ccff0c5bf259e3"},"description":"Die Stiftung f\u00fcr \u00d6kologie und Demokratie ist eine gemeinn\u00fctzige Organisation, ein auf Bundesebene von der Bundeszentrale f\u00fcr politische Bildung (BpB) anerkannter Tr\u00e4ger der politischen Bildung, der sich vor allem f\u00fcr Umwelt und die politische \u00d6kologie einsetzt.","breadcrumb":{"@id":"https:\/\/www.stiftung-oekologie-u-demokratie.de\/T\/nachruf-stiftung-trauert-um-prof-dr-hans-christoph-binswanger\/#breadcrumb"},"inLanguage":"de","potentialAction":[{"@type":"ReadAction","target":["https:\/\/www.stiftung-oekologie-u-demokratie.de\/T\/nachruf-stiftung-trauert-um-prof-dr-hans-christoph-binswanger\/"]}]},{"@type":"BreadcrumbList","@id":"https:\/\/www.stiftung-oekologie-u-demokratie.de\/T\/nachruf-stiftung-trauert-um-prof-dr-hans-christoph-binswanger\/#breadcrumb","itemListElement":[{"@type":"ListItem","position":1,"name":"Home","item":"https:\/\/www.stiftung-oekologie-u-demokratie.de\/T\/"},{"@type":"ListItem","position":2,"name":"Nachruf Stiftung trauert um Prof. Dr. Hans Christoph Binswanger"}]},{"@type":"WebSite","@id":"https:\/\/www.stiftung-oekologie-u-demokratie.de\/T\/#website","url":"https:\/\/www.stiftung-oekologie-u-demokratie.de\/T\/","name":"Stiftung f\u00fcr \u00d6kologie und Demokratie e.V.","description":"Stiftung f\u00fcr \u00d6kologie und Demokratie e.V.","potentialAction":[{"@type":"SearchAction","target":{"@type":"EntryPoint","urlTemplate":"https:\/\/www.stiftung-oekologie-u-demokratie.de\/T\/?s={search_term_string}"},"query-input":{"@type":"PropertyValueSpecification","valueRequired":true,"valueName":"search_term_string"}}],"inLanguage":"de"},{"@type":"Person","@id":"https:\/\/www.stiftung-oekologie-u-demokratie.de\/T\/#\/schema\/person\/d256d4d56b82b746a9ccff0c5bf259e3","name":"admin","url":"https:\/\/www.stiftung-oekologie-u-demokratie.de\/T\/author\/admin\/"}]}},"_links":{"self":[{"href":"https:\/\/www.stiftung-oekologie-u-demokratie.de\/T\/wp-json\/wp\/v2\/posts\/958","targetHints":{"allow":["GET"]}}],"collection":[{"href":"https:\/\/www.stiftung-oekologie-u-demokratie.de\/T\/wp-json\/wp\/v2\/posts"}],"about":[{"href":"https:\/\/www.stiftung-oekologie-u-demokratie.de\/T\/wp-json\/wp\/v2\/types\/post"}],"author":[{"embeddable":true,"href":"https:\/\/www.stiftung-oekologie-u-demokratie.de\/T\/wp-json\/wp\/v2\/users\/1"}],"replies":[{"embeddable":true,"href":"https:\/\/www.stiftung-oekologie-u-demokratie.de\/T\/wp-json\/wp\/v2\/comments?post=958"}],"version-history":[{"count":5,"href":"https:\/\/www.stiftung-oekologie-u-demokratie.de\/T\/wp-json\/wp\/v2\/posts\/958\/revisions"}],"predecessor-version":[{"id":963,"href":"https:\/\/www.stiftung-oekologie-u-demokratie.de\/T\/wp-json\/wp\/v2\/posts\/958\/revisions\/963"}],"wp:attachment":[{"href":"https:\/\/www.stiftung-oekologie-u-demokratie.de\/T\/wp-json\/wp\/v2\/media?parent=958"}],"wp:term":[{"taxonomy":"category","embeddable":true,"href":"https:\/\/www.stiftung-oekologie-u-demokratie.de\/T\/wp-json\/wp\/v2\/categories?post=958"},{"taxonomy":"post_tag","embeddable":true,"href":"https:\/\/www.stiftung-oekologie-u-demokratie.de\/T\/wp-json\/wp\/v2\/tags?post=958"}],"curies":[{"name":"wp","href":"https:\/\/api.w.org\/{rel}","templated":true}]}}