{"id":825,"date":"2017-01-24T22:46:40","date_gmt":"2017-01-24T20:46:40","guid":{"rendered":"https:\/\/www.stiftung-oekologie-u-demokratie.de\/T\/?p=825"},"modified":"2017-01-24T22:46:40","modified_gmt":"2017-01-24T20:46:40","slug":"hoefken-zur-oekologia-2017-ernannt-motto-wild-vernetzt-raum-fuer-tiere-und-pflanzen-verbinden-und-sichern","status":"publish","type":"post","link":"https:\/\/www.stiftung-oekologie-u-demokratie.de\/T\/hoefken-zur-oekologia-2017-ernannt-motto-wild-vernetzt-raum-fuer-tiere-und-pflanzen-verbinden-und-sichern\/","title":{"rendered":"H\u00f6fken zur \u00d6kologia 2017 ernannt. Motto: Wild vernetzt \u2013 Raum f\u00fcr Tiere und Pflanzen verbinden und sichern"},"content":{"rendered":"<p>Umweltministerin Ulrike H\u00f6fken wurde am 24. Januar 2017 von der Stiftung f\u00fcr \u00d6kologie und Demokratie zur \u00d6kologia 2017 ernannt. Die Stiftung beruft j\u00e4hrlich eine Botschafterin der \u00d6kologie. Umweltministerin H\u00f6fken will in ihrem Jahr als \u00d6kologia vor allem daf\u00fcr werben, Raum f\u00fcr Wildnis und Lebensr\u00e4ume f\u00fcr heimische Tiere und Pflanzen zuzulassen und zu vernetzen. \u201eRheinland-Pfalz ist artenreich, bunt und vielf\u00e4ltig. Wir wollen ein Netzwerk f\u00fcr die biologische Vielfalt spannen. Der neue Nationalpark Hunsr\u00fcck-Hochwald geh\u00f6rt ebenso dazu wie die Sicherung der Auw\u00e4lder am Rhein, der Erhalt des Westwalls als Biotopverbund oder die Entwicklung eines grenz\u00fcberschreitenden Biotopverbundes im Biosph\u00e4renreservat Pf\u00e4lzerwald-Nordvogesen. Durch Korridore und Trittsteine sollen die Lebensr\u00e4ume f\u00fcr Tiere und Pflanzen in unserer zerschnittenen Landschaft wieder durchg\u00e4ngig werden\u201c, erkl\u00e4rte H\u00f6fken.<\/p>\n<p>Ein Beispiel dieses Netzwerks f\u00fcr die biologische Vielfalt seien auch die Naturschutzgro\u00dfprojekte \u201eHirtenwege\u201c im Pf\u00e4lzerwald und \u201eB\u00e4nder des Lebens\u201c in der Nationalparkregion, die ma\u00dfgeblich vom Bujndesamt f\u00fcr Naturschutz gef\u00f6rdert werden. \u201eDamit werden wir Wildtierwanderwege von der Mosel bis zu den Vogesen im Nachbarland Frankreich ausbauen und so die Biodiversit\u00e4t grenz\u00fcberschreitend f\u00f6rdern. Davon profitierten nicht nur Luchs und Wildkatze, die bereits zu \u201aAush\u00e4ngeschildern\u2018 der Schutzgebiete in Rheinland-Pfalz geworden sind, so H\u00f6fken.<\/p>\n<p>Ministerin H\u00f6fken \u00fcbernimmt das Amt der \u00d6kologia von Professorin Beate Jessel, Pr\u00e4sidentin des Bundesamtes f\u00fcr Naturschutz (BfN). Jessel hatte ihre Amtszeit unter das Motto \u201eNaturschutz in Deutschland \u2013 eine gesellschaftliche Aufgabe\u201c gestellt. \u201eDenn Naturzug\u00e4nge f\u00fcr alle gesellschaftlichen Gruppen zu schaffen und eine Teilhabe am Naturschutz zu erm\u00f6glichen ist auch eine Frage der Gerechtigkeit \u2013 \u00f6kologische und soziale Gerechtigkeit h\u00e4ngen letztlich eng zusammen. Dabei muss der Naturschutz k\u00fcnftig noch viel mehr \u00fcber den eigenen Tellerrand hinausblicken, gemeinsam mit Partnern wie Verb\u00e4nden und Institutionen seine F\u00fchler nach den unterschiedlichen Zielgruppen ausstrecken\u201c, sagte die BfN-Pr\u00e4sidentin.<\/p>\n<p>Daran will Ministerin H\u00f6fken in ihrer Amtszeit nahtlos ankn\u00fcpfen. So sei der Nationalpark Hunsr\u00fcck-Hochwald deutschlandweit der erste Nationalpark, der mit einem so intensiven Beteiligungsprozess und unter so gro\u00dfer Zustimmung der Bev\u00f6lkerung entstanden ist. Die konsequente Beteiligung k\u00f6nne beispielgebend auch f\u00fcr andere Naturschutz-Gro\u00dfprojekte in Deutschland sein, so H\u00f6fken<\/p>\n<p>Der Titel wird seit 2001 verliehen und geht im j\u00e4hrlichen Wechsel an Frauen mit Ausstrahlung und \u00f6kologischer Kompetenz, die sich als Botschafterin f\u00fcr die \u00d6kologie engagieren. \u201eWir freuen uns, dass im Jahr unseres 25-j\u00e4hrigen Bestehens die rheinland-pf\u00e4lzische Umweltministerin unsere Berufung zur \u00d6kologia angenommen hat\u201c, sagte der Vorsitzende der Stiftung, Hans-Joachim Ritter.<\/p>\n","protected":false},"excerpt":{"rendered":"<p>Umweltministerin Ulrike H\u00f6fken wurde am 24. Januar 2017 von der Stiftung f\u00fcr \u00d6kologie und Demokratie zur \u00d6kologia 2017 ernannt. Die Stiftung beruft j\u00e4hrlich eine Botschafterin der \u00d6kologie. Umweltministerin H\u00f6fken will in ihrem Jahr als \u00d6kologia vor allem daf\u00fcr werben, Raum f\u00fcr Wildnis und Lebensr\u00e4ume f\u00fcr heimische Tiere und Pflanzen zuzulassen und zu vernetzen. \u201eRheinland-Pfalz ist&hellip;<\/p>\n","protected":false},"author":1,"featured_media":827,"comment_status":"closed","ping_status":"open","sticky":false,"template":"","format":"standard","meta":[],"categories":[3],"tags":[],"class_list":["post-825","post","type-post","status-publish","format-standard","has-post-thumbnail","hentry","category-aktuell","category-3","description-off"],"yoast_head":"<!-- This site is optimized with the Yoast SEO plugin v25.9 - https:\/\/yoast.com\/wordpress\/plugins\/seo\/ -->\n<title>H\u00f6fken zur \u00d6kologia 2017 ernannt. Motto: Wild vernetzt \u2013 Raum f\u00fcr Tiere und Pflanzen verbinden und sichern - Stiftung f\u00fcr \u00d6kologie und Demokratie e.V.<\/title>\n<meta name=\"description\" content=\"Die Stiftung f\u00fcr \u00d6kologie und Demokratie ist eine gemeinn\u00fctzige Organisation, ein auf Bundesebene von der Bundeszentrale f\u00fcr politische Bildung (BpB) anerkannter Tr\u00e4ger der politischen Bildung, der sich vor allem f\u00fcr Umwelt und die politische \u00d6kologie einsetzt.\" \/>\n<meta name=\"robots\" content=\"index, follow, max-snippet:-1, max-image-preview:large, max-video-preview:-1\" \/>\n<link rel=\"canonical\" href=\"https:\/\/www.stiftung-oekologie-u-demokratie.de\/T\/hoefken-zur-oekologia-2017-ernannt-motto-wild-vernetzt-raum-fuer-tiere-und-pflanzen-verbinden-und-sichern\/\" \/>\n<meta property=\"og:locale\" content=\"de_DE\" \/>\n<meta property=\"og:type\" content=\"article\" \/>\n<meta property=\"og:title\" content=\"H\u00f6fken zur \u00d6kologia 2017 ernannt. Motto: Wild vernetzt \u2013 Raum f\u00fcr Tiere und Pflanzen verbinden und sichern - Stiftung f\u00fcr \u00d6kologie und Demokratie e.V.\" \/>\n<meta property=\"og:description\" content=\"Die Stiftung f\u00fcr \u00d6kologie und Demokratie ist eine gemeinn\u00fctzige Organisation, ein auf Bundesebene von der Bundeszentrale f\u00fcr politische Bildung (BpB) anerkannter Tr\u00e4ger der politischen Bildung, der sich vor allem f\u00fcr Umwelt und die politische \u00d6kologie einsetzt.\" \/>\n<meta property=\"og:url\" content=\"https:\/\/www.stiftung-oekologie-u-demokratie.de\/T\/hoefken-zur-oekologia-2017-ernannt-motto-wild-vernetzt-raum-fuer-tiere-und-pflanzen-verbinden-und-sichern\/\" \/>\n<meta property=\"og:site_name\" content=\"Stiftung f\u00fcr \u00d6kologie und Demokratie e.V.\" \/>\n<meta property=\"article:published_time\" content=\"2017-01-24T20:46:40+00:00\" \/>\n<meta property=\"og:image\" content=\"https:\/\/www.stiftung-oekologie-u-demokratie.de\/T\/wp-content\/uploads\/2017\/01\/oekologia_uebergabe2017-scaled-e1609857449903.jpg\" \/>\n\t<meta property=\"og:image:width\" content=\"2560\" \/>\n\t<meta property=\"og:image:height\" content=\"1548\" \/>\n\t<meta property=\"og:image:type\" content=\"image\/jpeg\" \/>\n<meta name=\"author\" content=\"admin\" \/>\n<meta name=\"twitter:card\" content=\"summary_large_image\" \/>\n<meta name=\"twitter:label1\" content=\"Verfasst von\" \/>\n\t<meta name=\"twitter:data1\" content=\"admin\" \/>\n\t<meta name=\"twitter:label2\" content=\"Gesch\u00e4tzte Lesezeit\" \/>\n\t<meta name=\"twitter:data2\" content=\"2\u00a0Minuten\" \/>\n<script type=\"application\/ld+json\" class=\"yoast-schema-graph\">{\"@context\":\"https:\/\/schema.org\",\"@graph\":[{\"@type\":\"WebPage\",\"@id\":\"https:\/\/www.stiftung-oekologie-u-demokratie.de\/T\/hoefken-zur-oekologia-2017-ernannt-motto-wild-vernetzt-raum-fuer-tiere-und-pflanzen-verbinden-und-sichern\/\",\"url\":\"https:\/\/www.stiftung-oekologie-u-demokratie.de\/T\/hoefken-zur-oekologia-2017-ernannt-motto-wild-vernetzt-raum-fuer-tiere-und-pflanzen-verbinden-und-sichern\/\",\"name\":\"H\u00f6fken zur \u00d6kologia 2017 ernannt. Motto: Wild vernetzt \u2013 Raum f\u00fcr Tiere und Pflanzen verbinden und sichern - Stiftung f\u00fcr \u00d6kologie und Demokratie e.V.\",\"isPartOf\":{\"@id\":\"https:\/\/www.stiftung-oekologie-u-demokratie.de\/T\/#website\"},\"primaryImageOfPage\":{\"@id\":\"https:\/\/www.stiftung-oekologie-u-demokratie.de\/T\/hoefken-zur-oekologia-2017-ernannt-motto-wild-vernetzt-raum-fuer-tiere-und-pflanzen-verbinden-und-sichern\/#primaryimage\"},\"image\":{\"@id\":\"https:\/\/www.stiftung-oekologie-u-demokratie.de\/T\/hoefken-zur-oekologia-2017-ernannt-motto-wild-vernetzt-raum-fuer-tiere-und-pflanzen-verbinden-und-sichern\/#primaryimage\"},\"thumbnailUrl\":\"https:\/\/www.stiftung-oekologie-u-demokratie.de\/T\/wp-content\/uploads\/2017\/01\/oekologia_uebergabe2017-scaled-e1609857449903.jpg\",\"datePublished\":\"2017-01-24T20:46:40+00:00\",\"author\":{\"@id\":\"https:\/\/www.stiftung-oekologie-u-demokratie.de\/T\/#\/schema\/person\/d256d4d56b82b746a9ccff0c5bf259e3\"},\"description\":\"Die Stiftung f\u00fcr \u00d6kologie und Demokratie ist eine gemeinn\u00fctzige Organisation, ein auf Bundesebene von der Bundeszentrale f\u00fcr politische Bildung (BpB) anerkannter Tr\u00e4ger der politischen Bildung, der sich vor allem f\u00fcr Umwelt und die politische \u00d6kologie einsetzt.\",\"breadcrumb\":{\"@id\":\"https:\/\/www.stiftung-oekologie-u-demokratie.de\/T\/hoefken-zur-oekologia-2017-ernannt-motto-wild-vernetzt-raum-fuer-tiere-und-pflanzen-verbinden-und-sichern\/#breadcrumb\"},\"inLanguage\":\"de\",\"potentialAction\":[{\"@type\":\"ReadAction\",\"target\":[\"https:\/\/www.stiftung-oekologie-u-demokratie.de\/T\/hoefken-zur-oekologia-2017-ernannt-motto-wild-vernetzt-raum-fuer-tiere-und-pflanzen-verbinden-und-sichern\/\"]}]},{\"@type\":\"ImageObject\",\"inLanguage\":\"de\",\"@id\":\"https:\/\/www.stiftung-oekologie-u-demokratie.de\/T\/hoefken-zur-oekologia-2017-ernannt-motto-wild-vernetzt-raum-fuer-tiere-und-pflanzen-verbinden-und-sichern\/#primaryimage\",\"url\":\"https:\/\/www.stiftung-oekologie-u-demokratie.de\/T\/wp-content\/uploads\/2017\/01\/oekologia_uebergabe2017-scaled-e1609857449903.jpg\",\"contentUrl\":\"https:\/\/www.stiftung-oekologie-u-demokratie.de\/T\/wp-content\/uploads\/2017\/01\/oekologia_uebergabe2017-scaled-e1609857449903.jpg\",\"width\":2560,\"height\":1548},{\"@type\":\"BreadcrumbList\",\"@id\":\"https:\/\/www.stiftung-oekologie-u-demokratie.de\/T\/hoefken-zur-oekologia-2017-ernannt-motto-wild-vernetzt-raum-fuer-tiere-und-pflanzen-verbinden-und-sichern\/#breadcrumb\",\"itemListElement\":[{\"@type\":\"ListItem\",\"position\":1,\"name\":\"Home\",\"item\":\"https:\/\/www.stiftung-oekologie-u-demokratie.de\/T\/\"},{\"@type\":\"ListItem\",\"position\":2,\"name\":\"H\u00f6fken zur \u00d6kologia 2017 ernannt. Motto: Wild vernetzt \u2013 Raum f\u00fcr Tiere und Pflanzen verbinden und sichern\"}]},{\"@type\":\"WebSite\",\"@id\":\"https:\/\/www.stiftung-oekologie-u-demokratie.de\/T\/#website\",\"url\":\"https:\/\/www.stiftung-oekologie-u-demokratie.de\/T\/\",\"name\":\"Stiftung f\u00fcr \u00d6kologie und Demokratie e.V.\",\"description\":\"Stiftung f\u00fcr \u00d6kologie und Demokratie e.V.\",\"potentialAction\":[{\"@type\":\"SearchAction\",\"target\":{\"@type\":\"EntryPoint\",\"urlTemplate\":\"https:\/\/www.stiftung-oekologie-u-demokratie.de\/T\/?s={search_term_string}\"},\"query-input\":{\"@type\":\"PropertyValueSpecification\",\"valueRequired\":true,\"valueName\":\"search_term_string\"}}],\"inLanguage\":\"de\"},{\"@type\":\"Person\",\"@id\":\"https:\/\/www.stiftung-oekologie-u-demokratie.de\/T\/#\/schema\/person\/d256d4d56b82b746a9ccff0c5bf259e3\",\"name\":\"admin\",\"url\":\"https:\/\/www.stiftung-oekologie-u-demokratie.de\/T\/author\/admin\/\"}]}<\/script>\n<!-- \/ Yoast SEO plugin. -->","yoast_head_json":{"title":"H\u00f6fken zur \u00d6kologia 2017 ernannt. Motto: Wild vernetzt \u2013 Raum f\u00fcr Tiere und Pflanzen verbinden und sichern - Stiftung f\u00fcr \u00d6kologie und Demokratie e.V.","description":"Die Stiftung f\u00fcr \u00d6kologie und Demokratie ist eine gemeinn\u00fctzige Organisation, ein auf Bundesebene von der Bundeszentrale f\u00fcr politische Bildung (BpB) anerkannter Tr\u00e4ger der politischen Bildung, der sich vor allem f\u00fcr Umwelt und die politische \u00d6kologie einsetzt.","robots":{"index":"index","follow":"follow","max-snippet":"max-snippet:-1","max-image-preview":"max-image-preview:large","max-video-preview":"max-video-preview:-1"},"canonical":"https:\/\/www.stiftung-oekologie-u-demokratie.de\/T\/hoefken-zur-oekologia-2017-ernannt-motto-wild-vernetzt-raum-fuer-tiere-und-pflanzen-verbinden-und-sichern\/","og_locale":"de_DE","og_type":"article","og_title":"H\u00f6fken zur \u00d6kologia 2017 ernannt. Motto: Wild vernetzt \u2013 Raum f\u00fcr Tiere und Pflanzen verbinden und sichern - Stiftung f\u00fcr \u00d6kologie und Demokratie e.V.","og_description":"Die Stiftung f\u00fcr \u00d6kologie und Demokratie ist eine gemeinn\u00fctzige Organisation, ein auf Bundesebene von der Bundeszentrale f\u00fcr politische Bildung (BpB) anerkannter Tr\u00e4ger der politischen Bildung, der sich vor allem f\u00fcr Umwelt und die politische \u00d6kologie einsetzt.","og_url":"https:\/\/www.stiftung-oekologie-u-demokratie.de\/T\/hoefken-zur-oekologia-2017-ernannt-motto-wild-vernetzt-raum-fuer-tiere-und-pflanzen-verbinden-und-sichern\/","og_site_name":"Stiftung f\u00fcr \u00d6kologie und Demokratie e.V.","article_published_time":"2017-01-24T20:46:40+00:00","og_image":[{"width":2560,"height":1548,"url":"https:\/\/www.stiftung-oekologie-u-demokratie.de\/T\/wp-content\/uploads\/2017\/01\/oekologia_uebergabe2017-scaled-e1609857449903.jpg","type":"image\/jpeg"}],"author":"admin","twitter_card":"summary_large_image","twitter_misc":{"Verfasst von":"admin","Gesch\u00e4tzte Lesezeit":"2\u00a0Minuten"},"schema":{"@context":"https:\/\/schema.org","@graph":[{"@type":"WebPage","@id":"https:\/\/www.stiftung-oekologie-u-demokratie.de\/T\/hoefken-zur-oekologia-2017-ernannt-motto-wild-vernetzt-raum-fuer-tiere-und-pflanzen-verbinden-und-sichern\/","url":"https:\/\/www.stiftung-oekologie-u-demokratie.de\/T\/hoefken-zur-oekologia-2017-ernannt-motto-wild-vernetzt-raum-fuer-tiere-und-pflanzen-verbinden-und-sichern\/","name":"H\u00f6fken zur \u00d6kologia 2017 ernannt. Motto: Wild vernetzt \u2013 Raum f\u00fcr Tiere und Pflanzen verbinden und sichern - Stiftung f\u00fcr \u00d6kologie und Demokratie e.V.","isPartOf":{"@id":"https:\/\/www.stiftung-oekologie-u-demokratie.de\/T\/#website"},"primaryImageOfPage":{"@id":"https:\/\/www.stiftung-oekologie-u-demokratie.de\/T\/hoefken-zur-oekologia-2017-ernannt-motto-wild-vernetzt-raum-fuer-tiere-und-pflanzen-verbinden-und-sichern\/#primaryimage"},"image":{"@id":"https:\/\/www.stiftung-oekologie-u-demokratie.de\/T\/hoefken-zur-oekologia-2017-ernannt-motto-wild-vernetzt-raum-fuer-tiere-und-pflanzen-verbinden-und-sichern\/#primaryimage"},"thumbnailUrl":"https:\/\/www.stiftung-oekologie-u-demokratie.de\/T\/wp-content\/uploads\/2017\/01\/oekologia_uebergabe2017-scaled-e1609857449903.jpg","datePublished":"2017-01-24T20:46:40+00:00","author":{"@id":"https:\/\/www.stiftung-oekologie-u-demokratie.de\/T\/#\/schema\/person\/d256d4d56b82b746a9ccff0c5bf259e3"},"description":"Die Stiftung f\u00fcr \u00d6kologie und Demokratie ist eine gemeinn\u00fctzige Organisation, ein auf Bundesebene von der Bundeszentrale f\u00fcr politische Bildung (BpB) anerkannter Tr\u00e4ger der politischen Bildung, der sich vor allem f\u00fcr Umwelt und die politische \u00d6kologie einsetzt.","breadcrumb":{"@id":"https:\/\/www.stiftung-oekologie-u-demokratie.de\/T\/hoefken-zur-oekologia-2017-ernannt-motto-wild-vernetzt-raum-fuer-tiere-und-pflanzen-verbinden-und-sichern\/#breadcrumb"},"inLanguage":"de","potentialAction":[{"@type":"ReadAction","target":["https:\/\/www.stiftung-oekologie-u-demokratie.de\/T\/hoefken-zur-oekologia-2017-ernannt-motto-wild-vernetzt-raum-fuer-tiere-und-pflanzen-verbinden-und-sichern\/"]}]},{"@type":"ImageObject","inLanguage":"de","@id":"https:\/\/www.stiftung-oekologie-u-demokratie.de\/T\/hoefken-zur-oekologia-2017-ernannt-motto-wild-vernetzt-raum-fuer-tiere-und-pflanzen-verbinden-und-sichern\/#primaryimage","url":"https:\/\/www.stiftung-oekologie-u-demokratie.de\/T\/wp-content\/uploads\/2017\/01\/oekologia_uebergabe2017-scaled-e1609857449903.jpg","contentUrl":"https:\/\/www.stiftung-oekologie-u-demokratie.de\/T\/wp-content\/uploads\/2017\/01\/oekologia_uebergabe2017-scaled-e1609857449903.jpg","width":2560,"height":1548},{"@type":"BreadcrumbList","@id":"https:\/\/www.stiftung-oekologie-u-demokratie.de\/T\/hoefken-zur-oekologia-2017-ernannt-motto-wild-vernetzt-raum-fuer-tiere-und-pflanzen-verbinden-und-sichern\/#breadcrumb","itemListElement":[{"@type":"ListItem","position":1,"name":"Home","item":"https:\/\/www.stiftung-oekologie-u-demokratie.de\/T\/"},{"@type":"ListItem","position":2,"name":"H\u00f6fken zur \u00d6kologia 2017 ernannt. Motto: Wild vernetzt \u2013 Raum f\u00fcr Tiere und Pflanzen verbinden und sichern"}]},{"@type":"WebSite","@id":"https:\/\/www.stiftung-oekologie-u-demokratie.de\/T\/#website","url":"https:\/\/www.stiftung-oekologie-u-demokratie.de\/T\/","name":"Stiftung f\u00fcr \u00d6kologie und Demokratie e.V.","description":"Stiftung f\u00fcr \u00d6kologie und Demokratie e.V.","potentialAction":[{"@type":"SearchAction","target":{"@type":"EntryPoint","urlTemplate":"https:\/\/www.stiftung-oekologie-u-demokratie.de\/T\/?s={search_term_string}"},"query-input":{"@type":"PropertyValueSpecification","valueRequired":true,"valueName":"search_term_string"}}],"inLanguage":"de"},{"@type":"Person","@id":"https:\/\/www.stiftung-oekologie-u-demokratie.de\/T\/#\/schema\/person\/d256d4d56b82b746a9ccff0c5bf259e3","name":"admin","url":"https:\/\/www.stiftung-oekologie-u-demokratie.de\/T\/author\/admin\/"}]}},"_links":{"self":[{"href":"https:\/\/www.stiftung-oekologie-u-demokratie.de\/T\/wp-json\/wp\/v2\/posts\/825","targetHints":{"allow":["GET"]}}],"collection":[{"href":"https:\/\/www.stiftung-oekologie-u-demokratie.de\/T\/wp-json\/wp\/v2\/posts"}],"about":[{"href":"https:\/\/www.stiftung-oekologie-u-demokratie.de\/T\/wp-json\/wp\/v2\/types\/post"}],"author":[{"embeddable":true,"href":"https:\/\/www.stiftung-oekologie-u-demokratie.de\/T\/wp-json\/wp\/v2\/users\/1"}],"replies":[{"embeddable":true,"href":"https:\/\/www.stiftung-oekologie-u-demokratie.de\/T\/wp-json\/wp\/v2\/comments?post=825"}],"version-history":[{"count":1,"href":"https:\/\/www.stiftung-oekologie-u-demokratie.de\/T\/wp-json\/wp\/v2\/posts\/825\/revisions"}],"predecessor-version":[{"id":828,"href":"https:\/\/www.stiftung-oekologie-u-demokratie.de\/T\/wp-json\/wp\/v2\/posts\/825\/revisions\/828"}],"wp:featuredmedia":[{"embeddable":true,"href":"https:\/\/www.stiftung-oekologie-u-demokratie.de\/T\/wp-json\/wp\/v2\/media\/827"}],"wp:attachment":[{"href":"https:\/\/www.stiftung-oekologie-u-demokratie.de\/T\/wp-json\/wp\/v2\/media?parent=825"}],"wp:term":[{"taxonomy":"category","embeddable":true,"href":"https:\/\/www.stiftung-oekologie-u-demokratie.de\/T\/wp-json\/wp\/v2\/categories?post=825"},{"taxonomy":"post_tag","embeddable":true,"href":"https:\/\/www.stiftung-oekologie-u-demokratie.de\/T\/wp-json\/wp\/v2\/tags?post=825"}],"curies":[{"name":"wp","href":"https:\/\/api.w.org\/{rel}","templated":true}]}}