{"id":784,"date":"2016-11-28T21:18:55","date_gmt":"2016-11-28T19:18:55","guid":{"rendered":"https:\/\/www.stiftung-oekologie-u-demokratie.de\/T\/?p=784"},"modified":"2021-01-05T20:03:13","modified_gmt":"2021-01-05T18:03:13","slug":"stiftung-fuer-oekologie-und-demokratie-zeichnet-firma-steber-mit-oekologia-preis-aus","status":"publish","type":"post","link":"https:\/\/www.stiftung-oekologie-u-demokratie.de\/T\/stiftung-fuer-oekologie-und-demokratie-zeichnet-firma-steber-mit-oekologia-preis-aus\/","title":{"rendered":"Stiftung f\u00fcr \u00d6kologie und Demokratie zeichnet Firma Steber mit \u201e\u00d6kologia\u201c-Preis aus"},"content":{"rendered":"<p>J\u00e4hrlich zeichnet die Stiftung r\u00fcr \u00d6kologie und Demokratie e.V. ein Unternehmen, das \u00f6kologisch ausgerichtet ist bzw. \u00f6kologische Produkte herstellt, mit dem \u201e\u00d6kologia\u201c-Preis aus.<\/p>\n<p>In diesem Jahr wurde am 25. November die Speyerer Firma Steber Wohnbau GmbH mit dem \u00d6kologia-Preis der Stiftung ausgezeichnet. Die beiden Gesch\u00e4ftsf\u00fchrer Christiane Brk und Anton B. Steber nahmen die Urkunde und die vom K\u00fcnstler Martin Eckrich gestaltete Skulptur aus den H\u00e4nden der \u201e\u00d6kologia\u201c \u2013 Botschafterin der \u00d6kologie 2016 \u2013 Frau Prof. Dr. Beate Jessel, Pr\u00e4sidentin des Bundesamtes f\u00fcr Naturschutz in Bonn, sowie vom Stiftungsvorsitzenden HansJoachim Ritter entgegen.<\/p>\n<p>In seiner Laudatio bezeichnete Ritter das Projekt \u201eW\u00e4rme aus Abwasser\u201c, das die Firma Steber bei ihren 5 Hafenvillen in Speyer realisiert habe, als ein besonders gelungenes energetisches Vorzeigeprojekt, zur Zeit der Umsetzung in den Jahren 2009\/2010 war es erstmalig in Deutschland. Mittlerweile gebe es Projekte in Berlin und Stuttgart. F\u00fcnf Sechstel der W\u00e4rmeenergie bei den Hafenvillen werde durch die im Abwasserkanal gewonnene W\u00e4rme gespeist und ein Sechstel durch solarthermische Anlagen.<\/p>\n","protected":false},"excerpt":{"rendered":"<p>J\u00e4hrlich zeichnet die Stiftung r\u00fcr \u00d6kologie und Demokratie e.V. ein Unternehmen, das \u00f6kologisch ausgerichtet ist bzw. \u00f6kologische Produkte herstellt, mit dem \u201e\u00d6kologia\u201c-Preis aus. In diesem Jahr wurde am 25. November die Speyerer Firma Steber Wohnbau GmbH mit dem \u00d6kologia-Preis der Stiftung ausgezeichnet. Die beiden Gesch\u00e4ftsf\u00fchrer Christiane Brk und Anton B. Steber nahmen die Urkunde und&hellip;<\/p>\n","protected":false},"author":1,"featured_media":783,"comment_status":"closed","ping_status":"open","sticky":false,"template":"","format":"standard","meta":[],"categories":[3,10,11],"tags":[],"class_list":["post-784","post","type-post","status-publish","format-standard","has-post-thumbnail","hentry","category-aktuell","category-preisverleihungen","category-preisverleihungen_oekologia","category-3","category-10","category-11","description-off"],"yoast_head":"<!-- This site is optimized with the Yoast SEO plugin v25.9 - https:\/\/yoast.com\/wordpress\/plugins\/seo\/ -->\n<title>Stiftung f\u00fcr \u00d6kologie und Demokratie zeichnet Firma Steber mit \u201e\u00d6kologia\u201c-Preis aus - Stiftung f\u00fcr \u00d6kologie und Demokratie e.V.<\/title>\n<meta name=\"description\" content=\"Die Stiftung f\u00fcr \u00d6kologie und Demokratie ist eine gemeinn\u00fctzige Organisation, ein auf Bundesebene von der Bundeszentrale f\u00fcr politische Bildung (BpB) anerkannter Tr\u00e4ger der politischen Bildung, der sich vor allem f\u00fcr Umwelt und die politische \u00d6kologie einsetzt.\" \/>\n<meta name=\"robots\" content=\"index, follow, max-snippet:-1, max-image-preview:large, max-video-preview:-1\" \/>\n<link rel=\"canonical\" href=\"https:\/\/www.stiftung-oekologie-u-demokratie.de\/T\/stiftung-fuer-oekologie-und-demokratie-zeichnet-firma-steber-mit-oekologia-preis-aus\/\" \/>\n<meta property=\"og:locale\" content=\"de_DE\" \/>\n<meta property=\"og:type\" content=\"article\" \/>\n<meta property=\"og:title\" content=\"Stiftung f\u00fcr \u00d6kologie und Demokratie zeichnet Firma Steber mit \u201e\u00d6kologia\u201c-Preis aus - Stiftung f\u00fcr \u00d6kologie und Demokratie e.V.\" \/>\n<meta property=\"og:description\" content=\"Die Stiftung f\u00fcr \u00d6kologie und Demokratie ist eine gemeinn\u00fctzige Organisation, ein auf Bundesebene von der Bundeszentrale f\u00fcr politische Bildung (BpB) anerkannter Tr\u00e4ger der politischen Bildung, der sich vor allem f\u00fcr Umwelt und die politische \u00d6kologie einsetzt.\" \/>\n<meta property=\"og:url\" content=\"https:\/\/www.stiftung-oekologie-u-demokratie.de\/T\/stiftung-fuer-oekologie-und-demokratie-zeichnet-firma-steber-mit-oekologia-preis-aus\/\" \/>\n<meta property=\"og:site_name\" content=\"Stiftung f\u00fcr \u00d6kologie und Demokratie e.V.\" \/>\n<meta property=\"article:published_time\" content=\"2016-11-28T19:18:55+00:00\" \/>\n<meta property=\"article:modified_time\" content=\"2021-01-05T18:03:13+00:00\" \/>\n<meta property=\"og:image\" content=\"https:\/\/www.stiftung-oekologie-u-demokratie.de\/T\/wp-content\/uploads\/2016\/11\/PB250087-e1609857532813.jpg\" \/>\n\t<meta property=\"og:image:width\" content=\"400\" \/>\n\t<meta property=\"og:image:height\" content=\"266\" \/>\n\t<meta property=\"og:image:type\" content=\"image\/jpeg\" \/>\n<meta name=\"author\" content=\"admin\" \/>\n<meta name=\"twitter:card\" content=\"summary_large_image\" \/>\n<meta name=\"twitter:label1\" content=\"Verfasst von\" \/>\n\t<meta name=\"twitter:data1\" content=\"admin\" \/>\n\t<meta name=\"twitter:label2\" content=\"Gesch\u00e4tzte Lesezeit\" \/>\n\t<meta name=\"twitter:data2\" content=\"1\u00a0Minute\" \/>\n<script type=\"application\/ld+json\" class=\"yoast-schema-graph\">{\"@context\":\"https:\/\/schema.org\",\"@graph\":[{\"@type\":\"WebPage\",\"@id\":\"https:\/\/www.stiftung-oekologie-u-demokratie.de\/T\/stiftung-fuer-oekologie-und-demokratie-zeichnet-firma-steber-mit-oekologia-preis-aus\/\",\"url\":\"https:\/\/www.stiftung-oekologie-u-demokratie.de\/T\/stiftung-fuer-oekologie-und-demokratie-zeichnet-firma-steber-mit-oekologia-preis-aus\/\",\"name\":\"Stiftung f\u00fcr \u00d6kologie und Demokratie zeichnet Firma Steber mit \u201e\u00d6kologia\u201c-Preis aus - Stiftung f\u00fcr \u00d6kologie und Demokratie e.V.\",\"isPartOf\":{\"@id\":\"https:\/\/www.stiftung-oekologie-u-demokratie.de\/T\/#website\"},\"primaryImageOfPage\":{\"@id\":\"https:\/\/www.stiftung-oekologie-u-demokratie.de\/T\/stiftung-fuer-oekologie-und-demokratie-zeichnet-firma-steber-mit-oekologia-preis-aus\/#primaryimage\"},\"image\":{\"@id\":\"https:\/\/www.stiftung-oekologie-u-demokratie.de\/T\/stiftung-fuer-oekologie-und-demokratie-zeichnet-firma-steber-mit-oekologia-preis-aus\/#primaryimage\"},\"thumbnailUrl\":\"https:\/\/www.stiftung-oekologie-u-demokratie.de\/T\/wp-content\/uploads\/2016\/11\/PB250087-e1609857532813.jpg\",\"datePublished\":\"2016-11-28T19:18:55+00:00\",\"dateModified\":\"2021-01-05T18:03:13+00:00\",\"author\":{\"@id\":\"https:\/\/www.stiftung-oekologie-u-demokratie.de\/T\/#\/schema\/person\/d256d4d56b82b746a9ccff0c5bf259e3\"},\"description\":\"Die Stiftung f\u00fcr \u00d6kologie und Demokratie ist eine gemeinn\u00fctzige Organisation, ein auf Bundesebene von der Bundeszentrale f\u00fcr politische Bildung (BpB) anerkannter Tr\u00e4ger der politischen Bildung, der sich vor allem f\u00fcr Umwelt und die politische \u00d6kologie einsetzt.\",\"breadcrumb\":{\"@id\":\"https:\/\/www.stiftung-oekologie-u-demokratie.de\/T\/stiftung-fuer-oekologie-und-demokratie-zeichnet-firma-steber-mit-oekologia-preis-aus\/#breadcrumb\"},\"inLanguage\":\"de\",\"potentialAction\":[{\"@type\":\"ReadAction\",\"target\":[\"https:\/\/www.stiftung-oekologie-u-demokratie.de\/T\/stiftung-fuer-oekologie-und-demokratie-zeichnet-firma-steber-mit-oekologia-preis-aus\/\"]}]},{\"@type\":\"ImageObject\",\"inLanguage\":\"de\",\"@id\":\"https:\/\/www.stiftung-oekologie-u-demokratie.de\/T\/stiftung-fuer-oekologie-und-demokratie-zeichnet-firma-steber-mit-oekologia-preis-aus\/#primaryimage\",\"url\":\"https:\/\/www.stiftung-oekologie-u-demokratie.de\/T\/wp-content\/uploads\/2016\/11\/PB250087-e1609857532813.jpg\",\"contentUrl\":\"https:\/\/www.stiftung-oekologie-u-demokratie.de\/T\/wp-content\/uploads\/2016\/11\/PB250087-e1609857532813.jpg\",\"width\":400,\"height\":266},{\"@type\":\"BreadcrumbList\",\"@id\":\"https:\/\/www.stiftung-oekologie-u-demokratie.de\/T\/stiftung-fuer-oekologie-und-demokratie-zeichnet-firma-steber-mit-oekologia-preis-aus\/#breadcrumb\",\"itemListElement\":[{\"@type\":\"ListItem\",\"position\":1,\"name\":\"Home\",\"item\":\"https:\/\/www.stiftung-oekologie-u-demokratie.de\/T\/\"},{\"@type\":\"ListItem\",\"position\":2,\"name\":\"Stiftung f\u00fcr \u00d6kologie und Demokratie zeichnet Firma Steber mit \u201e\u00d6kologia\u201c-Preis aus\"}]},{\"@type\":\"WebSite\",\"@id\":\"https:\/\/www.stiftung-oekologie-u-demokratie.de\/T\/#website\",\"url\":\"https:\/\/www.stiftung-oekologie-u-demokratie.de\/T\/\",\"name\":\"Stiftung f\u00fcr \u00d6kologie und Demokratie e.V.\",\"description\":\"Stiftung f\u00fcr \u00d6kologie und Demokratie e.V.\",\"potentialAction\":[{\"@type\":\"SearchAction\",\"target\":{\"@type\":\"EntryPoint\",\"urlTemplate\":\"https:\/\/www.stiftung-oekologie-u-demokratie.de\/T\/?s={search_term_string}\"},\"query-input\":{\"@type\":\"PropertyValueSpecification\",\"valueRequired\":true,\"valueName\":\"search_term_string\"}}],\"inLanguage\":\"de\"},{\"@type\":\"Person\",\"@id\":\"https:\/\/www.stiftung-oekologie-u-demokratie.de\/T\/#\/schema\/person\/d256d4d56b82b746a9ccff0c5bf259e3\",\"name\":\"admin\",\"url\":\"https:\/\/www.stiftung-oekologie-u-demokratie.de\/T\/author\/admin\/\"}]}<\/script>\n<!-- \/ Yoast SEO plugin. -->","yoast_head_json":{"title":"Stiftung f\u00fcr \u00d6kologie und Demokratie zeichnet Firma Steber mit \u201e\u00d6kologia\u201c-Preis aus - Stiftung f\u00fcr \u00d6kologie und Demokratie e.V.","description":"Die Stiftung f\u00fcr \u00d6kologie und Demokratie ist eine gemeinn\u00fctzige Organisation, ein auf Bundesebene von der Bundeszentrale f\u00fcr politische Bildung (BpB) anerkannter Tr\u00e4ger der politischen Bildung, der sich vor allem f\u00fcr Umwelt und die politische \u00d6kologie einsetzt.","robots":{"index":"index","follow":"follow","max-snippet":"max-snippet:-1","max-image-preview":"max-image-preview:large","max-video-preview":"max-video-preview:-1"},"canonical":"https:\/\/www.stiftung-oekologie-u-demokratie.de\/T\/stiftung-fuer-oekologie-und-demokratie-zeichnet-firma-steber-mit-oekologia-preis-aus\/","og_locale":"de_DE","og_type":"article","og_title":"Stiftung f\u00fcr \u00d6kologie und Demokratie zeichnet Firma Steber mit \u201e\u00d6kologia\u201c-Preis aus - Stiftung f\u00fcr \u00d6kologie und Demokratie e.V.","og_description":"Die Stiftung f\u00fcr \u00d6kologie und Demokratie ist eine gemeinn\u00fctzige Organisation, ein auf Bundesebene von der Bundeszentrale f\u00fcr politische Bildung (BpB) anerkannter Tr\u00e4ger der politischen Bildung, der sich vor allem f\u00fcr Umwelt und die politische \u00d6kologie einsetzt.","og_url":"https:\/\/www.stiftung-oekologie-u-demokratie.de\/T\/stiftung-fuer-oekologie-und-demokratie-zeichnet-firma-steber-mit-oekologia-preis-aus\/","og_site_name":"Stiftung f\u00fcr \u00d6kologie und Demokratie e.V.","article_published_time":"2016-11-28T19:18:55+00:00","article_modified_time":"2021-01-05T18:03:13+00:00","og_image":[{"width":400,"height":266,"url":"https:\/\/www.stiftung-oekologie-u-demokratie.de\/T\/wp-content\/uploads\/2016\/11\/PB250087-e1609857532813.jpg","type":"image\/jpeg"}],"author":"admin","twitter_card":"summary_large_image","twitter_misc":{"Verfasst von":"admin","Gesch\u00e4tzte Lesezeit":"1\u00a0Minute"},"schema":{"@context":"https:\/\/schema.org","@graph":[{"@type":"WebPage","@id":"https:\/\/www.stiftung-oekologie-u-demokratie.de\/T\/stiftung-fuer-oekologie-und-demokratie-zeichnet-firma-steber-mit-oekologia-preis-aus\/","url":"https:\/\/www.stiftung-oekologie-u-demokratie.de\/T\/stiftung-fuer-oekologie-und-demokratie-zeichnet-firma-steber-mit-oekologia-preis-aus\/","name":"Stiftung f\u00fcr \u00d6kologie und Demokratie zeichnet Firma Steber mit \u201e\u00d6kologia\u201c-Preis aus - Stiftung f\u00fcr \u00d6kologie und Demokratie e.V.","isPartOf":{"@id":"https:\/\/www.stiftung-oekologie-u-demokratie.de\/T\/#website"},"primaryImageOfPage":{"@id":"https:\/\/www.stiftung-oekologie-u-demokratie.de\/T\/stiftung-fuer-oekologie-und-demokratie-zeichnet-firma-steber-mit-oekologia-preis-aus\/#primaryimage"},"image":{"@id":"https:\/\/www.stiftung-oekologie-u-demokratie.de\/T\/stiftung-fuer-oekologie-und-demokratie-zeichnet-firma-steber-mit-oekologia-preis-aus\/#primaryimage"},"thumbnailUrl":"https:\/\/www.stiftung-oekologie-u-demokratie.de\/T\/wp-content\/uploads\/2016\/11\/PB250087-e1609857532813.jpg","datePublished":"2016-11-28T19:18:55+00:00","dateModified":"2021-01-05T18:03:13+00:00","author":{"@id":"https:\/\/www.stiftung-oekologie-u-demokratie.de\/T\/#\/schema\/person\/d256d4d56b82b746a9ccff0c5bf259e3"},"description":"Die Stiftung f\u00fcr \u00d6kologie und Demokratie ist eine gemeinn\u00fctzige Organisation, ein auf Bundesebene von der Bundeszentrale f\u00fcr politische Bildung (BpB) anerkannter Tr\u00e4ger der politischen Bildung, der sich vor allem f\u00fcr Umwelt und die politische \u00d6kologie einsetzt.","breadcrumb":{"@id":"https:\/\/www.stiftung-oekologie-u-demokratie.de\/T\/stiftung-fuer-oekologie-und-demokratie-zeichnet-firma-steber-mit-oekologia-preis-aus\/#breadcrumb"},"inLanguage":"de","potentialAction":[{"@type":"ReadAction","target":["https:\/\/www.stiftung-oekologie-u-demokratie.de\/T\/stiftung-fuer-oekologie-und-demokratie-zeichnet-firma-steber-mit-oekologia-preis-aus\/"]}]},{"@type":"ImageObject","inLanguage":"de","@id":"https:\/\/www.stiftung-oekologie-u-demokratie.de\/T\/stiftung-fuer-oekologie-und-demokratie-zeichnet-firma-steber-mit-oekologia-preis-aus\/#primaryimage","url":"https:\/\/www.stiftung-oekologie-u-demokratie.de\/T\/wp-content\/uploads\/2016\/11\/PB250087-e1609857532813.jpg","contentUrl":"https:\/\/www.stiftung-oekologie-u-demokratie.de\/T\/wp-content\/uploads\/2016\/11\/PB250087-e1609857532813.jpg","width":400,"height":266},{"@type":"BreadcrumbList","@id":"https:\/\/www.stiftung-oekologie-u-demokratie.de\/T\/stiftung-fuer-oekologie-und-demokratie-zeichnet-firma-steber-mit-oekologia-preis-aus\/#breadcrumb","itemListElement":[{"@type":"ListItem","position":1,"name":"Home","item":"https:\/\/www.stiftung-oekologie-u-demokratie.de\/T\/"},{"@type":"ListItem","position":2,"name":"Stiftung f\u00fcr \u00d6kologie und Demokratie zeichnet Firma Steber mit \u201e\u00d6kologia\u201c-Preis aus"}]},{"@type":"WebSite","@id":"https:\/\/www.stiftung-oekologie-u-demokratie.de\/T\/#website","url":"https:\/\/www.stiftung-oekologie-u-demokratie.de\/T\/","name":"Stiftung f\u00fcr \u00d6kologie und Demokratie e.V.","description":"Stiftung f\u00fcr \u00d6kologie und Demokratie e.V.","potentialAction":[{"@type":"SearchAction","target":{"@type":"EntryPoint","urlTemplate":"https:\/\/www.stiftung-oekologie-u-demokratie.de\/T\/?s={search_term_string}"},"query-input":{"@type":"PropertyValueSpecification","valueRequired":true,"valueName":"search_term_string"}}],"inLanguage":"de"},{"@type":"Person","@id":"https:\/\/www.stiftung-oekologie-u-demokratie.de\/T\/#\/schema\/person\/d256d4d56b82b746a9ccff0c5bf259e3","name":"admin","url":"https:\/\/www.stiftung-oekologie-u-demokratie.de\/T\/author\/admin\/"}]}},"_links":{"self":[{"href":"https:\/\/www.stiftung-oekologie-u-demokratie.de\/T\/wp-json\/wp\/v2\/posts\/784","targetHints":{"allow":["GET"]}}],"collection":[{"href":"https:\/\/www.stiftung-oekologie-u-demokratie.de\/T\/wp-json\/wp\/v2\/posts"}],"about":[{"href":"https:\/\/www.stiftung-oekologie-u-demokratie.de\/T\/wp-json\/wp\/v2\/types\/post"}],"author":[{"embeddable":true,"href":"https:\/\/www.stiftung-oekologie-u-demokratie.de\/T\/wp-json\/wp\/v2\/users\/1"}],"replies":[{"embeddable":true,"href":"https:\/\/www.stiftung-oekologie-u-demokratie.de\/T\/wp-json\/wp\/v2\/comments?post=784"}],"version-history":[{"count":1,"href":"https:\/\/www.stiftung-oekologie-u-demokratie.de\/T\/wp-json\/wp\/v2\/posts\/784\/revisions"}],"predecessor-version":[{"id":785,"href":"https:\/\/www.stiftung-oekologie-u-demokratie.de\/T\/wp-json\/wp\/v2\/posts\/784\/revisions\/785"}],"wp:featuredmedia":[{"embeddable":true,"href":"https:\/\/www.stiftung-oekologie-u-demokratie.de\/T\/wp-json\/wp\/v2\/media\/783"}],"wp:attachment":[{"href":"https:\/\/www.stiftung-oekologie-u-demokratie.de\/T\/wp-json\/wp\/v2\/media?parent=784"}],"wp:term":[{"taxonomy":"category","embeddable":true,"href":"https:\/\/www.stiftung-oekologie-u-demokratie.de\/T\/wp-json\/wp\/v2\/categories?post=784"},{"taxonomy":"post_tag","embeddable":true,"href":"https:\/\/www.stiftung-oekologie-u-demokratie.de\/T\/wp-json\/wp\/v2\/tags?post=784"}],"curies":[{"name":"wp","href":"https:\/\/api.w.org\/{rel}","templated":true}]}}