{"id":781,"date":"2016-10-09T23:12:02","date_gmt":"2016-10-09T21:12:02","guid":{"rendered":"https:\/\/www.stiftung-oekologie-u-demokratie.de\/T\/?p=781"},"modified":"2016-10-09T23:12:12","modified_gmt":"2016-10-09T21:12:12","slug":"die-oekologiebewegung-steht-heute-wie-in-den-anfangsjahren-vor-grossen-herausforderungen","status":"publish","type":"post","link":"https:\/\/www.stiftung-oekologie-u-demokratie.de\/T\/die-oekologiebewegung-steht-heute-wie-in-den-anfangsjahren-vor-grossen-herausforderungen\/","title":{"rendered":"\u201eDie \u00d6kologiebewegung steht heute wie in den Anfangsjahren vor gro\u00dfen Herausforderungen\u201c"},"content":{"rendered":"<div id=\"attachment_780\" style=\"width: 510px\" class=\"wp-caption aligncenter\"><a href=\"https:\/\/www.stiftung-oekologie-u-demokratie.de\/T\/wp-content\/uploads\/2016\/10\/P9240004.jpg\"><img fetchpriority=\"high\" decoding=\"async\" aria-describedby=\"caption-attachment-780\" class=\"wp-image-780 size-medium\" src=\"https:\/\/www.stiftung-oekologie-u-demokratie.de\/T\/wp-content\/uploads\/2016\/10\/P9240004-300x225.jpg\" alt=\"OLYMPUS DIGITAL CAMERA\" width=\"500\" height=\"375\" \/><\/a><p id=\"caption-attachment-780\" class=\"wp-caption-text\">Michael K\u00f6nig, stellvertr. Vorsitzender der Stiftung, Prof. Dr. Niko Paech und Stiftungsvorsitzender Hans-Joachim Ritter<\/p><\/div>\n<p>&nbsp;<\/p>\n<p>Im Rahmen einer Tagung am 23.\/24. September 2016 in der Frankenakademie Schney \/ Lichtenfels besch\u00e4ftigte sich die Stiftung f\u00fcr \u00d6kologie und Demokratie e.V. mit den Anf\u00e4ngen und Erfolgen der \u00f6kologischen Bewegung in Deutschland und vor welchen Zukunftsaufgaben sie steht.<\/p>\n<p>Tagungsleiter und Stiftungsvorsitzender Hans-Joachim Ritter konnte dazu als ersten Referenten Dr. J\u00fcrgen W\u00fcst, Autor des im Jahre 1993 erscheinen Buches \u201eKonservatismus und \u00d6kologiebewegung\u201c, willkommen hei\u00dfen. \u201eEnde der 70er Jahre war die Zeit reif f\u00fcr gr\u00fcne und \u00f6kologische Parteien\u201c, betonte der Referent. Richard Engelhardt habe in seinem Buch \u201eThe Silent Revolution\u201c die damals eingeleiteten gesellschaftlichen Ver\u00e4nderungsprozesse als stille Revolution bezeichnet. Die \u00d6kobewegung sei vor allem gepr\u00e4gt gewesen durch Hinwendung zu postmaterialistischen Werten. Dazu geh\u00f6rten auch emanzipatorische Forderungen, ausgel\u00f6st durch die 68er Bewegung, die vor allem bei den Gr\u00fcnen ihre Heimat fand. Die \u00d6DP hingegen habe aus dieser Entwicklung kein Potential sch\u00f6pfen k\u00f6nnen, was f\u00fcr den Referent ein Grund daf\u00fcr war, weshalb die Entwicklung der \u00d6DP stagnierte, w\u00e4hrend sich die Gr\u00fcnen zu einer erfolgreichen Partei entwickelt habe. Auch das Thema \u201eBev\u00f6lkerungswachstum\u201c sei ein bestimmendes Thema gewesen, f\u00fcr das Paul und Anne Ehrlich mit ihren B\u00fcchern \u201eBev\u00f6lkerungswachstum \u2013 Umweltkrise \u2013 \u00d6kologie des Menschen\u201c oder \u201eBev\u00f6lkerungsbombe\u201c (1971) eine wichtige Vorarbeit geleistet haben, worauf sich auch der erste \u00d6DP-Bundesvorsitzende Dr. Herbert Gruhl st\u00fctzte. Immer wieder tauchte vor allem gegen\u00fcber der \u00d6DP der Vorwurf auf, hier w\u00fcrde braunes und rechtes Gedankengut im gr\u00fcnen M\u00e4ntelchen pr\u00e4sentiert. Beispielsweise sei Dr. J\u00fcrgen W\u00fcst selbst Zeuge gewesen als beim 1. Jahrestag des Reaktorunfalls von Tschernobyl im April 1987 wegen des Vorwurfes des \u00d6kofaschismus ein Info-Stand der \u00d6DP in Biblis von linken Gruppen zusammengeschlagen wurde. Gest\u00fctzt auf diese pers\u00f6nliche Erfahrung hielt er den im Jahre 1989 gefa\u00dften Abgrenzungsbeschlu\u00df von den Rechtsparteien f\u00fcr erforderlich. In seinem Buch \u201eKonservatismus und \u00d6kologiebewegung\u201c kommt W\u00fcst im Jahre 1993 zu der \u00dcberzeugung, da\u00df der Einflu\u00df rechter Gruppen in der Anfangsjahren der \u00d6DP allerdings nicht \u00fcbersch\u00e4tzt werden sollte, da es meist nur Einzelpersonen gewesen seien, die dieses Gedankengut einzubringen versuchten.<\/p>\n<p>Mit seinem Vortrag zum Thema \u201eDie zentrale Pers\u00f6nlichkeit in der Gr\u00fcndungsphase des BUND, der Gr\u00fcnen, GAZ und \u00d6DP: Dr. Herbert Gruhl\u201c traf der Stiftungsvorsitzende Hans-Joachim Ritter auf gro\u00dfes Interesse der Tagungsteilnehmer. Ritter berichtete zun\u00e4chst von pers\u00f6nlichen Begegnungen mit Dr. Gruhl. Seit Ritter als rheinland-pf\u00e4lzischer Landesvorsitzender im Jahre 1984 auch zu den Bundeshauptausschu\u00dfsitzungen eingeladen wurde, kam er dem Parteivorsitzenden nahe. \u201eUns verband ein enges, loyales Vertrauensverh\u00e4ltnis\u201c bekannte Ritter. Nachdem Dr. Gruhl auf dem Bundesparteitag am 18.2.1989 in Saarbr\u00fccken sein Amt als Bundesvorsitzender aus Protest niederlegte, nachdem ein Abgrenzungspapier gegen die Rechtsparteien beschlossen wurde und der Parteitag seinem Abwahlantrag von 2 Vorstandsmitgliedern nicht folgte, die gegen Gruhl ehrverletzende Behauptungen ohne Wahrheitsgehalt verbreiteten und gegen die Dr. Gruhl eine einstweilige Verf\u00fcgung erwirkt hatte, wurde Hans-Joachim Ritter mit gro\u00dfer Mehrheit damals in Saarbr\u00fccken zum \u00d6DP-Bundesvorsitzenden gew\u00e4hlt. Gruhl unterst\u00fctzte die Partei noch bei der Europawahl 1989, bei der die \u00d6DP immerhin 0,7 % der Stimmen und damit Wahlkampfkosten erhielt. Dr. Gruhl verlies nach der Bundestagswahl am 14.12.1990 die \u00d6DP. Zuvor noch hatte Ritter bei der Staatskanzlei in Niedersachsen einen Antrag f\u00fcr das Bundesverdienstkreuz gestellt, das ihm am 7.10.1991 von der damaligen Umweltministerin von Niedersachsen, Monika Griefahn, \u00fcberreicht wurde.<\/p>\n<p>Ritter beschrieb ausf\u00fchrlich Gruhls Werdegang, seine politische Karriere bei CDU, GAZ, den Gr\u00fcnen und der \u00d6DP sowie als Gr\u00fcndungsvorsitzender des BUND (1975 \u2013 1977) und als Buchautor (\u201eEin Planet wird gepl\u00fcndert. Die Schreckensbilanz unserer Politik\u201c, 1975, \u201eDas irdische Gleichgewicht\u201c, 1982, \u201eHimmelfahrt ins Nichts\u201c, 1992, und andere). F\u00fcr Ritter war Dr. Gruhl ein bedeutender Umweltpolitiker und Philosoph, Vordenker, Querdenker und Bestseller-Autor. Wer sich mit politischer Umweltgeschichte befasse, komme an dieser Pers\u00f6nlichkeit nicht vorbei, der in vielen Punkten hinsichtlich der Gef\u00e4hrdung unseres Planeten recht behalten habe. Er habe als Buchautor und Redner wesentlich zur Entstehung der Umweltbewegung in Deutschland beigetragen. Deshalb empfahl er der \u00d6DP, sich zu ihrem prominenten Gr\u00fcnder und ersten Bundesvorsitzenden zu bekennen, auch wenn er Ende 1990 die Partei verlassen und am Ende seines Lebens eine v\u00f6llig resignierte Haltung eingenommen habe. Diese habe in seinem letzten Buch \u201eHimmelfahrt ins Nichts\u201c ihren Niederschlug gefunden. Er attestierte der Menschheit darin angesichts des ungebremsten weltweiten Bev\u00f6lkerungswachstums, unabl\u00e4ssigen Ressourcenverbrauchs und der Globalisierung aller Lebensbereiche das unabwendbare Ende.<\/p>\n<p>Prof. Dr. Niko Paech, Inhaber des Lehrstuhls f\u00fcr Produktion und Umwelt an der Carl-von-Ossietzky-Universit\u00e4t Oldenburg und Buchautor (\u201eBefreiung vom \u00dcberflu\u00df\u201c), sprach \u00fcber das Thema \u201eWeniger ist mehr \u2013 Befreiung vom \u00dcberflu\u00df\u201c, ein Motto, das vor allem Dr. Herbert Gruhl vertrat. Prof. Dr. Paech vertrat die Auffassung, da\u00df die Wachstumsfrage neu gestellt werden m\u00fcsse und forderte Experimentierfelder f\u00fcr regionales und nachhaltiges Wirtschaften. Die Nachhaltigkeitsforschung unterscheide zwischen gr\u00fcnem Wachstum und wachstumskritischen Ans\u00e4tzen. Das gr\u00fcne Wachstum werde in \u00d6ko-Effizienz und erneuerbare Kreislaufwirtschaft aufgeteilt. Prof. Dr. Paech pl\u00e4dierte f\u00fcr eine Postwachstumsgesellschaft und forderte daf\u00fcr einen kulturellen Wandel, bei dem der Einzelne nur noch eine 20-st\u00fcndige bezahlte Arbeitswoche haben werde, daf\u00fcr mehr Freizeit f\u00fcr sinnvolle, gemeinwohlorientierte T\u00e4tigkeiten. Seiner Ansicht sei die Energiewende gescheitert, da vielfach Eingriffe in Natur und Landschaft f\u00fcr Windkraftanlagen und Bioenergie gerechtfertigt werden mit der Energiewende, durch die jedoch bisher keine sp\u00fcrbare Reduzierung der CO2-Bilanz in Deutschland festgestellbar sei. Auch das Thema \u201eVerkehr\u201c sei bisher ausgeklammert worden. \u00dcber Prof. Paechs Thesen ergab es eine lebhafte Diskussion.<\/p>\n<p>Unter dem Thema \u201eWas hat sich durch die \u00f6kologische Bewegung in Deutschland ver\u00e4ndert und was ist ihr k\u00fcnftiger Auftrag?\u201c referierten Prof. em. Dr. Joachim Radkau, Historiker an der Universit\u00e4t Bielefeld und vielfacher Buchautor und die \u00d6DP-Bundesvorsitzende Gabriela Schimmer-G\u00f6resz. Prof. Dr. Radkau sieht gro\u00dfe Visionen der \u00d6ko-Bewegung in den Bereichen Naturschutz und Erneuerbare Energien sowie bei Effizienz und Suffizienz. Von Anfang an habe die \u00d6ko-Bewegung einen globalen Ansatz gehabt. Derzeit schreibe er ein Buch \u00fcber die Zukunftserwartungen der Deutschen seit 1945, das bald im Hansa-Verlag erscheinen werde.<\/p>\n<p>Die \u00d6DP-Bundesvorsitzende Schimmer-G\u00f6resz vertrat den Standpunkt, da\u00df das Klassenziel, die \u00d6kologie zur Leitidee der Gesellschaft, der \u00d6konomie und der Politik zu machen, aus heutiger Sicht weit verfehlt wurde. \u00dcber 40 Jahre sei die Pl\u00fcnderung des Planeten mit Eifer und zunehmender Geschwindigkeit fortgesetzt worden. Ein Ende sei nicht in Sicht. Es fehle an der Einsicht, dass es so etwas wie ein \u201eGenug\u201c geben m\u00fcsse.<\/p>\n<p>Auf die Frage: Was mu\u00df die \u00f6kologische Bewegung leisten? erkl\u00e4rte die \u00d6DP-Vorsitzende, da\u00df die Verhinderung von Peak Demokratie durch Beendigung postdemokratischer Zust\u00e4nde vorrangig wichtig sei durch Partizipation und Arbeit f\u00fcr eine souver\u00e4ne Demokratie. Schimmer-G\u00f6resz forderte eine Hinwendung zur Partei statt dem Engagement in Initiativen. Die Politik m\u00fcsse die Wahrheit \u00fcber den Zustand der Erde ehrlich beschreiben. Daf\u00fcr sollten die Menschen gewonnen werden, diese Wahrheiten zu akzeptieren und ihr allt\u00e4gliches Leben entsprechend zu \u00e4ndern. Die Stabilisierung der \u00f6kologischen Systeme als Voraussetzung f\u00fcr gutes Leben und Gemeinwohl sollte kommuniziert werden. Freiwillige Selbstverpflichtungen reichen nicht. Man brauche auch eine \u00f6ko-soziale Steuerreform, erg\u00e4nzt durch eine Ordnungspolitik. Es komme darauf an, eine \u201ekritische Masse\u201c von 15 \u2013 20 Prozent zu organisieren, B\u00fcndnispartner und Allianzen. Wenn eine globale, \u00f6ko-soziale Gemeinwohl-Initiative nicht gelinge, seien Konflikte und V\u00f6lker-Wanderungen von heute nur ein leises Vorspiel einer dramatischen und bestimmt nicht friedlichen neuen Epoche der Menschheitsgeschichte, erkl\u00e4rte Gabriela Schimmer-G\u00f6resz.<\/p>\n<div id=\"attachment_779\" style=\"width: 510px\" class=\"wp-caption aligncenter\"><a href=\"https:\/\/www.stiftung-oekologie-u-demokratie.de\/T\/wp-content\/uploads\/2016\/10\/P9240007.jpg\"><img decoding=\"async\" aria-describedby=\"caption-attachment-779\" class=\"wp-image-779 size-medium\" src=\"https:\/\/www.stiftung-oekologie-u-demokratie.de\/T\/wp-content\/uploads\/2016\/10\/P9240007-300x225.jpg\" alt=\"OLYMPUS DIGITAL CAMERA\" width=\"500\" height=\"375\" \/><\/a><p id=\"caption-attachment-779\" class=\"wp-caption-text\">Die Teilnehmer<\/p><\/div>\n<p>&nbsp;<\/p>\n","protected":false},"excerpt":{"rendered":"<p>&nbsp; Im Rahmen einer Tagung am 23.\/24. September 2016 in der Frankenakademie Schney \/ Lichtenfels besch\u00e4ftigte sich die Stiftung f\u00fcr \u00d6kologie und Demokratie e.V. mit den Anf\u00e4ngen und Erfolgen der \u00f6kologischen Bewegung in Deutschland und vor welchen Zukunftsaufgaben sie steht. Tagungsleiter und Stiftungsvorsitzender Hans-Joachim Ritter konnte dazu als ersten Referenten Dr. J\u00fcrgen W\u00fcst, Autor des&hellip;<\/p>\n","protected":false},"author":1,"featured_media":0,"comment_status":"closed","ping_status":"open","sticky":false,"template":"","format":"standard","meta":[],"categories":[3],"tags":[],"class_list":["post-781","post","type-post","status-publish","format-standard","hentry","category-aktuell","category-3","description-off"],"yoast_head":"<!-- This site is optimized with the Yoast SEO plugin v25.9 - https:\/\/yoast.com\/wordpress\/plugins\/seo\/ -->\n<title>\u201eDie \u00d6kologiebewegung steht heute wie in den Anfangsjahren vor gro\u00dfen Herausforderungen\u201c - Stiftung f\u00fcr \u00d6kologie und Demokratie e.V.<\/title>\n<meta name=\"description\" content=\"Die Stiftung f\u00fcr \u00d6kologie und Demokratie ist eine gemeinn\u00fctzige Organisation, ein auf Bundesebene von der Bundeszentrale f\u00fcr politische Bildung (BpB) anerkannter Tr\u00e4ger der politischen Bildung, der sich vor allem f\u00fcr Umwelt und die politische \u00d6kologie einsetzt.\" \/>\n<meta name=\"robots\" content=\"index, follow, max-snippet:-1, max-image-preview:large, max-video-preview:-1\" \/>\n<link rel=\"canonical\" href=\"https:\/\/www.stiftung-oekologie-u-demokratie.de\/T\/die-oekologiebewegung-steht-heute-wie-in-den-anfangsjahren-vor-grossen-herausforderungen\/\" \/>\n<meta property=\"og:locale\" content=\"de_DE\" \/>\n<meta property=\"og:type\" content=\"article\" \/>\n<meta property=\"og:title\" content=\"\u201eDie \u00d6kologiebewegung steht heute wie in den Anfangsjahren vor gro\u00dfen Herausforderungen\u201c - Stiftung f\u00fcr \u00d6kologie und Demokratie e.V.\" \/>\n<meta property=\"og:description\" content=\"Die Stiftung f\u00fcr \u00d6kologie und Demokratie ist eine gemeinn\u00fctzige Organisation, ein auf Bundesebene von der Bundeszentrale f\u00fcr politische Bildung (BpB) anerkannter Tr\u00e4ger der politischen Bildung, der sich vor allem f\u00fcr Umwelt und die politische \u00d6kologie einsetzt.\" \/>\n<meta property=\"og:url\" content=\"https:\/\/www.stiftung-oekologie-u-demokratie.de\/T\/die-oekologiebewegung-steht-heute-wie-in-den-anfangsjahren-vor-grossen-herausforderungen\/\" \/>\n<meta property=\"og:site_name\" content=\"Stiftung f\u00fcr \u00d6kologie und Demokratie e.V.\" \/>\n<meta property=\"article:published_time\" content=\"2016-10-09T21:12:02+00:00\" \/>\n<meta property=\"article:modified_time\" content=\"2016-10-09T21:12:12+00:00\" \/>\n<meta name=\"author\" content=\"admin\" \/>\n<meta name=\"twitter:card\" content=\"summary_large_image\" \/>\n<meta name=\"twitter:label1\" content=\"Verfasst von\" \/>\n\t<meta name=\"twitter:data1\" content=\"admin\" \/>\n\t<meta name=\"twitter:label2\" content=\"Gesch\u00e4tzte Lesezeit\" \/>\n\t<meta name=\"twitter:data2\" content=\"6\u00a0Minuten\" \/>\n<script type=\"application\/ld+json\" class=\"yoast-schema-graph\">{\"@context\":\"https:\/\/schema.org\",\"@graph\":[{\"@type\":\"WebPage\",\"@id\":\"https:\/\/www.stiftung-oekologie-u-demokratie.de\/T\/die-oekologiebewegung-steht-heute-wie-in-den-anfangsjahren-vor-grossen-herausforderungen\/\",\"url\":\"https:\/\/www.stiftung-oekologie-u-demokratie.de\/T\/die-oekologiebewegung-steht-heute-wie-in-den-anfangsjahren-vor-grossen-herausforderungen\/\",\"name\":\"\u201eDie \u00d6kologiebewegung steht heute wie in den Anfangsjahren vor gro\u00dfen Herausforderungen\u201c - Stiftung f\u00fcr \u00d6kologie und Demokratie e.V.\",\"isPartOf\":{\"@id\":\"https:\/\/www.stiftung-oekologie-u-demokratie.de\/T\/#website\"},\"primaryImageOfPage\":{\"@id\":\"https:\/\/www.stiftung-oekologie-u-demokratie.de\/T\/die-oekologiebewegung-steht-heute-wie-in-den-anfangsjahren-vor-grossen-herausforderungen\/#primaryimage\"},\"image\":{\"@id\":\"https:\/\/www.stiftung-oekologie-u-demokratie.de\/T\/die-oekologiebewegung-steht-heute-wie-in-den-anfangsjahren-vor-grossen-herausforderungen\/#primaryimage\"},\"thumbnailUrl\":\"https:\/\/www.stiftung-oekologie-u-demokratie.de\/T\/wp-content\/uploads\/2016\/10\/P9240004-300x225.jpg\",\"datePublished\":\"2016-10-09T21:12:02+00:00\",\"dateModified\":\"2016-10-09T21:12:12+00:00\",\"author\":{\"@id\":\"https:\/\/www.stiftung-oekologie-u-demokratie.de\/T\/#\/schema\/person\/d256d4d56b82b746a9ccff0c5bf259e3\"},\"description\":\"Die Stiftung f\u00fcr \u00d6kologie und Demokratie ist eine gemeinn\u00fctzige Organisation, ein auf Bundesebene von der Bundeszentrale f\u00fcr politische Bildung (BpB) anerkannter Tr\u00e4ger der politischen Bildung, der sich vor allem f\u00fcr Umwelt und die politische \u00d6kologie einsetzt.\",\"breadcrumb\":{\"@id\":\"https:\/\/www.stiftung-oekologie-u-demokratie.de\/T\/die-oekologiebewegung-steht-heute-wie-in-den-anfangsjahren-vor-grossen-herausforderungen\/#breadcrumb\"},\"inLanguage\":\"de\",\"potentialAction\":[{\"@type\":\"ReadAction\",\"target\":[\"https:\/\/www.stiftung-oekologie-u-demokratie.de\/T\/die-oekologiebewegung-steht-heute-wie-in-den-anfangsjahren-vor-grossen-herausforderungen\/\"]}]},{\"@type\":\"ImageObject\",\"inLanguage\":\"de\",\"@id\":\"https:\/\/www.stiftung-oekologie-u-demokratie.de\/T\/die-oekologiebewegung-steht-heute-wie-in-den-anfangsjahren-vor-grossen-herausforderungen\/#primaryimage\",\"url\":\"https:\/\/www.stiftung-oekologie-u-demokratie.de\/T\/wp-content\/uploads\/2016\/10\/P9240004-300x225.jpg\",\"contentUrl\":\"https:\/\/www.stiftung-oekologie-u-demokratie.de\/T\/wp-content\/uploads\/2016\/10\/P9240004-300x225.jpg\"},{\"@type\":\"BreadcrumbList\",\"@id\":\"https:\/\/www.stiftung-oekologie-u-demokratie.de\/T\/die-oekologiebewegung-steht-heute-wie-in-den-anfangsjahren-vor-grossen-herausforderungen\/#breadcrumb\",\"itemListElement\":[{\"@type\":\"ListItem\",\"position\":1,\"name\":\"Home\",\"item\":\"https:\/\/www.stiftung-oekologie-u-demokratie.de\/T\/\"},{\"@type\":\"ListItem\",\"position\":2,\"name\":\"\u201eDie \u00d6kologiebewegung steht heute wie in den Anfangsjahren vor gro\u00dfen Herausforderungen\u201c\"}]},{\"@type\":\"WebSite\",\"@id\":\"https:\/\/www.stiftung-oekologie-u-demokratie.de\/T\/#website\",\"url\":\"https:\/\/www.stiftung-oekologie-u-demokratie.de\/T\/\",\"name\":\"Stiftung f\u00fcr \u00d6kologie und Demokratie e.V.\",\"description\":\"Stiftung f\u00fcr \u00d6kologie und Demokratie e.V.\",\"potentialAction\":[{\"@type\":\"SearchAction\",\"target\":{\"@type\":\"EntryPoint\",\"urlTemplate\":\"https:\/\/www.stiftung-oekologie-u-demokratie.de\/T\/?s={search_term_string}\"},\"query-input\":{\"@type\":\"PropertyValueSpecification\",\"valueRequired\":true,\"valueName\":\"search_term_string\"}}],\"inLanguage\":\"de\"},{\"@type\":\"Person\",\"@id\":\"https:\/\/www.stiftung-oekologie-u-demokratie.de\/T\/#\/schema\/person\/d256d4d56b82b746a9ccff0c5bf259e3\",\"name\":\"admin\",\"url\":\"https:\/\/www.stiftung-oekologie-u-demokratie.de\/T\/author\/admin\/\"}]}<\/script>\n<!-- \/ Yoast SEO plugin. -->","yoast_head_json":{"title":"\u201eDie \u00d6kologiebewegung steht heute wie in den Anfangsjahren vor gro\u00dfen Herausforderungen\u201c - Stiftung f\u00fcr \u00d6kologie und Demokratie e.V.","description":"Die Stiftung f\u00fcr \u00d6kologie und Demokratie ist eine gemeinn\u00fctzige Organisation, ein auf Bundesebene von der Bundeszentrale f\u00fcr politische Bildung (BpB) anerkannter Tr\u00e4ger der politischen Bildung, der sich vor allem f\u00fcr Umwelt und die politische \u00d6kologie einsetzt.","robots":{"index":"index","follow":"follow","max-snippet":"max-snippet:-1","max-image-preview":"max-image-preview:large","max-video-preview":"max-video-preview:-1"},"canonical":"https:\/\/www.stiftung-oekologie-u-demokratie.de\/T\/die-oekologiebewegung-steht-heute-wie-in-den-anfangsjahren-vor-grossen-herausforderungen\/","og_locale":"de_DE","og_type":"article","og_title":"\u201eDie \u00d6kologiebewegung steht heute wie in den Anfangsjahren vor gro\u00dfen Herausforderungen\u201c - Stiftung f\u00fcr \u00d6kologie und Demokratie e.V.","og_description":"Die Stiftung f\u00fcr \u00d6kologie und Demokratie ist eine gemeinn\u00fctzige Organisation, ein auf Bundesebene von der Bundeszentrale f\u00fcr politische Bildung (BpB) anerkannter Tr\u00e4ger der politischen Bildung, der sich vor allem f\u00fcr Umwelt und die politische \u00d6kologie einsetzt.","og_url":"https:\/\/www.stiftung-oekologie-u-demokratie.de\/T\/die-oekologiebewegung-steht-heute-wie-in-den-anfangsjahren-vor-grossen-herausforderungen\/","og_site_name":"Stiftung f\u00fcr \u00d6kologie und Demokratie e.V.","article_published_time":"2016-10-09T21:12:02+00:00","article_modified_time":"2016-10-09T21:12:12+00:00","author":"admin","twitter_card":"summary_large_image","twitter_misc":{"Verfasst von":"admin","Gesch\u00e4tzte Lesezeit":"6\u00a0Minuten"},"schema":{"@context":"https:\/\/schema.org","@graph":[{"@type":"WebPage","@id":"https:\/\/www.stiftung-oekologie-u-demokratie.de\/T\/die-oekologiebewegung-steht-heute-wie-in-den-anfangsjahren-vor-grossen-herausforderungen\/","url":"https:\/\/www.stiftung-oekologie-u-demokratie.de\/T\/die-oekologiebewegung-steht-heute-wie-in-den-anfangsjahren-vor-grossen-herausforderungen\/","name":"\u201eDie \u00d6kologiebewegung steht heute wie in den Anfangsjahren vor gro\u00dfen Herausforderungen\u201c - Stiftung f\u00fcr \u00d6kologie und Demokratie e.V.","isPartOf":{"@id":"https:\/\/www.stiftung-oekologie-u-demokratie.de\/T\/#website"},"primaryImageOfPage":{"@id":"https:\/\/www.stiftung-oekologie-u-demokratie.de\/T\/die-oekologiebewegung-steht-heute-wie-in-den-anfangsjahren-vor-grossen-herausforderungen\/#primaryimage"},"image":{"@id":"https:\/\/www.stiftung-oekologie-u-demokratie.de\/T\/die-oekologiebewegung-steht-heute-wie-in-den-anfangsjahren-vor-grossen-herausforderungen\/#primaryimage"},"thumbnailUrl":"https:\/\/www.stiftung-oekologie-u-demokratie.de\/T\/wp-content\/uploads\/2016\/10\/P9240004-300x225.jpg","datePublished":"2016-10-09T21:12:02+00:00","dateModified":"2016-10-09T21:12:12+00:00","author":{"@id":"https:\/\/www.stiftung-oekologie-u-demokratie.de\/T\/#\/schema\/person\/d256d4d56b82b746a9ccff0c5bf259e3"},"description":"Die Stiftung f\u00fcr \u00d6kologie und Demokratie ist eine gemeinn\u00fctzige Organisation, ein auf Bundesebene von der Bundeszentrale f\u00fcr politische Bildung (BpB) anerkannter Tr\u00e4ger der politischen Bildung, der sich vor allem f\u00fcr Umwelt und die politische \u00d6kologie einsetzt.","breadcrumb":{"@id":"https:\/\/www.stiftung-oekologie-u-demokratie.de\/T\/die-oekologiebewegung-steht-heute-wie-in-den-anfangsjahren-vor-grossen-herausforderungen\/#breadcrumb"},"inLanguage":"de","potentialAction":[{"@type":"ReadAction","target":["https:\/\/www.stiftung-oekologie-u-demokratie.de\/T\/die-oekologiebewegung-steht-heute-wie-in-den-anfangsjahren-vor-grossen-herausforderungen\/"]}]},{"@type":"ImageObject","inLanguage":"de","@id":"https:\/\/www.stiftung-oekologie-u-demokratie.de\/T\/die-oekologiebewegung-steht-heute-wie-in-den-anfangsjahren-vor-grossen-herausforderungen\/#primaryimage","url":"https:\/\/www.stiftung-oekologie-u-demokratie.de\/T\/wp-content\/uploads\/2016\/10\/P9240004-300x225.jpg","contentUrl":"https:\/\/www.stiftung-oekologie-u-demokratie.de\/T\/wp-content\/uploads\/2016\/10\/P9240004-300x225.jpg"},{"@type":"BreadcrumbList","@id":"https:\/\/www.stiftung-oekologie-u-demokratie.de\/T\/die-oekologiebewegung-steht-heute-wie-in-den-anfangsjahren-vor-grossen-herausforderungen\/#breadcrumb","itemListElement":[{"@type":"ListItem","position":1,"name":"Home","item":"https:\/\/www.stiftung-oekologie-u-demokratie.de\/T\/"},{"@type":"ListItem","position":2,"name":"\u201eDie \u00d6kologiebewegung steht heute wie in den Anfangsjahren vor gro\u00dfen Herausforderungen\u201c"}]},{"@type":"WebSite","@id":"https:\/\/www.stiftung-oekologie-u-demokratie.de\/T\/#website","url":"https:\/\/www.stiftung-oekologie-u-demokratie.de\/T\/","name":"Stiftung f\u00fcr \u00d6kologie und Demokratie e.V.","description":"Stiftung f\u00fcr \u00d6kologie und Demokratie e.V.","potentialAction":[{"@type":"SearchAction","target":{"@type":"EntryPoint","urlTemplate":"https:\/\/www.stiftung-oekologie-u-demokratie.de\/T\/?s={search_term_string}"},"query-input":{"@type":"PropertyValueSpecification","valueRequired":true,"valueName":"search_term_string"}}],"inLanguage":"de"},{"@type":"Person","@id":"https:\/\/www.stiftung-oekologie-u-demokratie.de\/T\/#\/schema\/person\/d256d4d56b82b746a9ccff0c5bf259e3","name":"admin","url":"https:\/\/www.stiftung-oekologie-u-demokratie.de\/T\/author\/admin\/"}]}},"_links":{"self":[{"href":"https:\/\/www.stiftung-oekologie-u-demokratie.de\/T\/wp-json\/wp\/v2\/posts\/781","targetHints":{"allow":["GET"]}}],"collection":[{"href":"https:\/\/www.stiftung-oekologie-u-demokratie.de\/T\/wp-json\/wp\/v2\/posts"}],"about":[{"href":"https:\/\/www.stiftung-oekologie-u-demokratie.de\/T\/wp-json\/wp\/v2\/types\/post"}],"author":[{"embeddable":true,"href":"https:\/\/www.stiftung-oekologie-u-demokratie.de\/T\/wp-json\/wp\/v2\/users\/1"}],"replies":[{"embeddable":true,"href":"https:\/\/www.stiftung-oekologie-u-demokratie.de\/T\/wp-json\/wp\/v2\/comments?post=781"}],"version-history":[{"count":1,"href":"https:\/\/www.stiftung-oekologie-u-demokratie.de\/T\/wp-json\/wp\/v2\/posts\/781\/revisions"}],"predecessor-version":[{"id":782,"href":"https:\/\/www.stiftung-oekologie-u-demokratie.de\/T\/wp-json\/wp\/v2\/posts\/781\/revisions\/782"}],"wp:attachment":[{"href":"https:\/\/www.stiftung-oekologie-u-demokratie.de\/T\/wp-json\/wp\/v2\/media?parent=781"}],"wp:term":[{"taxonomy":"category","embeddable":true,"href":"https:\/\/www.stiftung-oekologie-u-demokratie.de\/T\/wp-json\/wp\/v2\/categories?post=781"},{"taxonomy":"post_tag","embeddable":true,"href":"https:\/\/www.stiftung-oekologie-u-demokratie.de\/T\/wp-json\/wp\/v2\/tags?post=781"}],"curies":[{"name":"wp","href":"https:\/\/api.w.org\/{rel}","templated":true}]}}