{"id":739,"date":"2016-06-01T23:05:35","date_gmt":"2016-06-01T21:05:35","guid":{"rendered":"https:\/\/www.stiftung-oekologie-u-demokratie.de\/T\/?p=739"},"modified":"2021-01-05T16:41:13","modified_gmt":"2021-01-05T14:41:13","slug":"das-oekologische-krankenhaus-sechs-kliniken-ausgezeichnet","status":"publish","type":"post","link":"https:\/\/www.stiftung-oekologie-u-demokratie.de\/T\/das-oekologische-krankenhaus-sechs-kliniken-ausgezeichnet\/","title":{"rendered":"\u201eDas \u00f6kologische Krankenhaus\u201c: sechs Kliniken ausgezeichnet"},"content":{"rendered":"<ul>Das Foto von der Preisverleihung zeigt alle Preistr\u00e4ger von links nach rechts: Gerhard Mentges vom Universit\u00e4tsklinikum Hamburg-Eppendorf (1. Preis in der Kategorie &#8222;gro\u00dfe Kliniken), Wolfgang Hanselmann vom Klinikum Esslingen (1. Preis in der Kategorie &#8222;kleine Kliniken&#8220;, Monika Brandt vom Universit\u00e4tsklinikum Carl Gustav Carus der Technischen Universit\u00e4t Dresden (1. Preis in der Kategorie &#8222;mittelgro\u00dfe Kliniken&#8220;), Thomas Vo\u00df, Gesch\u00e4ftsf\u00fchrer der LWL-Kliniken M\u00fcnster und Lengerich (je 2. Preis in der Kategorie &#8222;kleine Kliniken&#8220;), Stiftungsvorsitzender Hans-Joachim Ritter, Tobias Waldhausen von der LVR-Klinik Langenfeld (3. Preis in der Kategorie &#8222;kleine Kliniken&#8220;) und die BfN-Pr\u00e4sidentin und &#8222;\u00d6kologia&#8220;, Frau Prof. Dr. Beate Jessel.<\/ul>\n<p>\u25cf Bundesweiter Wettbewerb der Stiftung f\u00fcr \u00d6kologie und Demokratie e.V.<br \/>\n\u25cf Preisverleihung im Bundesamt f\u00fcr Naturschutz durch die \u00d6kologia 2016<br \/>\nBonn, 20. Mai 2016: Die Preistr\u00e4ger im bundesweiten Wettbewerb \u201eDas \u00f6kologische Krankenhaus\u201c<br \/>\nwurden am Donnerstag, 19. Mai, im Bundesamt f\u00fcr Naturschutz (BfN) in Bonn ausgezeichnet.<br \/>\nDie Stiftung f\u00fcr \u00d6kologie und Demokratie e.V. hatte ihren Wettbewerb im Februar dieses<br \/>\nJahres ausgelobt und insgesamt 2.080 Kliniken angeschrieben.<br \/>\nProf. Beate Jessel, BfN-Pr\u00e4sidentin und \u201e\u00d6kologia\u201c \u2013 Botschafterin der \u00d6kologie 2016, und Hans-<br \/>\nJoachim Ritter, der Vorsitzende der Stiftung f\u00fcr \u00d6kologie und Demokratie e.V., ehrten folgende<br \/>\nKliniken: In der Kategorie \u201egro\u00dfe Kliniken\u201c erhielt den ersten Preis das Universit\u00e4tsklinikum<br \/>\nHamburg-Eppendorf. In der Kategorie \u201emittelgro\u00dfe Kliniken\u201c ging der erste Preis an das Universit\u00e4tsklinikum<br \/>\nCarl Gustav Carus an der Technischen Universit\u00e4t Dresden und in der Kategorie<br \/>\n\u201ekleine Kliniken\u201c wurde das Klinikum Esslingen GmbH mit dem ersten Preis ausgezeichnet. Die<br \/>\ndrei ersten Preise waren jeweils mit 1.000 Euro dotiert. In der Kategorie \u201ekleine Kliniken\u201c wurden<br \/>\nau\u00dferdem noch zwei zweite Preise und ein dritter Preis verliehen. Die beiden zweiten Preise<br \/>\ngingen an die LWL-Klinik Lengerich und an die LWL-Klinik M\u00fcnster, der dritte Preis an die LVRKlinik<br \/>\nLangenfeld.<br \/>\nDer Stiftungsvorsitzende Hans-Joachim Ritter hob in seiner Laudatio hervor, dass sich alle<br \/>\nPreistr\u00e4ger in herausragender Weise in ganzheitlichem und \u00f6kologischem Sinne engagiert haben.<br \/>\nVor allem die drei ersten Preistr\u00e4ger seien insbesondere durch ihre zum Teil hohen tats\u00e4chlichen<br \/>\nEnergieeinspareffekte in den letzten drei Jahren positiv aufgefallen. Die nachgewiesenen<br \/>\nEnergieeinsparma\u00dfnahmen bei W\u00e4rme und Strom seien letztendlich auch ausschlaggebend<br \/>\ngewesen f\u00fcr die Bewertung. Als Jury hatte der vierk\u00f6pfige Stiftungsvorstand fungiert.<br \/>\nProf. Beate Jessel, als \u00d6kologia 2016 auch Schirmherrin des Wettbewerbs, sagte: \u201eNaturvertr\u00e4gliches<br \/>\nWirtschaften ist ein Aspekt, die naturvertr\u00e4gliche Gestaltung ein zweiter. Gestalten Unternehmen<br \/>\nihre Au\u00dfen- und Gr\u00fcnanlagen naturnah, hat dies positive Auswirkungen auf das<br \/>\nWohlbefinden der Mitarbeiterinnen und Mitarbeiter und im Falle einer Klinik auch auf das der<br \/>\nPatienten. Gleichzeitig tragen sie auch zum Erhalt der biologischen Vielfalt bei. Das belegen<br \/>\nzahlreiche Untersuchungen und Praxistests.\u201c<br \/>\nDie drei ersten Preistr\u00e4ger im Kurzportr\u00e4t<br \/>\nUniversit\u00e4ts-Klinikum Hamburg-Eppendorf GmbH<br \/>\nIm Leitbild des Universit\u00e4ts-Klinikums Hamburg-Eppendorf GmbH ist die Nachhaltigkeit und das Programm<br \/>\n\u201eGr\u00fcnes Universit\u00e4tsklinikum Eppendorf\u201c fest verankert. Die Mitarbeiterinnen und Mitarbeiter werden<br \/>\nkontinuierlich fortgebildet durch den Austausch mit anderen Kliniken, \u00fcber Fachzeitschriften und FachtagunBundesamt<br \/>\nf\u00fcr Naturschutz &#8211; Pressemitteilung vom 20.05.2016 &#8211; Seite 2<br \/>\ngen und durch die Mitgliedschaft in Netzwerken. Die Klinik ist nach DIN ISO 50001 zertifiziert und tr\u00e4gt das<br \/>\nQualit\u00e4tssiegel als familienfreundliches Unternehmen. Ma\u00dfnahmen in diesem Jahr sind die Mitarbeiteraktivierung<br \/>\nzur Beteiligung beim Energiesparen und weitere technische Effizienzsteigerungsma\u00dfnahmen<br \/>\n(Beleuchtung und Brauchwarmwasserbewertung).<br \/>\nDer W\u00e4rmeverbrauch von 57.974.000 Kilowattstunden (kwh) im Jahr 2013 ging auf 49.435.000 kwh im Jahr<br \/>\n2015 (= Minus von 14,7 %!) zur\u00fcck, der Stromverbrauch sank von 50.913.508 kwh im Jahr 2013 auf<br \/>\n38.204.329 kwh im Jahr 2015 (= Minus von 25 %). Ma\u00dfgebend daf\u00fcr waren der Bau und Betrieb eines<br \/>\nBlockheizkraftwerks mit Kraft-W\u00e4rme-K\u00e4lte-Koppelung, die Einf\u00fchrung der freien K\u00fchlung, der hydraulische<br \/>\nAbgleich des zentralen W\u00e4rme- und K\u00e4ltenetzes, D\u00e4mmma\u00dfnahmen sowie eine pr\u00e4zise Steuerung in<br \/>\nNutzerabstimmung \u00fcber die Geb\u00e4udeleittechnik.<br \/>\nUniversit\u00e4tsklinikum Carl Gustav Carus an der Technischen Universit\u00e4t Dresden<br \/>\nAuch dem Universit\u00e4tsklinikum Carl Gustav Carus Dresden ist der Schutz von Natur und Umwelt ein<br \/>\nwichtiges Anliegen. So gibt es einen j\u00e4hrlichen Umwelttag, ein Carus-Green-Team und Umweltbeauftragte.<br \/>\nDurch die Abschaltung der Raumlufttechnik-Anlagen in nutzungsfreien Zeiten, die Reduzierung des<br \/>\nK\u00fchlbetriebes und durch eine gleitende Temperaturanpassung bei hochsommerlichen Au\u00dfentemperaturen<br \/>\nwird der Energieverbrauch reduziert.<br \/>\nDas Klinikum nutzt zudem bedarfsgerechte Lichtsteuerung mit Pr\u00e4senzmelder, LED-Technik bei der<br \/>\nAu\u00dfenbeleuchtung und in Aufzugskabinen sowie vier Photovoltaik-Anlagen.<br \/>\nFolgende Management-Systeme wurden implementiert: \u00d6koprofit, EMAS, Energiedatenerfassungssystem.<br \/>\nIm Bereich W\u00e4rme wurden folgende Einspareffekte erzielt: 47.540.000 kwh im Jahr 2013 auf 42.475.000<br \/>\nkwh im Jahr 2015 (= Minus von 10,65 %). Im Bereich Strom stieg der Verbrauch von 41.250.000 kwh im<br \/>\nJahr 2013 allerdings auf 43.725.000 kwh im Jahr 2015 an.<br \/>\nUm den Energieverbrauch zu optimieren, setzt das Klinikum auf eine beispielhafte Mitarbeiteraktivierung und<br \/>\nBewusstseinsbildung.<br \/>\nKlinikum Esslingen GmbH<br \/>\nDas Klinikum Esslingen verzeichnet im Bereich der W\u00e4rmeenergie mit 22,9 % die prozentual h\u00f6chste<br \/>\nReduzierung (10.900.000 kwh im Jahr 2013 auf 8.400.000 kwh im Jahr 2015). Allerdings ging der<br \/>\nStromverbrauch leicht nach oben. Dieses Haus hat am Projekt \u00d6koprofit erfolgreich teilgenommen und f\u00fchrt<br \/>\ndas Energieaudit nach DIN EN 16247-1 durch. Seit 2012 betreibt das Klinikum au\u00dferdem ein Energiedatenmonitoring<br \/>\nmit stetigem Aufzeigen des aktuellen Einsparpotentials durch ein externes B\u00fcro.<\/p>\n","protected":false},"excerpt":{"rendered":"<p>Das Foto von der Preisverleihung zeigt alle Preistr\u00e4ger von links nach rechts: Gerhard Mentges vom Universit\u00e4tsklinikum Hamburg-Eppendorf (1. Preis in der Kategorie &#8222;gro\u00dfe Kliniken), Wolfgang Hanselmann vom Klinikum Esslingen (1. Preis in der Kategorie &#8222;kleine Kliniken&#8220;, Monika Brandt vom Universit\u00e4tsklinikum Carl Gustav Carus der Technischen Universit\u00e4t Dresden (1. Preis in der Kategorie &#8222;mittelgro\u00dfe Kliniken&#8220;), Thomas&hellip;<\/p>\n","protected":false},"author":1,"featured_media":743,"comment_status":"closed","ping_status":"open","sticky":false,"template":"","format":"image","meta":[],"categories":[3],"tags":[],"class_list":["post-739","post","type-post","status-publish","format-image","has-post-thumbnail","hentry","category-aktuell","post_format-post-format-image","category-3","description-off"],"yoast_head":"<!-- This site is optimized with the Yoast SEO plugin v25.9 - https:\/\/yoast.com\/wordpress\/plugins\/seo\/ -->\n<title>\u201eDas \u00f6kologische Krankenhaus\u201c: sechs Kliniken ausgezeichnet - Stiftung f\u00fcr \u00d6kologie und Demokratie e.V.<\/title>\n<meta name=\"description\" content=\"Die Stiftung f\u00fcr \u00d6kologie und Demokratie ist eine gemeinn\u00fctzige Organisation, ein auf Bundesebene von der Bundeszentrale f\u00fcr politische Bildung (BpB) anerkannter Tr\u00e4ger der politischen Bildung, der sich vor allem f\u00fcr Umwelt und die politische \u00d6kologie einsetzt.\" \/>\n<meta name=\"robots\" content=\"index, follow, max-snippet:-1, max-image-preview:large, max-video-preview:-1\" \/>\n<link rel=\"canonical\" href=\"https:\/\/www.stiftung-oekologie-u-demokratie.de\/T\/das-oekologische-krankenhaus-sechs-kliniken-ausgezeichnet\/\" \/>\n<meta property=\"og:locale\" content=\"de_DE\" \/>\n<meta property=\"og:type\" content=\"article\" \/>\n<meta property=\"og:title\" content=\"\u201eDas \u00f6kologische Krankenhaus\u201c: sechs Kliniken ausgezeichnet - Stiftung f\u00fcr \u00d6kologie und Demokratie e.V.\" \/>\n<meta property=\"og:description\" content=\"Die Stiftung f\u00fcr \u00d6kologie und Demokratie ist eine gemeinn\u00fctzige Organisation, ein auf Bundesebene von der Bundeszentrale f\u00fcr politische Bildung (BpB) anerkannter Tr\u00e4ger der politischen Bildung, der sich vor allem f\u00fcr Umwelt und die politische \u00d6kologie einsetzt.\" \/>\n<meta property=\"og:url\" content=\"https:\/\/www.stiftung-oekologie-u-demokratie.de\/T\/das-oekologische-krankenhaus-sechs-kliniken-ausgezeichnet\/\" \/>\n<meta property=\"og:site_name\" content=\"Stiftung f\u00fcr \u00d6kologie und Demokratie e.V.\" \/>\n<meta property=\"article:published_time\" content=\"2016-06-01T21:05:35+00:00\" \/>\n<meta property=\"article:modified_time\" content=\"2021-01-05T14:41:13+00:00\" \/>\n<meta property=\"og:image\" content=\"https:\/\/www.stiftung-oekologie-u-demokratie.de\/T\/wp-content\/uploads\/2016\/06\/P5194351-scaled.jpg\" \/>\n\t<meta property=\"og:image:width\" content=\"2560\" \/>\n\t<meta property=\"og:image:height\" content=\"1920\" \/>\n\t<meta property=\"og:image:type\" content=\"image\/jpeg\" \/>\n<meta name=\"author\" content=\"admin\" \/>\n<meta name=\"twitter:card\" content=\"summary_large_image\" \/>\n<meta name=\"twitter:label1\" content=\"Verfasst von\" \/>\n\t<meta name=\"twitter:data1\" content=\"admin\" \/>\n\t<meta name=\"twitter:label2\" content=\"Gesch\u00e4tzte Lesezeit\" \/>\n\t<meta name=\"twitter:data2\" content=\"4\u00a0Minuten\" \/>\n<script type=\"application\/ld+json\" class=\"yoast-schema-graph\">{\"@context\":\"https:\/\/schema.org\",\"@graph\":[{\"@type\":\"WebPage\",\"@id\":\"https:\/\/www.stiftung-oekologie-u-demokratie.de\/T\/das-oekologische-krankenhaus-sechs-kliniken-ausgezeichnet\/\",\"url\":\"https:\/\/www.stiftung-oekologie-u-demokratie.de\/T\/das-oekologische-krankenhaus-sechs-kliniken-ausgezeichnet\/\",\"name\":\"\u201eDas \u00f6kologische Krankenhaus\u201c: sechs Kliniken ausgezeichnet - Stiftung f\u00fcr \u00d6kologie und Demokratie e.V.\",\"isPartOf\":{\"@id\":\"https:\/\/www.stiftung-oekologie-u-demokratie.de\/T\/#website\"},\"primaryImageOfPage\":{\"@id\":\"https:\/\/www.stiftung-oekologie-u-demokratie.de\/T\/das-oekologische-krankenhaus-sechs-kliniken-ausgezeichnet\/#primaryimage\"},\"image\":{\"@id\":\"https:\/\/www.stiftung-oekologie-u-demokratie.de\/T\/das-oekologische-krankenhaus-sechs-kliniken-ausgezeichnet\/#primaryimage\"},\"thumbnailUrl\":\"https:\/\/www.stiftung-oekologie-u-demokratie.de\/T\/wp-content\/uploads\/2016\/06\/P5194351-scaled.jpg\",\"datePublished\":\"2016-06-01T21:05:35+00:00\",\"dateModified\":\"2021-01-05T14:41:13+00:00\",\"author\":{\"@id\":\"https:\/\/www.stiftung-oekologie-u-demokratie.de\/T\/#\/schema\/person\/d256d4d56b82b746a9ccff0c5bf259e3\"},\"description\":\"Die Stiftung f\u00fcr \u00d6kologie und Demokratie ist eine gemeinn\u00fctzige Organisation, ein auf Bundesebene von der Bundeszentrale f\u00fcr politische Bildung (BpB) anerkannter Tr\u00e4ger der politischen Bildung, der sich vor allem f\u00fcr Umwelt und die politische \u00d6kologie einsetzt.\",\"breadcrumb\":{\"@id\":\"https:\/\/www.stiftung-oekologie-u-demokratie.de\/T\/das-oekologische-krankenhaus-sechs-kliniken-ausgezeichnet\/#breadcrumb\"},\"inLanguage\":\"de\",\"potentialAction\":[{\"@type\":\"ReadAction\",\"target\":[\"https:\/\/www.stiftung-oekologie-u-demokratie.de\/T\/das-oekologische-krankenhaus-sechs-kliniken-ausgezeichnet\/\"]}]},{\"@type\":\"ImageObject\",\"inLanguage\":\"de\",\"@id\":\"https:\/\/www.stiftung-oekologie-u-demokratie.de\/T\/das-oekologische-krankenhaus-sechs-kliniken-ausgezeichnet\/#primaryimage\",\"url\":\"https:\/\/www.stiftung-oekologie-u-demokratie.de\/T\/wp-content\/uploads\/2016\/06\/P5194351-scaled.jpg\",\"contentUrl\":\"https:\/\/www.stiftung-oekologie-u-demokratie.de\/T\/wp-content\/uploads\/2016\/06\/P5194351-scaled.jpg\",\"width\":2560,\"height\":1920},{\"@type\":\"BreadcrumbList\",\"@id\":\"https:\/\/www.stiftung-oekologie-u-demokratie.de\/T\/das-oekologische-krankenhaus-sechs-kliniken-ausgezeichnet\/#breadcrumb\",\"itemListElement\":[{\"@type\":\"ListItem\",\"position\":1,\"name\":\"Home\",\"item\":\"https:\/\/www.stiftung-oekologie-u-demokratie.de\/T\/\"},{\"@type\":\"ListItem\",\"position\":2,\"name\":\"\u201eDas \u00f6kologische Krankenhaus\u201c: sechs Kliniken ausgezeichnet\"}]},{\"@type\":\"WebSite\",\"@id\":\"https:\/\/www.stiftung-oekologie-u-demokratie.de\/T\/#website\",\"url\":\"https:\/\/www.stiftung-oekologie-u-demokratie.de\/T\/\",\"name\":\"Stiftung f\u00fcr \u00d6kologie und Demokratie e.V.\",\"description\":\"Stiftung f\u00fcr \u00d6kologie und Demokratie e.V.\",\"potentialAction\":[{\"@type\":\"SearchAction\",\"target\":{\"@type\":\"EntryPoint\",\"urlTemplate\":\"https:\/\/www.stiftung-oekologie-u-demokratie.de\/T\/?s={search_term_string}\"},\"query-input\":{\"@type\":\"PropertyValueSpecification\",\"valueRequired\":true,\"valueName\":\"search_term_string\"}}],\"inLanguage\":\"de\"},{\"@type\":\"Person\",\"@id\":\"https:\/\/www.stiftung-oekologie-u-demokratie.de\/T\/#\/schema\/person\/d256d4d56b82b746a9ccff0c5bf259e3\",\"name\":\"admin\",\"url\":\"https:\/\/www.stiftung-oekologie-u-demokratie.de\/T\/author\/admin\/\"}]}<\/script>\n<!-- \/ Yoast SEO plugin. -->","yoast_head_json":{"title":"\u201eDas \u00f6kologische Krankenhaus\u201c: sechs Kliniken ausgezeichnet - Stiftung f\u00fcr \u00d6kologie und Demokratie e.V.","description":"Die Stiftung f\u00fcr \u00d6kologie und Demokratie ist eine gemeinn\u00fctzige Organisation, ein auf Bundesebene von der Bundeszentrale f\u00fcr politische Bildung (BpB) anerkannter Tr\u00e4ger der politischen Bildung, der sich vor allem f\u00fcr Umwelt und die politische \u00d6kologie einsetzt.","robots":{"index":"index","follow":"follow","max-snippet":"max-snippet:-1","max-image-preview":"max-image-preview:large","max-video-preview":"max-video-preview:-1"},"canonical":"https:\/\/www.stiftung-oekologie-u-demokratie.de\/T\/das-oekologische-krankenhaus-sechs-kliniken-ausgezeichnet\/","og_locale":"de_DE","og_type":"article","og_title":"\u201eDas \u00f6kologische Krankenhaus\u201c: sechs Kliniken ausgezeichnet - Stiftung f\u00fcr \u00d6kologie und Demokratie e.V.","og_description":"Die Stiftung f\u00fcr \u00d6kologie und Demokratie ist eine gemeinn\u00fctzige Organisation, ein auf Bundesebene von der Bundeszentrale f\u00fcr politische Bildung (BpB) anerkannter Tr\u00e4ger der politischen Bildung, der sich vor allem f\u00fcr Umwelt und die politische \u00d6kologie einsetzt.","og_url":"https:\/\/www.stiftung-oekologie-u-demokratie.de\/T\/das-oekologische-krankenhaus-sechs-kliniken-ausgezeichnet\/","og_site_name":"Stiftung f\u00fcr \u00d6kologie und Demokratie e.V.","article_published_time":"2016-06-01T21:05:35+00:00","article_modified_time":"2021-01-05T14:41:13+00:00","og_image":[{"width":2560,"height":1920,"url":"https:\/\/www.stiftung-oekologie-u-demokratie.de\/T\/wp-content\/uploads\/2016\/06\/P5194351-scaled.jpg","type":"image\/jpeg"}],"author":"admin","twitter_card":"summary_large_image","twitter_misc":{"Verfasst von":"admin","Gesch\u00e4tzte Lesezeit":"4\u00a0Minuten"},"schema":{"@context":"https:\/\/schema.org","@graph":[{"@type":"WebPage","@id":"https:\/\/www.stiftung-oekologie-u-demokratie.de\/T\/das-oekologische-krankenhaus-sechs-kliniken-ausgezeichnet\/","url":"https:\/\/www.stiftung-oekologie-u-demokratie.de\/T\/das-oekologische-krankenhaus-sechs-kliniken-ausgezeichnet\/","name":"\u201eDas \u00f6kologische Krankenhaus\u201c: sechs Kliniken ausgezeichnet - Stiftung f\u00fcr \u00d6kologie und Demokratie e.V.","isPartOf":{"@id":"https:\/\/www.stiftung-oekologie-u-demokratie.de\/T\/#website"},"primaryImageOfPage":{"@id":"https:\/\/www.stiftung-oekologie-u-demokratie.de\/T\/das-oekologische-krankenhaus-sechs-kliniken-ausgezeichnet\/#primaryimage"},"image":{"@id":"https:\/\/www.stiftung-oekologie-u-demokratie.de\/T\/das-oekologische-krankenhaus-sechs-kliniken-ausgezeichnet\/#primaryimage"},"thumbnailUrl":"https:\/\/www.stiftung-oekologie-u-demokratie.de\/T\/wp-content\/uploads\/2016\/06\/P5194351-scaled.jpg","datePublished":"2016-06-01T21:05:35+00:00","dateModified":"2021-01-05T14:41:13+00:00","author":{"@id":"https:\/\/www.stiftung-oekologie-u-demokratie.de\/T\/#\/schema\/person\/d256d4d56b82b746a9ccff0c5bf259e3"},"description":"Die Stiftung f\u00fcr \u00d6kologie und Demokratie ist eine gemeinn\u00fctzige Organisation, ein auf Bundesebene von der Bundeszentrale f\u00fcr politische Bildung (BpB) anerkannter Tr\u00e4ger der politischen Bildung, der sich vor allem f\u00fcr Umwelt und die politische \u00d6kologie einsetzt.","breadcrumb":{"@id":"https:\/\/www.stiftung-oekologie-u-demokratie.de\/T\/das-oekologische-krankenhaus-sechs-kliniken-ausgezeichnet\/#breadcrumb"},"inLanguage":"de","potentialAction":[{"@type":"ReadAction","target":["https:\/\/www.stiftung-oekologie-u-demokratie.de\/T\/das-oekologische-krankenhaus-sechs-kliniken-ausgezeichnet\/"]}]},{"@type":"ImageObject","inLanguage":"de","@id":"https:\/\/www.stiftung-oekologie-u-demokratie.de\/T\/das-oekologische-krankenhaus-sechs-kliniken-ausgezeichnet\/#primaryimage","url":"https:\/\/www.stiftung-oekologie-u-demokratie.de\/T\/wp-content\/uploads\/2016\/06\/P5194351-scaled.jpg","contentUrl":"https:\/\/www.stiftung-oekologie-u-demokratie.de\/T\/wp-content\/uploads\/2016\/06\/P5194351-scaled.jpg","width":2560,"height":1920},{"@type":"BreadcrumbList","@id":"https:\/\/www.stiftung-oekologie-u-demokratie.de\/T\/das-oekologische-krankenhaus-sechs-kliniken-ausgezeichnet\/#breadcrumb","itemListElement":[{"@type":"ListItem","position":1,"name":"Home","item":"https:\/\/www.stiftung-oekologie-u-demokratie.de\/T\/"},{"@type":"ListItem","position":2,"name":"\u201eDas \u00f6kologische Krankenhaus\u201c: sechs Kliniken ausgezeichnet"}]},{"@type":"WebSite","@id":"https:\/\/www.stiftung-oekologie-u-demokratie.de\/T\/#website","url":"https:\/\/www.stiftung-oekologie-u-demokratie.de\/T\/","name":"Stiftung f\u00fcr \u00d6kologie und Demokratie e.V.","description":"Stiftung f\u00fcr \u00d6kologie und Demokratie e.V.","potentialAction":[{"@type":"SearchAction","target":{"@type":"EntryPoint","urlTemplate":"https:\/\/www.stiftung-oekologie-u-demokratie.de\/T\/?s={search_term_string}"},"query-input":{"@type":"PropertyValueSpecification","valueRequired":true,"valueName":"search_term_string"}}],"inLanguage":"de"},{"@type":"Person","@id":"https:\/\/www.stiftung-oekologie-u-demokratie.de\/T\/#\/schema\/person\/d256d4d56b82b746a9ccff0c5bf259e3","name":"admin","url":"https:\/\/www.stiftung-oekologie-u-demokratie.de\/T\/author\/admin\/"}]}},"_links":{"self":[{"href":"https:\/\/www.stiftung-oekologie-u-demokratie.de\/T\/wp-json\/wp\/v2\/posts\/739","targetHints":{"allow":["GET"]}}],"collection":[{"href":"https:\/\/www.stiftung-oekologie-u-demokratie.de\/T\/wp-json\/wp\/v2\/posts"}],"about":[{"href":"https:\/\/www.stiftung-oekologie-u-demokratie.de\/T\/wp-json\/wp\/v2\/types\/post"}],"author":[{"embeddable":true,"href":"https:\/\/www.stiftung-oekologie-u-demokratie.de\/T\/wp-json\/wp\/v2\/users\/1"}],"replies":[{"embeddable":true,"href":"https:\/\/www.stiftung-oekologie-u-demokratie.de\/T\/wp-json\/wp\/v2\/comments?post=739"}],"version-history":[{"count":10,"href":"https:\/\/www.stiftung-oekologie-u-demokratie.de\/T\/wp-json\/wp\/v2\/posts\/739\/revisions"}],"predecessor-version":[{"id":57626,"href":"https:\/\/www.stiftung-oekologie-u-demokratie.de\/T\/wp-json\/wp\/v2\/posts\/739\/revisions\/57626"}],"wp:featuredmedia":[{"embeddable":true,"href":"https:\/\/www.stiftung-oekologie-u-demokratie.de\/T\/wp-json\/wp\/v2\/media\/743"}],"wp:attachment":[{"href":"https:\/\/www.stiftung-oekologie-u-demokratie.de\/T\/wp-json\/wp\/v2\/media?parent=739"}],"wp:term":[{"taxonomy":"category","embeddable":true,"href":"https:\/\/www.stiftung-oekologie-u-demokratie.de\/T\/wp-json\/wp\/v2\/categories?post=739"},{"taxonomy":"post_tag","embeddable":true,"href":"https:\/\/www.stiftung-oekologie-u-demokratie.de\/T\/wp-json\/wp\/v2\/tags?post=739"}],"curies":[{"name":"wp","href":"https:\/\/api.w.org\/{rel}","templated":true}]}}