{"id":721,"date":"2016-03-25T13:00:51","date_gmt":"2016-03-25T11:00:51","guid":{"rendered":"https:\/\/www.stiftung-oekologie-u-demokratie.de\/T\/?p=721"},"modified":"2017-11-01T19:40:23","modified_gmt":"2017-11-01T17:40:23","slug":"stiftung-fuer-oekologie-und-demokratie-besuchte-eu-parlament-in-bruessel","status":"publish","type":"post","link":"https:\/\/www.stiftung-oekologie-u-demokratie.de\/T\/stiftung-fuer-oekologie-und-demokratie-besuchte-eu-parlament-in-bruessel\/","title":{"rendered":"Stiftung f\u00fcr \u00d6kologie und Demokratie besuchte EU-Parlament in Br\u00fcssel"},"content":{"rendered":"<p>Die Stiftung f\u00fcr \u00d6kologie und Demokratie e.V. unternahm eine Bildungsreise mit einem modernen Fernreisebus ab R\u00fclzheim \/ Speyer zur belgischen Hauptstadt Br\u00fcssel. Zun\u00e4chst stand eine 3-st\u00fcndige Stadtrundfahrt mit Rundgang auf dem Programm. Diese begann an der Kathedrale und f\u00fchrte vorbei an der sternf\u00f6rmigen Verwaltungszentrale der EU-Kommission und dem EU-Parlamentskomplex zum Wahrzeichen Br\u00fcssels, dem 102 Meter hohen Atomium, das zur Weltausstellung 1954 von Belgien errichtet wurde. Zu Fu\u00df wurde der Rundgang in der Innenstadt fortgesetzt mit Besichtigung des Grand Place, der von reich verzierten Zunfth\u00e4usern aus der Barockzeit umgeben ist und der Galerie Royale St. Hubert, der ersten glasbedeckten Gesch\u00e4ftsgalerie Europas. Eine besondere Attraktion ist die Broncestatue des Manneken-Pis, das erstmals 1388 urkundlich erw\u00e4hnt wurde.<\/p>\n<p>Am n\u00e4chsten Tag stand ein Ausflug nach Br\u00fcgge und Gent in Flandern auf dem Programm. Besonders ansprechend empfanden die Reiseteilnehmer die Stadt Br\u00fcgge, die sich ihr mittelalterliches Stadtbild bewahrt hat. Zu den Sehensw\u00fcrdigkeiten der mittelalterlichen Hafenstadt geh\u00f6ren u.a. die Tuchhallen aus dem 13.<\/p>\n<p>Jahrhundert und der Belfried aus dem 12. Jahrhundert, das Wahrzeichen der Stadt. Der Beginenhof stammt aus dem 13. Jahrhundert, das gotische Rathaus aus dem 14. und 15. Jahrhundert. Am Nachmittag ging die Fahrt weiter zur Stadt Gent am Zusammenflu\u00df von Leie und Schelde. Diese Stadt ist zwar nicht so unber\u00fchrt erhalten geblieben wie Br\u00fcgge, daf\u00fcr aber von nie erlahmender Gesch\u00e4ftigkeit und ist eine bedeutende historische Kunst- und Gro\u00dfstadt. Die historische Innenstadt bietet ein gro\u00dfartiges Ensemble pr\u00e4chtigster Bauten sowie alter Fleisch- und Fischhallen entlang malerischer Kan\u00e4le.<\/p>\n<p>H\u00f6hepunkt der Bildungsreise war der Besuch des EU-Parlaments auf Einladung des stellvertretenden Vorsitzenden des Kuratoriums der Stiftung f\u00fcr \u00d6kologie und Demokratie e.V., Prof. Dr. Dr. Klaus Buchner MdEP (\u00d6DP). Verschiedene Gespr\u00e4che mit einem Parlamentsreferenten und dem Abgeordneten Buchner sowie die Besichtigung des Plenarsaales standen am Vormittag auf dem Programm, w\u00e4hrend am Nachmittag die Gruppe an einer Sitzung des Au\u00dfenhandelsausschusses teilnehmen konnte, bei dem die Diskussion \u00fcber das Freihandelsabkommen CETA zwischen der EU und Kanada auf der Tagesordnung stand. Ausschu\u00dfmitglieder hatten Gelegenheit, dem Generaldirektor der GD Handel, Jean-Luc Demarty, konkrete Fragen zu stellen. \u00dcber die unkritischen und teilweise sogar euphorischen Stellungnahmen der Abgeordneten von EVP, Sozialisten, Liberalen und anderen zum vorliegenden Entwurf des CETA-Vertrags waren die Reiseteilnehmer emp\u00f6rt. Doch einige Politiker wie Prof. Dr. Dr. Buchner stellten kritische Fragen. Prof. Dr. Dr. Buchner verwies beispielsweise auch auf eine aktuelle negative Stellungnahme des Richterbundes.<\/p>\n<p>Auf der R\u00fcckfahrt von Belgien stand noch ein Abstecher der Kaiserstadt Aachen auf dem Programm.<\/p>\n","protected":false},"excerpt":{"rendered":"<p>Die Stiftung f\u00fcr \u00d6kologie und Demokratie e.V. unternahm eine Bildungsreise mit einem modernen Fernreisebus ab R\u00fclzheim \/ Speyer zur belgischen Hauptstadt Br\u00fcssel. Zun\u00e4chst stand eine 3-st\u00fcndige Stadtrundfahrt mit Rundgang auf dem Programm. Diese begann an der Kathedrale und f\u00fchrte vorbei an der sternf\u00f6rmigen Verwaltungszentrale der EU-Kommission und dem EU-Parlamentskomplex zum Wahrzeichen Br\u00fcssels, dem 102 Meter&hellip;<\/p>\n","protected":false},"author":1,"featured_media":720,"comment_status":"closed","ping_status":"open","sticky":false,"template":"","format":"standard","meta":[],"categories":[3],"tags":[],"class_list":["post-721","post","type-post","status-publish","format-standard","has-post-thumbnail","hentry","category-aktuell","category-3","description-off"],"yoast_head":"<!-- This site is optimized with the Yoast SEO plugin v25.9 - https:\/\/yoast.com\/wordpress\/plugins\/seo\/ -->\n<title>Stiftung f\u00fcr \u00d6kologie und Demokratie besuchte EU-Parlament in Br\u00fcssel - Stiftung f\u00fcr \u00d6kologie und Demokratie e.V.<\/title>\n<meta name=\"description\" content=\"Die Stiftung f\u00fcr \u00d6kologie und Demokratie ist eine gemeinn\u00fctzige Organisation, ein auf Bundesebene von der Bundeszentrale f\u00fcr politische Bildung (BpB) anerkannter Tr\u00e4ger der politischen Bildung, der sich vor allem f\u00fcr Umwelt und die politische \u00d6kologie einsetzt.\" \/>\n<meta name=\"robots\" content=\"index, follow, max-snippet:-1, max-image-preview:large, max-video-preview:-1\" \/>\n<link rel=\"canonical\" href=\"https:\/\/www.stiftung-oekologie-u-demokratie.de\/T\/stiftung-fuer-oekologie-und-demokratie-besuchte-eu-parlament-in-bruessel\/\" \/>\n<meta property=\"og:locale\" content=\"de_DE\" \/>\n<meta property=\"og:type\" content=\"article\" \/>\n<meta property=\"og:title\" content=\"Stiftung f\u00fcr \u00d6kologie und Demokratie besuchte EU-Parlament in Br\u00fcssel - Stiftung f\u00fcr \u00d6kologie und Demokratie e.V.\" \/>\n<meta property=\"og:description\" content=\"Die Stiftung f\u00fcr \u00d6kologie und Demokratie ist eine gemeinn\u00fctzige Organisation, ein auf Bundesebene von der Bundeszentrale f\u00fcr politische Bildung (BpB) anerkannter Tr\u00e4ger der politischen Bildung, der sich vor allem f\u00fcr Umwelt und die politische \u00d6kologie einsetzt.\" \/>\n<meta property=\"og:url\" content=\"https:\/\/www.stiftung-oekologie-u-demokratie.de\/T\/stiftung-fuer-oekologie-und-demokratie-besuchte-eu-parlament-in-bruessel\/\" \/>\n<meta property=\"og:site_name\" content=\"Stiftung f\u00fcr \u00d6kologie und Demokratie e.V.\" \/>\n<meta property=\"article:published_time\" content=\"2016-03-25T11:00:51+00:00\" \/>\n<meta property=\"article:modified_time\" content=\"2017-11-01T17:40:23+00:00\" \/>\n<meta property=\"og:image\" content=\"https:\/\/www.stiftung-oekologie-u-demokratie.de\/T\/wp-content\/uploads\/2016\/03\/Buessel2016.jpg\" \/>\n\t<meta property=\"og:image:width\" content=\"600\" \/>\n\t<meta property=\"og:image:height\" content=\"330\" \/>\n\t<meta property=\"og:image:type\" content=\"image\/jpeg\" \/>\n<meta name=\"author\" content=\"admin\" \/>\n<meta name=\"twitter:card\" content=\"summary_large_image\" \/>\n<meta name=\"twitter:label1\" content=\"Verfasst von\" \/>\n\t<meta name=\"twitter:data1\" content=\"admin\" \/>\n\t<meta name=\"twitter:label2\" content=\"Gesch\u00e4tzte Lesezeit\" \/>\n\t<meta name=\"twitter:data2\" content=\"2\u00a0Minuten\" \/>\n<script type=\"application\/ld+json\" class=\"yoast-schema-graph\">{\"@context\":\"https:\/\/schema.org\",\"@graph\":[{\"@type\":\"WebPage\",\"@id\":\"https:\/\/www.stiftung-oekologie-u-demokratie.de\/T\/stiftung-fuer-oekologie-und-demokratie-besuchte-eu-parlament-in-bruessel\/\",\"url\":\"https:\/\/www.stiftung-oekologie-u-demokratie.de\/T\/stiftung-fuer-oekologie-und-demokratie-besuchte-eu-parlament-in-bruessel\/\",\"name\":\"Stiftung f\u00fcr \u00d6kologie und Demokratie besuchte EU-Parlament in Br\u00fcssel - Stiftung f\u00fcr \u00d6kologie und Demokratie e.V.\",\"isPartOf\":{\"@id\":\"https:\/\/www.stiftung-oekologie-u-demokratie.de\/T\/#website\"},\"primaryImageOfPage\":{\"@id\":\"https:\/\/www.stiftung-oekologie-u-demokratie.de\/T\/stiftung-fuer-oekologie-und-demokratie-besuchte-eu-parlament-in-bruessel\/#primaryimage\"},\"image\":{\"@id\":\"https:\/\/www.stiftung-oekologie-u-demokratie.de\/T\/stiftung-fuer-oekologie-und-demokratie-besuchte-eu-parlament-in-bruessel\/#primaryimage\"},\"thumbnailUrl\":\"https:\/\/www.stiftung-oekologie-u-demokratie.de\/T\/wp-content\/uploads\/2016\/03\/Buessel2016.jpg\",\"datePublished\":\"2016-03-25T11:00:51+00:00\",\"dateModified\":\"2017-11-01T17:40:23+00:00\",\"author\":{\"@id\":\"https:\/\/www.stiftung-oekologie-u-demokratie.de\/T\/#\/schema\/person\/d256d4d56b82b746a9ccff0c5bf259e3\"},\"description\":\"Die Stiftung f\u00fcr \u00d6kologie und Demokratie ist eine gemeinn\u00fctzige Organisation, ein auf Bundesebene von der Bundeszentrale f\u00fcr politische Bildung (BpB) anerkannter Tr\u00e4ger der politischen Bildung, der sich vor allem f\u00fcr Umwelt und die politische \u00d6kologie einsetzt.\",\"breadcrumb\":{\"@id\":\"https:\/\/www.stiftung-oekologie-u-demokratie.de\/T\/stiftung-fuer-oekologie-und-demokratie-besuchte-eu-parlament-in-bruessel\/#breadcrumb\"},\"inLanguage\":\"de\",\"potentialAction\":[{\"@type\":\"ReadAction\",\"target\":[\"https:\/\/www.stiftung-oekologie-u-demokratie.de\/T\/stiftung-fuer-oekologie-und-demokratie-besuchte-eu-parlament-in-bruessel\/\"]}]},{\"@type\":\"ImageObject\",\"inLanguage\":\"de\",\"@id\":\"https:\/\/www.stiftung-oekologie-u-demokratie.de\/T\/stiftung-fuer-oekologie-und-demokratie-besuchte-eu-parlament-in-bruessel\/#primaryimage\",\"url\":\"https:\/\/www.stiftung-oekologie-u-demokratie.de\/T\/wp-content\/uploads\/2016\/03\/Buessel2016.jpg\",\"contentUrl\":\"https:\/\/www.stiftung-oekologie-u-demokratie.de\/T\/wp-content\/uploads\/2016\/03\/Buessel2016.jpg\",\"width\":600,\"height\":330},{\"@type\":\"BreadcrumbList\",\"@id\":\"https:\/\/www.stiftung-oekologie-u-demokratie.de\/T\/stiftung-fuer-oekologie-und-demokratie-besuchte-eu-parlament-in-bruessel\/#breadcrumb\",\"itemListElement\":[{\"@type\":\"ListItem\",\"position\":1,\"name\":\"Home\",\"item\":\"https:\/\/www.stiftung-oekologie-u-demokratie.de\/T\/\"},{\"@type\":\"ListItem\",\"position\":2,\"name\":\"Stiftung f\u00fcr \u00d6kologie und Demokratie besuchte EU-Parlament in Br\u00fcssel\"}]},{\"@type\":\"WebSite\",\"@id\":\"https:\/\/www.stiftung-oekologie-u-demokratie.de\/T\/#website\",\"url\":\"https:\/\/www.stiftung-oekologie-u-demokratie.de\/T\/\",\"name\":\"Stiftung f\u00fcr \u00d6kologie und Demokratie e.V.\",\"description\":\"Stiftung f\u00fcr \u00d6kologie und Demokratie e.V.\",\"potentialAction\":[{\"@type\":\"SearchAction\",\"target\":{\"@type\":\"EntryPoint\",\"urlTemplate\":\"https:\/\/www.stiftung-oekologie-u-demokratie.de\/T\/?s={search_term_string}\"},\"query-input\":{\"@type\":\"PropertyValueSpecification\",\"valueRequired\":true,\"valueName\":\"search_term_string\"}}],\"inLanguage\":\"de\"},{\"@type\":\"Person\",\"@id\":\"https:\/\/www.stiftung-oekologie-u-demokratie.de\/T\/#\/schema\/person\/d256d4d56b82b746a9ccff0c5bf259e3\",\"name\":\"admin\",\"url\":\"https:\/\/www.stiftung-oekologie-u-demokratie.de\/T\/author\/admin\/\"}]}<\/script>\n<!-- \/ Yoast SEO plugin. -->","yoast_head_json":{"title":"Stiftung f\u00fcr \u00d6kologie und Demokratie besuchte EU-Parlament in Br\u00fcssel - Stiftung f\u00fcr \u00d6kologie und Demokratie e.V.","description":"Die Stiftung f\u00fcr \u00d6kologie und Demokratie ist eine gemeinn\u00fctzige Organisation, ein auf Bundesebene von der Bundeszentrale f\u00fcr politische Bildung (BpB) anerkannter Tr\u00e4ger der politischen Bildung, der sich vor allem f\u00fcr Umwelt und die politische \u00d6kologie einsetzt.","robots":{"index":"index","follow":"follow","max-snippet":"max-snippet:-1","max-image-preview":"max-image-preview:large","max-video-preview":"max-video-preview:-1"},"canonical":"https:\/\/www.stiftung-oekologie-u-demokratie.de\/T\/stiftung-fuer-oekologie-und-demokratie-besuchte-eu-parlament-in-bruessel\/","og_locale":"de_DE","og_type":"article","og_title":"Stiftung f\u00fcr \u00d6kologie und Demokratie besuchte EU-Parlament in Br\u00fcssel - Stiftung f\u00fcr \u00d6kologie und Demokratie e.V.","og_description":"Die Stiftung f\u00fcr \u00d6kologie und Demokratie ist eine gemeinn\u00fctzige Organisation, ein auf Bundesebene von der Bundeszentrale f\u00fcr politische Bildung (BpB) anerkannter Tr\u00e4ger der politischen Bildung, der sich vor allem f\u00fcr Umwelt und die politische \u00d6kologie einsetzt.","og_url":"https:\/\/www.stiftung-oekologie-u-demokratie.de\/T\/stiftung-fuer-oekologie-und-demokratie-besuchte-eu-parlament-in-bruessel\/","og_site_name":"Stiftung f\u00fcr \u00d6kologie und Demokratie e.V.","article_published_time":"2016-03-25T11:00:51+00:00","article_modified_time":"2017-11-01T17:40:23+00:00","og_image":[{"width":600,"height":330,"url":"https:\/\/www.stiftung-oekologie-u-demokratie.de\/T\/wp-content\/uploads\/2016\/03\/Buessel2016.jpg","type":"image\/jpeg"}],"author":"admin","twitter_card":"summary_large_image","twitter_misc":{"Verfasst von":"admin","Gesch\u00e4tzte Lesezeit":"2\u00a0Minuten"},"schema":{"@context":"https:\/\/schema.org","@graph":[{"@type":"WebPage","@id":"https:\/\/www.stiftung-oekologie-u-demokratie.de\/T\/stiftung-fuer-oekologie-und-demokratie-besuchte-eu-parlament-in-bruessel\/","url":"https:\/\/www.stiftung-oekologie-u-demokratie.de\/T\/stiftung-fuer-oekologie-und-demokratie-besuchte-eu-parlament-in-bruessel\/","name":"Stiftung f\u00fcr \u00d6kologie und Demokratie besuchte EU-Parlament in Br\u00fcssel - Stiftung f\u00fcr \u00d6kologie und Demokratie e.V.","isPartOf":{"@id":"https:\/\/www.stiftung-oekologie-u-demokratie.de\/T\/#website"},"primaryImageOfPage":{"@id":"https:\/\/www.stiftung-oekologie-u-demokratie.de\/T\/stiftung-fuer-oekologie-und-demokratie-besuchte-eu-parlament-in-bruessel\/#primaryimage"},"image":{"@id":"https:\/\/www.stiftung-oekologie-u-demokratie.de\/T\/stiftung-fuer-oekologie-und-demokratie-besuchte-eu-parlament-in-bruessel\/#primaryimage"},"thumbnailUrl":"https:\/\/www.stiftung-oekologie-u-demokratie.de\/T\/wp-content\/uploads\/2016\/03\/Buessel2016.jpg","datePublished":"2016-03-25T11:00:51+00:00","dateModified":"2017-11-01T17:40:23+00:00","author":{"@id":"https:\/\/www.stiftung-oekologie-u-demokratie.de\/T\/#\/schema\/person\/d256d4d56b82b746a9ccff0c5bf259e3"},"description":"Die Stiftung f\u00fcr \u00d6kologie und Demokratie ist eine gemeinn\u00fctzige Organisation, ein auf Bundesebene von der Bundeszentrale f\u00fcr politische Bildung (BpB) anerkannter Tr\u00e4ger der politischen Bildung, der sich vor allem f\u00fcr Umwelt und die politische \u00d6kologie einsetzt.","breadcrumb":{"@id":"https:\/\/www.stiftung-oekologie-u-demokratie.de\/T\/stiftung-fuer-oekologie-und-demokratie-besuchte-eu-parlament-in-bruessel\/#breadcrumb"},"inLanguage":"de","potentialAction":[{"@type":"ReadAction","target":["https:\/\/www.stiftung-oekologie-u-demokratie.de\/T\/stiftung-fuer-oekologie-und-demokratie-besuchte-eu-parlament-in-bruessel\/"]}]},{"@type":"ImageObject","inLanguage":"de","@id":"https:\/\/www.stiftung-oekologie-u-demokratie.de\/T\/stiftung-fuer-oekologie-und-demokratie-besuchte-eu-parlament-in-bruessel\/#primaryimage","url":"https:\/\/www.stiftung-oekologie-u-demokratie.de\/T\/wp-content\/uploads\/2016\/03\/Buessel2016.jpg","contentUrl":"https:\/\/www.stiftung-oekologie-u-demokratie.de\/T\/wp-content\/uploads\/2016\/03\/Buessel2016.jpg","width":600,"height":330},{"@type":"BreadcrumbList","@id":"https:\/\/www.stiftung-oekologie-u-demokratie.de\/T\/stiftung-fuer-oekologie-und-demokratie-besuchte-eu-parlament-in-bruessel\/#breadcrumb","itemListElement":[{"@type":"ListItem","position":1,"name":"Home","item":"https:\/\/www.stiftung-oekologie-u-demokratie.de\/T\/"},{"@type":"ListItem","position":2,"name":"Stiftung f\u00fcr \u00d6kologie und Demokratie besuchte EU-Parlament in Br\u00fcssel"}]},{"@type":"WebSite","@id":"https:\/\/www.stiftung-oekologie-u-demokratie.de\/T\/#website","url":"https:\/\/www.stiftung-oekologie-u-demokratie.de\/T\/","name":"Stiftung f\u00fcr \u00d6kologie und Demokratie e.V.","description":"Stiftung f\u00fcr \u00d6kologie und Demokratie e.V.","potentialAction":[{"@type":"SearchAction","target":{"@type":"EntryPoint","urlTemplate":"https:\/\/www.stiftung-oekologie-u-demokratie.de\/T\/?s={search_term_string}"},"query-input":{"@type":"PropertyValueSpecification","valueRequired":true,"valueName":"search_term_string"}}],"inLanguage":"de"},{"@type":"Person","@id":"https:\/\/www.stiftung-oekologie-u-demokratie.de\/T\/#\/schema\/person\/d256d4d56b82b746a9ccff0c5bf259e3","name":"admin","url":"https:\/\/www.stiftung-oekologie-u-demokratie.de\/T\/author\/admin\/"}]}},"_links":{"self":[{"href":"https:\/\/www.stiftung-oekologie-u-demokratie.de\/T\/wp-json\/wp\/v2\/posts\/721","targetHints":{"allow":["GET"]}}],"collection":[{"href":"https:\/\/www.stiftung-oekologie-u-demokratie.de\/T\/wp-json\/wp\/v2\/posts"}],"about":[{"href":"https:\/\/www.stiftung-oekologie-u-demokratie.de\/T\/wp-json\/wp\/v2\/types\/post"}],"author":[{"embeddable":true,"href":"https:\/\/www.stiftung-oekologie-u-demokratie.de\/T\/wp-json\/wp\/v2\/users\/1"}],"replies":[{"embeddable":true,"href":"https:\/\/www.stiftung-oekologie-u-demokratie.de\/T\/wp-json\/wp\/v2\/comments?post=721"}],"version-history":[{"count":1,"href":"https:\/\/www.stiftung-oekologie-u-demokratie.de\/T\/wp-json\/wp\/v2\/posts\/721\/revisions"}],"predecessor-version":[{"id":722,"href":"https:\/\/www.stiftung-oekologie-u-demokratie.de\/T\/wp-json\/wp\/v2\/posts\/721\/revisions\/722"}],"wp:featuredmedia":[{"embeddable":true,"href":"https:\/\/www.stiftung-oekologie-u-demokratie.de\/T\/wp-json\/wp\/v2\/media\/720"}],"wp:attachment":[{"href":"https:\/\/www.stiftung-oekologie-u-demokratie.de\/T\/wp-json\/wp\/v2\/media?parent=721"}],"wp:term":[{"taxonomy":"category","embeddable":true,"href":"https:\/\/www.stiftung-oekologie-u-demokratie.de\/T\/wp-json\/wp\/v2\/categories?post=721"},{"taxonomy":"post_tag","embeddable":true,"href":"https:\/\/www.stiftung-oekologie-u-demokratie.de\/T\/wp-json\/wp\/v2\/tags?post=721"}],"curies":[{"name":"wp","href":"https:\/\/api.w.org\/{rel}","templated":true}]}}