{"id":708,"date":"2016-03-05T22:29:10","date_gmt":"2016-03-05T20:29:10","guid":{"rendered":"https:\/\/www.stiftung-oekologie-u-demokratie.de\/T\/?p=708"},"modified":"2018-02-10T15:20:20","modified_gmt":"2018-02-10T13:20:20","slug":"oekologia-2016","status":"publish","type":"post","link":"https:\/\/www.stiftung-oekologie-u-demokratie.de\/T\/oekologia-2016\/","title":{"rendered":"\u00d6kologia 2016"},"content":{"rendered":"<p>Lebenslauf Professorin Dr. Beate Jessel<\/p>\n<p>geboren 25.05.1962 Stuttgart-Bad Cannstatt<br \/>\nStudium 1982 \u2013 1989 Landespflege, TU M\u00fcnchen in Freising-<br \/>\nWeihenstephan<br \/>\nBerufliche Stationen<br \/>\n11\/2007 Pr\u00e4sidentin des Bundesamtes f\u00fcr Naturschutz (BfN) in Bonn<\/p>\n<p>04\/2006 \u2013 10\/2007 Inhaberin des Lehrstuhls f\u00fcr Strategie und Management der Landschaftsentwicklung (Allianz-Stiftungsprofessur) an der Technischen Universit\u00e4t M\u00fcnchen<br \/>\n04\/1999 &#8211; 03\/2006 Professorin f\u00fcr Landschaftsplanung an der Universit\u00e4t Potsdam (Institut f\u00fcr Geo\u00f6kologie)<br \/>\n1998 Promotion zum Dr. agr. (Dissertationsthema:<br \/>\n&#8222;Landschaften als Gegenstand von Planung. Betrachtungen \u00fcber die Theorie \u00f6kologisch orientierten Planens&#8220; bei Prof. em. Dr. Dr. W. Haber an der TU M\u00fcnchen-Weihenstephan<br \/>\n1992 &#8211; 1999 Leiterin des Referats &#8222;\u00d6kologische orientierte Planungen\u201c an der Bayerischen Akademie f\u00fcr Naturschutz und Landschaftspflege Laufen\/Salzach<br \/>\n1986 &#8211; 1992 T\u00e4tigkeit in einem Planungsb\u00fcro in Kranzberg bei Freising als wissenschaftliche Angestellte, dann als Projektleiterin<\/p>\n<p>Forschungsschwerpunkte:<br \/>\nKonzepte und Strategien des Naturschutzes<br \/>\nLandschaftsentwicklung und Landnutzungsmanagement<br \/>\n\u00d6kologisch orientierte Planung<br \/>\nUmweltvertr\u00e4glichkeitspr\u00fcfung und Eingriffsregelung<br \/>\nManagement von Flusseinzugsgebieten<br \/>\nLandschafts\u00e4sthetik<\/p>\n<p>Aktuelle Funktionen in Gremien:<br \/>\nMitglied im Senat der Leibniz-Gemeinschaft (WGL &#8211; Wissenschaftsgemeinschaft Gottfried Wilhelm Leibniz)<br \/>\nMitglied im TERENO (Terrestrial Environmental Observatories) Advisory Board der Helmholtz Gesellschaft<br \/>\nMitglied im wissenschaftlichen Beirat der Bundesanstalt f\u00fcr Stra\u00dfenwesen (BAST)<br \/>\nMitglied im wissenschaftlichen Beirat des Zentrums f\u00fcr Nachhaltige Raumentwicklung (ZENARIO) an der Carl von Ossietzky Universit\u00e4t Oldenburg<br \/>\nStellvertretende Vorsitzende des Kuratoriums der Stiftung Naturschutzgeschichte<br \/>\nMitherausgeberin der Zeitschrift GAIA \u2013 \u00d6kologische Perspektiven f\u00fcr Wissenschaft und Gesellschaft<br \/>\nMitglied im Herausgeberbeirat der Fachzeitschrift &#8222;Naturschutz und Landschaftsplanung&#8220;<br \/>\n2008-2010: International Co-Chair der Task Force &#8222;Ecosystem Services and Management&#8220; des Chinesischen Nachhaltigkeitsrates (CCICED &#8211; China Council for International Cooperation on Environment and Development)<br \/>\nMitglied im Vorstand der Deutschen Vereinigung f\u00fcr Wasserwirtschaft, Abwasser und Abfall (DWA)<\/p>\n","protected":false},"excerpt":{"rendered":"<p>Lebenslauf Professorin Dr. Beate Jessel geboren 25.05.1962 Stuttgart-Bad Cannstatt Studium 1982 \u2013 1989 Landespflege, TU M\u00fcnchen in Freising- Weihenstephan Berufliche Stationen 11\/2007 Pr\u00e4sidentin des Bundesamtes f\u00fcr Naturschutz (BfN) in Bonn 04\/2006 \u2013 10\/2007 Inhaberin des Lehrstuhls f\u00fcr Strategie und Management der Landschaftsentwicklung (Allianz-Stiftungsprofessur) an der Technischen Universit\u00e4t M\u00fcnchen 04\/1999 &#8211; 03\/2006 Professorin f\u00fcr Landschaftsplanung an&hellip;<\/p>\n","protected":false},"author":1,"featured_media":715,"comment_status":"closed","ping_status":"open","sticky":false,"template":"","format":"standard","meta":[],"categories":[3,7],"tags":[],"class_list":["post-708","post","type-post","status-publish","format-standard","has-post-thumbnail","hentry","category-aktuell","category-oekologia","category-3","category-7","description-off"],"yoast_head":"<!-- This site is optimized with the Yoast SEO plugin v25.9 - https:\/\/yoast.com\/wordpress\/plugins\/seo\/ -->\n<title>\u00d6kologia 2016<\/title>\n<meta name=\"description\" content=\"\u00d6kologia 2016\" \/>\n<meta name=\"robots\" content=\"index, follow, max-snippet:-1, max-image-preview:large, max-video-preview:-1\" \/>\n<link rel=\"canonical\" href=\"https:\/\/www.stiftung-oekologie-u-demokratie.de\/T\/oekologia-2016\/\" \/>\n<meta property=\"og:locale\" content=\"de_DE\" \/>\n<meta property=\"og:type\" content=\"article\" \/>\n<meta property=\"og:title\" content=\"\u00d6kologia 2016\" \/>\n<meta property=\"og:description\" content=\"\u00d6kologia 2016\" \/>\n<meta property=\"og:url\" content=\"https:\/\/www.stiftung-oekologie-u-demokratie.de\/T\/oekologia-2016\/\" \/>\n<meta property=\"og:site_name\" content=\"Stiftung f\u00fcr \u00d6kologie und Demokratie e.V.\" \/>\n<meta property=\"article:published_time\" content=\"2016-03-05T20:29:10+00:00\" \/>\n<meta property=\"article:modified_time\" content=\"2018-02-10T13:20:20+00:00\" \/>\n<meta property=\"og:image\" content=\"https:\/\/www.stiftung-oekologie-u-demokratie.de\/T\/wp-content\/uploads\/2016\/03\/Jessel-Beate_aktuell1-e1518268812512.jpg\" \/>\n\t<meta property=\"og:image:width\" content=\"602\" \/>\n\t<meta property=\"og:image:height\" content=\"638\" \/>\n\t<meta property=\"og:image:type\" content=\"image\/jpeg\" \/>\n<meta name=\"author\" content=\"admin\" \/>\n<meta name=\"twitter:card\" content=\"summary_large_image\" \/>\n<meta name=\"twitter:label1\" content=\"Verfasst von\" \/>\n\t<meta name=\"twitter:data1\" content=\"admin\" \/>\n\t<meta name=\"twitter:label2\" content=\"Gesch\u00e4tzte Lesezeit\" \/>\n\t<meta name=\"twitter:data2\" content=\"1\u00a0Minute\" \/>\n<script type=\"application\/ld+json\" class=\"yoast-schema-graph\">{\"@context\":\"https:\/\/schema.org\",\"@graph\":[{\"@type\":\"WebPage\",\"@id\":\"https:\/\/www.stiftung-oekologie-u-demokratie.de\/T\/oekologia-2016\/\",\"url\":\"https:\/\/www.stiftung-oekologie-u-demokratie.de\/T\/oekologia-2016\/\",\"name\":\"\u00d6kologia 2016\",\"isPartOf\":{\"@id\":\"https:\/\/www.stiftung-oekologie-u-demokratie.de\/T\/#website\"},\"primaryImageOfPage\":{\"@id\":\"https:\/\/www.stiftung-oekologie-u-demokratie.de\/T\/oekologia-2016\/#primaryimage\"},\"image\":{\"@id\":\"https:\/\/www.stiftung-oekologie-u-demokratie.de\/T\/oekologia-2016\/#primaryimage\"},\"thumbnailUrl\":\"https:\/\/www.stiftung-oekologie-u-demokratie.de\/T\/wp-content\/uploads\/2016\/03\/Jessel-Beate_aktuell1-e1518268812512.jpg\",\"datePublished\":\"2016-03-05T20:29:10+00:00\",\"dateModified\":\"2018-02-10T13:20:20+00:00\",\"author\":{\"@id\":\"https:\/\/www.stiftung-oekologie-u-demokratie.de\/T\/#\/schema\/person\/d256d4d56b82b746a9ccff0c5bf259e3\"},\"description\":\"\u00d6kologia 2016\",\"breadcrumb\":{\"@id\":\"https:\/\/www.stiftung-oekologie-u-demokratie.de\/T\/oekologia-2016\/#breadcrumb\"},\"inLanguage\":\"de\",\"potentialAction\":[{\"@type\":\"ReadAction\",\"target\":[\"https:\/\/www.stiftung-oekologie-u-demokratie.de\/T\/oekologia-2016\/\"]}]},{\"@type\":\"ImageObject\",\"inLanguage\":\"de\",\"@id\":\"https:\/\/www.stiftung-oekologie-u-demokratie.de\/T\/oekologia-2016\/#primaryimage\",\"url\":\"https:\/\/www.stiftung-oekologie-u-demokratie.de\/T\/wp-content\/uploads\/2016\/03\/Jessel-Beate_aktuell1-e1518268812512.jpg\",\"contentUrl\":\"https:\/\/www.stiftung-oekologie-u-demokratie.de\/T\/wp-content\/uploads\/2016\/03\/Jessel-Beate_aktuell1-e1518268812512.jpg\",\"width\":602,\"height\":638},{\"@type\":\"BreadcrumbList\",\"@id\":\"https:\/\/www.stiftung-oekologie-u-demokratie.de\/T\/oekologia-2016\/#breadcrumb\",\"itemListElement\":[{\"@type\":\"ListItem\",\"position\":1,\"name\":\"Home\",\"item\":\"https:\/\/www.stiftung-oekologie-u-demokratie.de\/T\/\"},{\"@type\":\"ListItem\",\"position\":2,\"name\":\"\u00d6kologia 2016\"}]},{\"@type\":\"WebSite\",\"@id\":\"https:\/\/www.stiftung-oekologie-u-demokratie.de\/T\/#website\",\"url\":\"https:\/\/www.stiftung-oekologie-u-demokratie.de\/T\/\",\"name\":\"Stiftung f\u00fcr \u00d6kologie und Demokratie e.V.\",\"description\":\"Stiftung f\u00fcr \u00d6kologie und Demokratie e.V.\",\"potentialAction\":[{\"@type\":\"SearchAction\",\"target\":{\"@type\":\"EntryPoint\",\"urlTemplate\":\"https:\/\/www.stiftung-oekologie-u-demokratie.de\/T\/?s={search_term_string}\"},\"query-input\":{\"@type\":\"PropertyValueSpecification\",\"valueRequired\":true,\"valueName\":\"search_term_string\"}}],\"inLanguage\":\"de\"},{\"@type\":\"Person\",\"@id\":\"https:\/\/www.stiftung-oekologie-u-demokratie.de\/T\/#\/schema\/person\/d256d4d56b82b746a9ccff0c5bf259e3\",\"name\":\"admin\",\"url\":\"https:\/\/www.stiftung-oekologie-u-demokratie.de\/T\/author\/admin\/\"}]}<\/script>\n<!-- \/ Yoast SEO plugin. -->","yoast_head_json":{"title":"\u00d6kologia 2016","description":"\u00d6kologia 2016","robots":{"index":"index","follow":"follow","max-snippet":"max-snippet:-1","max-image-preview":"max-image-preview:large","max-video-preview":"max-video-preview:-1"},"canonical":"https:\/\/www.stiftung-oekologie-u-demokratie.de\/T\/oekologia-2016\/","og_locale":"de_DE","og_type":"article","og_title":"\u00d6kologia 2016","og_description":"\u00d6kologia 2016","og_url":"https:\/\/www.stiftung-oekologie-u-demokratie.de\/T\/oekologia-2016\/","og_site_name":"Stiftung f\u00fcr \u00d6kologie und Demokratie e.V.","article_published_time":"2016-03-05T20:29:10+00:00","article_modified_time":"2018-02-10T13:20:20+00:00","og_image":[{"width":602,"height":638,"url":"https:\/\/www.stiftung-oekologie-u-demokratie.de\/T\/wp-content\/uploads\/2016\/03\/Jessel-Beate_aktuell1-e1518268812512.jpg","type":"image\/jpeg"}],"author":"admin","twitter_card":"summary_large_image","twitter_misc":{"Verfasst von":"admin","Gesch\u00e4tzte Lesezeit":"1\u00a0Minute"},"schema":{"@context":"https:\/\/schema.org","@graph":[{"@type":"WebPage","@id":"https:\/\/www.stiftung-oekologie-u-demokratie.de\/T\/oekologia-2016\/","url":"https:\/\/www.stiftung-oekologie-u-demokratie.de\/T\/oekologia-2016\/","name":"\u00d6kologia 2016","isPartOf":{"@id":"https:\/\/www.stiftung-oekologie-u-demokratie.de\/T\/#website"},"primaryImageOfPage":{"@id":"https:\/\/www.stiftung-oekologie-u-demokratie.de\/T\/oekologia-2016\/#primaryimage"},"image":{"@id":"https:\/\/www.stiftung-oekologie-u-demokratie.de\/T\/oekologia-2016\/#primaryimage"},"thumbnailUrl":"https:\/\/www.stiftung-oekologie-u-demokratie.de\/T\/wp-content\/uploads\/2016\/03\/Jessel-Beate_aktuell1-e1518268812512.jpg","datePublished":"2016-03-05T20:29:10+00:00","dateModified":"2018-02-10T13:20:20+00:00","author":{"@id":"https:\/\/www.stiftung-oekologie-u-demokratie.de\/T\/#\/schema\/person\/d256d4d56b82b746a9ccff0c5bf259e3"},"description":"\u00d6kologia 2016","breadcrumb":{"@id":"https:\/\/www.stiftung-oekologie-u-demokratie.de\/T\/oekologia-2016\/#breadcrumb"},"inLanguage":"de","potentialAction":[{"@type":"ReadAction","target":["https:\/\/www.stiftung-oekologie-u-demokratie.de\/T\/oekologia-2016\/"]}]},{"@type":"ImageObject","inLanguage":"de","@id":"https:\/\/www.stiftung-oekologie-u-demokratie.de\/T\/oekologia-2016\/#primaryimage","url":"https:\/\/www.stiftung-oekologie-u-demokratie.de\/T\/wp-content\/uploads\/2016\/03\/Jessel-Beate_aktuell1-e1518268812512.jpg","contentUrl":"https:\/\/www.stiftung-oekologie-u-demokratie.de\/T\/wp-content\/uploads\/2016\/03\/Jessel-Beate_aktuell1-e1518268812512.jpg","width":602,"height":638},{"@type":"BreadcrumbList","@id":"https:\/\/www.stiftung-oekologie-u-demokratie.de\/T\/oekologia-2016\/#breadcrumb","itemListElement":[{"@type":"ListItem","position":1,"name":"Home","item":"https:\/\/www.stiftung-oekologie-u-demokratie.de\/T\/"},{"@type":"ListItem","position":2,"name":"\u00d6kologia 2016"}]},{"@type":"WebSite","@id":"https:\/\/www.stiftung-oekologie-u-demokratie.de\/T\/#website","url":"https:\/\/www.stiftung-oekologie-u-demokratie.de\/T\/","name":"Stiftung f\u00fcr \u00d6kologie und Demokratie e.V.","description":"Stiftung f\u00fcr \u00d6kologie und Demokratie e.V.","potentialAction":[{"@type":"SearchAction","target":{"@type":"EntryPoint","urlTemplate":"https:\/\/www.stiftung-oekologie-u-demokratie.de\/T\/?s={search_term_string}"},"query-input":{"@type":"PropertyValueSpecification","valueRequired":true,"valueName":"search_term_string"}}],"inLanguage":"de"},{"@type":"Person","@id":"https:\/\/www.stiftung-oekologie-u-demokratie.de\/T\/#\/schema\/person\/d256d4d56b82b746a9ccff0c5bf259e3","name":"admin","url":"https:\/\/www.stiftung-oekologie-u-demokratie.de\/T\/author\/admin\/"}]}},"_links":{"self":[{"href":"https:\/\/www.stiftung-oekologie-u-demokratie.de\/T\/wp-json\/wp\/v2\/posts\/708","targetHints":{"allow":["GET"]}}],"collection":[{"href":"https:\/\/www.stiftung-oekologie-u-demokratie.de\/T\/wp-json\/wp\/v2\/posts"}],"about":[{"href":"https:\/\/www.stiftung-oekologie-u-demokratie.de\/T\/wp-json\/wp\/v2\/types\/post"}],"author":[{"embeddable":true,"href":"https:\/\/www.stiftung-oekologie-u-demokratie.de\/T\/wp-json\/wp\/v2\/users\/1"}],"replies":[{"embeddable":true,"href":"https:\/\/www.stiftung-oekologie-u-demokratie.de\/T\/wp-json\/wp\/v2\/comments?post=708"}],"version-history":[{"count":6,"href":"https:\/\/www.stiftung-oekologie-u-demokratie.de\/T\/wp-json\/wp\/v2\/posts\/708\/revisions"}],"predecessor-version":[{"id":718,"href":"https:\/\/www.stiftung-oekologie-u-demokratie.de\/T\/wp-json\/wp\/v2\/posts\/708\/revisions\/718"}],"wp:featuredmedia":[{"embeddable":true,"href":"https:\/\/www.stiftung-oekologie-u-demokratie.de\/T\/wp-json\/wp\/v2\/media\/715"}],"wp:attachment":[{"href":"https:\/\/www.stiftung-oekologie-u-demokratie.de\/T\/wp-json\/wp\/v2\/media?parent=708"}],"wp:term":[{"taxonomy":"category","embeddable":true,"href":"https:\/\/www.stiftung-oekologie-u-demokratie.de\/T\/wp-json\/wp\/v2\/categories?post=708"},{"taxonomy":"post_tag","embeddable":true,"href":"https:\/\/www.stiftung-oekologie-u-demokratie.de\/T\/wp-json\/wp\/v2\/tags?post=708"}],"curies":[{"name":"wp","href":"https:\/\/api.w.org\/{rel}","templated":true}]}}