{"id":70,"date":"2014-08-26T13:22:45","date_gmt":"2014-08-26T11:22:45","guid":{"rendered":"https:\/\/www.stiftung-oekologie-u-demokratie.de\/T\/?p=70"},"modified":"2015-09-05T21:16:47","modified_gmt":"2015-09-05T19:16:47","slug":"die-stiftung-trauert-um-ihr-kuratoriumsmitglied-prof-dr-heinrich-freiherr-von-lersner-nachruf","status":"publish","type":"post","link":"https:\/\/www.stiftung-oekologie-u-demokratie.de\/T\/die-stiftung-trauert-um-ihr-kuratoriumsmitglied-prof-dr-heinrich-freiherr-von-lersner-nachruf\/","title":{"rendered":"Die Stiftung trauert um ihr Kuratoriumsmitglied Prof. Dr. Heinrich Freiherr von Lersner Nachruf"},"content":{"rendered":"<p>Unser Kuratoriumsmitglied Prof. Dr. Heinrich Freiherr von Lersner verstarb am 26. August 2014 im Alter von 84 Jahren in Berlin. Er leitete als Gr\u00fcndungspr\u00e4sident das Umweltbundesamt in Berlin in den Jahren 1974 &#8211; 1995 und verlieh ihm hohes Ansehen.<\/p>\n<p>Im Oktober 1996 nahm er die Berufung in das Kuratorium der Stiftung f\u00fcr \u00d6kologie und Demokratie e.V. an. Seither geh\u00f6rte er bis zu seinem Tode 18 Jahre lang unserem Kuratorium an.<\/p>\n<p>Anl\u00e4\u00dflich seines 70. Geburtstages am 14.7.2000 wurde der fr\u00fchere UBA-Pr\u00e4sident durch unsere Stiftung bei einer Tagung im UBA in Berlin mit dem &#8222;Goldenen Baum&#8220; ausgezeichnet. Der Stiftungsvorsitzende Hans-Joachim Ritter w\u00fcrdigte ihn als Pers\u00f6nlichkeit, die in erheblichem Ma\u00dfe zu einem verbesserten Umweltbewu\u00dftsein in der Bev\u00f6lkerung beigetragen habe. &#8222;In all den vielen Jahren blieb von Lersner ein unbequemer Mahner, auch gegen\u00fcber der damaligen Bundesregierung&#8220;.<\/p>\n<p>Prof. Dr. von Lersner hat schon fr\u00fch eine \u00f6kologische Steuerreform und ein Tempo-Limit auf Autobahnen gefordert. Er war gegen die Befreiung des Flugbetriebs von der Mineral\u00f6lsteuer.<\/p>\n<p>Besonders sympathisch empfand die Stiftung auch den marktwirtschaftlichen Ansatz des fr\u00fcheren UBA-Pr\u00e4sidenten, zumal sie in der Fortentwicklung der Sozialen Marktwirtschaft zur \u00d6kologisch-Sozialen Marktwirtschaft einen Schwerpunkt ihrer Arbeit sieht und seit dem Jahre 2000 den Gr\u00fcndungstag, den 12.9., als &#8222;Tag der \u00d6kol\u00f6gisch-Sozialen Marktwirtschaft&#8220; ausgerufen hat.<\/p>\n<p>Die Stiftung f\u00fcr \u00d6kologie und Demokratie e.V. wird Herrn Prof. Dr. Heinrich Freiherr von Lersner stets ein ehrendes Gedenken bewahren.<\/p>\n","protected":false},"excerpt":{"rendered":"<p>Unser Kuratoriumsmitglied Prof. Dr. Heinrich Freiherr von Lersner verstarb am 26. August 2014 im Alter von 84 Jahren in Berlin. Er leitete als Gr\u00fcndungspr\u00e4sident das Umweltbundesamt in Berlin in den Jahren 1974 &#8211; 1995 und verlieh ihm hohes Ansehen. Im Oktober 1996 nahm er die Berufung in das Kuratorium der Stiftung f\u00fcr \u00d6kologie und Demokratie&hellip;<\/p>\n","protected":false},"author":1,"featured_media":72,"comment_status":"closed","ping_status":"closed","sticky":false,"template":"","format":"standard","meta":[],"categories":[3],"tags":[],"class_list":["post-70","post","type-post","status-publish","format-standard","has-post-thumbnail","hentry","category-aktuell","category-3","description-off"],"yoast_head":"<!-- This site is optimized with the Yoast SEO plugin v25.9 - https:\/\/yoast.com\/wordpress\/plugins\/seo\/ -->\n<title>Stiftung f\u00fcr Demokratie \u00d6kologie e.V. - Kuratoriumsmitglied Prof. Dr. Heinrich Freiherr von Lersner Nachruf<\/title>\n<meta name=\"description\" content=\"Die Stiftung f\u00fcr \u00d6kologie und Demokratie ist eine gemeinn\u00fctzige Organisation, ein auf Bundesebene von der Bundeszentrale f\u00fcr politische Bildung (BpB) anerkannter Tr\u00e4ger der politischen Bildung, der sich vor allem f\u00fcr Umwelt und die politische \u00d6kologie einsetzt.\" \/>\n<meta name=\"robots\" content=\"index, follow, max-snippet:-1, max-image-preview:large, max-video-preview:-1\" \/>\n<link rel=\"canonical\" href=\"https:\/\/www.stiftung-oekologie-u-demokratie.de\/T\/die-stiftung-trauert-um-ihr-kuratoriumsmitglied-prof-dr-heinrich-freiherr-von-lersner-nachruf\/\" \/>\n<meta property=\"og:locale\" content=\"de_DE\" \/>\n<meta property=\"og:type\" content=\"article\" \/>\n<meta property=\"og:title\" content=\"Stiftung f\u00fcr Demokratie \u00d6kologie e.V. - Kuratoriumsmitglied Prof. Dr. Heinrich Freiherr von Lersner Nachruf\" \/>\n<meta property=\"og:description\" content=\"Die Stiftung f\u00fcr \u00d6kologie und Demokratie ist eine gemeinn\u00fctzige Organisation, ein auf Bundesebene von der Bundeszentrale f\u00fcr politische Bildung (BpB) anerkannter Tr\u00e4ger der politischen Bildung, der sich vor allem f\u00fcr Umwelt und die politische \u00d6kologie einsetzt.\" \/>\n<meta property=\"og:url\" content=\"https:\/\/www.stiftung-oekologie-u-demokratie.de\/T\/die-stiftung-trauert-um-ihr-kuratoriumsmitglied-prof-dr-heinrich-freiherr-von-lersner-nachruf\/\" \/>\n<meta property=\"og:site_name\" content=\"Stiftung f\u00fcr \u00d6kologie und Demokratie e.V.\" \/>\n<meta property=\"article:published_time\" content=\"2014-08-26T11:22:45+00:00\" \/>\n<meta property=\"article:modified_time\" content=\"2015-09-05T19:16:47+00:00\" \/>\n<meta property=\"og:image\" content=\"https:\/\/www.stiftung-oekologie-u-demokratie.de\/T\/wp-content\/uploads\/2015\/04\/lersner.jpg\" \/>\n\t<meta property=\"og:image:width\" content=\"550\" \/>\n\t<meta property=\"og:image:height\" content=\"412\" \/>\n\t<meta property=\"og:image:type\" content=\"image\/jpeg\" \/>\n<meta name=\"author\" content=\"admin\" \/>\n<meta name=\"twitter:card\" content=\"summary_large_image\" \/>\n<meta name=\"twitter:label1\" content=\"Verfasst von\" \/>\n\t<meta name=\"twitter:data1\" content=\"admin\" \/>\n\t<meta name=\"twitter:label2\" content=\"Gesch\u00e4tzte Lesezeit\" \/>\n\t<meta name=\"twitter:data2\" content=\"1\u00a0Minute\" \/>\n<script type=\"application\/ld+json\" class=\"yoast-schema-graph\">{\"@context\":\"https:\/\/schema.org\",\"@graph\":[{\"@type\":\"WebPage\",\"@id\":\"https:\/\/www.stiftung-oekologie-u-demokratie.de\/T\/die-stiftung-trauert-um-ihr-kuratoriumsmitglied-prof-dr-heinrich-freiherr-von-lersner-nachruf\/\",\"url\":\"https:\/\/www.stiftung-oekologie-u-demokratie.de\/T\/die-stiftung-trauert-um-ihr-kuratoriumsmitglied-prof-dr-heinrich-freiherr-von-lersner-nachruf\/\",\"name\":\"Stiftung f\u00fcr Demokratie \u00d6kologie e.V. - Kuratoriumsmitglied Prof. Dr. Heinrich Freiherr von Lersner Nachruf\",\"isPartOf\":{\"@id\":\"https:\/\/www.stiftung-oekologie-u-demokratie.de\/T\/#website\"},\"primaryImageOfPage\":{\"@id\":\"https:\/\/www.stiftung-oekologie-u-demokratie.de\/T\/die-stiftung-trauert-um-ihr-kuratoriumsmitglied-prof-dr-heinrich-freiherr-von-lersner-nachruf\/#primaryimage\"},\"image\":{\"@id\":\"https:\/\/www.stiftung-oekologie-u-demokratie.de\/T\/die-stiftung-trauert-um-ihr-kuratoriumsmitglied-prof-dr-heinrich-freiherr-von-lersner-nachruf\/#primaryimage\"},\"thumbnailUrl\":\"https:\/\/www.stiftung-oekologie-u-demokratie.de\/T\/wp-content\/uploads\/2015\/04\/lersner.jpg\",\"datePublished\":\"2014-08-26T11:22:45+00:00\",\"dateModified\":\"2015-09-05T19:16:47+00:00\",\"author\":{\"@id\":\"https:\/\/www.stiftung-oekologie-u-demokratie.de\/T\/#\/schema\/person\/d256d4d56b82b746a9ccff0c5bf259e3\"},\"description\":\"Die Stiftung f\u00fcr \u00d6kologie und Demokratie ist eine gemeinn\u00fctzige Organisation, ein auf Bundesebene von der Bundeszentrale f\u00fcr politische Bildung (BpB) anerkannter Tr\u00e4ger der politischen Bildung, der sich vor allem f\u00fcr Umwelt und die politische \u00d6kologie einsetzt.\",\"breadcrumb\":{\"@id\":\"https:\/\/www.stiftung-oekologie-u-demokratie.de\/T\/die-stiftung-trauert-um-ihr-kuratoriumsmitglied-prof-dr-heinrich-freiherr-von-lersner-nachruf\/#breadcrumb\"},\"inLanguage\":\"de\",\"potentialAction\":[{\"@type\":\"ReadAction\",\"target\":[\"https:\/\/www.stiftung-oekologie-u-demokratie.de\/T\/die-stiftung-trauert-um-ihr-kuratoriumsmitglied-prof-dr-heinrich-freiherr-von-lersner-nachruf\/\"]}]},{\"@type\":\"ImageObject\",\"inLanguage\":\"de\",\"@id\":\"https:\/\/www.stiftung-oekologie-u-demokratie.de\/T\/die-stiftung-trauert-um-ihr-kuratoriumsmitglied-prof-dr-heinrich-freiherr-von-lersner-nachruf\/#primaryimage\",\"url\":\"https:\/\/www.stiftung-oekologie-u-demokratie.de\/T\/wp-content\/uploads\/2015\/04\/lersner.jpg\",\"contentUrl\":\"https:\/\/www.stiftung-oekologie-u-demokratie.de\/T\/wp-content\/uploads\/2015\/04\/lersner.jpg\",\"width\":550,\"height\":412},{\"@type\":\"BreadcrumbList\",\"@id\":\"https:\/\/www.stiftung-oekologie-u-demokratie.de\/T\/die-stiftung-trauert-um-ihr-kuratoriumsmitglied-prof-dr-heinrich-freiherr-von-lersner-nachruf\/#breadcrumb\",\"itemListElement\":[{\"@type\":\"ListItem\",\"position\":1,\"name\":\"Home\",\"item\":\"https:\/\/www.stiftung-oekologie-u-demokratie.de\/T\/\"},{\"@type\":\"ListItem\",\"position\":2,\"name\":\"Die Stiftung trauert um ihr Kuratoriumsmitglied Prof. Dr. Heinrich Freiherr von Lersner Nachruf\"}]},{\"@type\":\"WebSite\",\"@id\":\"https:\/\/www.stiftung-oekologie-u-demokratie.de\/T\/#website\",\"url\":\"https:\/\/www.stiftung-oekologie-u-demokratie.de\/T\/\",\"name\":\"Stiftung f\u00fcr \u00d6kologie und Demokratie e.V.\",\"description\":\"Stiftung f\u00fcr \u00d6kologie und Demokratie e.V.\",\"potentialAction\":[{\"@type\":\"SearchAction\",\"target\":{\"@type\":\"EntryPoint\",\"urlTemplate\":\"https:\/\/www.stiftung-oekologie-u-demokratie.de\/T\/?s={search_term_string}\"},\"query-input\":{\"@type\":\"PropertyValueSpecification\",\"valueRequired\":true,\"valueName\":\"search_term_string\"}}],\"inLanguage\":\"de\"},{\"@type\":\"Person\",\"@id\":\"https:\/\/www.stiftung-oekologie-u-demokratie.de\/T\/#\/schema\/person\/d256d4d56b82b746a9ccff0c5bf259e3\",\"name\":\"admin\",\"url\":\"https:\/\/www.stiftung-oekologie-u-demokratie.de\/T\/author\/admin\/\"}]}<\/script>\n<!-- \/ Yoast SEO plugin. -->","yoast_head_json":{"title":"Stiftung f\u00fcr Demokratie \u00d6kologie e.V. - Kuratoriumsmitglied Prof. Dr. Heinrich Freiherr von Lersner Nachruf","description":"Die Stiftung f\u00fcr \u00d6kologie und Demokratie ist eine gemeinn\u00fctzige Organisation, ein auf Bundesebene von der Bundeszentrale f\u00fcr politische Bildung (BpB) anerkannter Tr\u00e4ger der politischen Bildung, der sich vor allem f\u00fcr Umwelt und die politische \u00d6kologie einsetzt.","robots":{"index":"index","follow":"follow","max-snippet":"max-snippet:-1","max-image-preview":"max-image-preview:large","max-video-preview":"max-video-preview:-1"},"canonical":"https:\/\/www.stiftung-oekologie-u-demokratie.de\/T\/die-stiftung-trauert-um-ihr-kuratoriumsmitglied-prof-dr-heinrich-freiherr-von-lersner-nachruf\/","og_locale":"de_DE","og_type":"article","og_title":"Stiftung f\u00fcr Demokratie \u00d6kologie e.V. - Kuratoriumsmitglied Prof. Dr. Heinrich Freiherr von Lersner Nachruf","og_description":"Die Stiftung f\u00fcr \u00d6kologie und Demokratie ist eine gemeinn\u00fctzige Organisation, ein auf Bundesebene von der Bundeszentrale f\u00fcr politische Bildung (BpB) anerkannter Tr\u00e4ger der politischen Bildung, der sich vor allem f\u00fcr Umwelt und die politische \u00d6kologie einsetzt.","og_url":"https:\/\/www.stiftung-oekologie-u-demokratie.de\/T\/die-stiftung-trauert-um-ihr-kuratoriumsmitglied-prof-dr-heinrich-freiherr-von-lersner-nachruf\/","og_site_name":"Stiftung f\u00fcr \u00d6kologie und Demokratie e.V.","article_published_time":"2014-08-26T11:22:45+00:00","article_modified_time":"2015-09-05T19:16:47+00:00","og_image":[{"width":550,"height":412,"url":"https:\/\/www.stiftung-oekologie-u-demokratie.de\/T\/wp-content\/uploads\/2015\/04\/lersner.jpg","type":"image\/jpeg"}],"author":"admin","twitter_card":"summary_large_image","twitter_misc":{"Verfasst von":"admin","Gesch\u00e4tzte Lesezeit":"1\u00a0Minute"},"schema":{"@context":"https:\/\/schema.org","@graph":[{"@type":"WebPage","@id":"https:\/\/www.stiftung-oekologie-u-demokratie.de\/T\/die-stiftung-trauert-um-ihr-kuratoriumsmitglied-prof-dr-heinrich-freiherr-von-lersner-nachruf\/","url":"https:\/\/www.stiftung-oekologie-u-demokratie.de\/T\/die-stiftung-trauert-um-ihr-kuratoriumsmitglied-prof-dr-heinrich-freiherr-von-lersner-nachruf\/","name":"Stiftung f\u00fcr Demokratie \u00d6kologie e.V. - Kuratoriumsmitglied Prof. Dr. Heinrich Freiherr von Lersner Nachruf","isPartOf":{"@id":"https:\/\/www.stiftung-oekologie-u-demokratie.de\/T\/#website"},"primaryImageOfPage":{"@id":"https:\/\/www.stiftung-oekologie-u-demokratie.de\/T\/die-stiftung-trauert-um-ihr-kuratoriumsmitglied-prof-dr-heinrich-freiherr-von-lersner-nachruf\/#primaryimage"},"image":{"@id":"https:\/\/www.stiftung-oekologie-u-demokratie.de\/T\/die-stiftung-trauert-um-ihr-kuratoriumsmitglied-prof-dr-heinrich-freiherr-von-lersner-nachruf\/#primaryimage"},"thumbnailUrl":"https:\/\/www.stiftung-oekologie-u-demokratie.de\/T\/wp-content\/uploads\/2015\/04\/lersner.jpg","datePublished":"2014-08-26T11:22:45+00:00","dateModified":"2015-09-05T19:16:47+00:00","author":{"@id":"https:\/\/www.stiftung-oekologie-u-demokratie.de\/T\/#\/schema\/person\/d256d4d56b82b746a9ccff0c5bf259e3"},"description":"Die Stiftung f\u00fcr \u00d6kologie und Demokratie ist eine gemeinn\u00fctzige Organisation, ein auf Bundesebene von der Bundeszentrale f\u00fcr politische Bildung (BpB) anerkannter Tr\u00e4ger der politischen Bildung, der sich vor allem f\u00fcr Umwelt und die politische \u00d6kologie einsetzt.","breadcrumb":{"@id":"https:\/\/www.stiftung-oekologie-u-demokratie.de\/T\/die-stiftung-trauert-um-ihr-kuratoriumsmitglied-prof-dr-heinrich-freiherr-von-lersner-nachruf\/#breadcrumb"},"inLanguage":"de","potentialAction":[{"@type":"ReadAction","target":["https:\/\/www.stiftung-oekologie-u-demokratie.de\/T\/die-stiftung-trauert-um-ihr-kuratoriumsmitglied-prof-dr-heinrich-freiherr-von-lersner-nachruf\/"]}]},{"@type":"ImageObject","inLanguage":"de","@id":"https:\/\/www.stiftung-oekologie-u-demokratie.de\/T\/die-stiftung-trauert-um-ihr-kuratoriumsmitglied-prof-dr-heinrich-freiherr-von-lersner-nachruf\/#primaryimage","url":"https:\/\/www.stiftung-oekologie-u-demokratie.de\/T\/wp-content\/uploads\/2015\/04\/lersner.jpg","contentUrl":"https:\/\/www.stiftung-oekologie-u-demokratie.de\/T\/wp-content\/uploads\/2015\/04\/lersner.jpg","width":550,"height":412},{"@type":"BreadcrumbList","@id":"https:\/\/www.stiftung-oekologie-u-demokratie.de\/T\/die-stiftung-trauert-um-ihr-kuratoriumsmitglied-prof-dr-heinrich-freiherr-von-lersner-nachruf\/#breadcrumb","itemListElement":[{"@type":"ListItem","position":1,"name":"Home","item":"https:\/\/www.stiftung-oekologie-u-demokratie.de\/T\/"},{"@type":"ListItem","position":2,"name":"Die Stiftung trauert um ihr Kuratoriumsmitglied Prof. Dr. Heinrich Freiherr von Lersner Nachruf"}]},{"@type":"WebSite","@id":"https:\/\/www.stiftung-oekologie-u-demokratie.de\/T\/#website","url":"https:\/\/www.stiftung-oekologie-u-demokratie.de\/T\/","name":"Stiftung f\u00fcr \u00d6kologie und Demokratie e.V.","description":"Stiftung f\u00fcr \u00d6kologie und Demokratie e.V.","potentialAction":[{"@type":"SearchAction","target":{"@type":"EntryPoint","urlTemplate":"https:\/\/www.stiftung-oekologie-u-demokratie.de\/T\/?s={search_term_string}"},"query-input":{"@type":"PropertyValueSpecification","valueRequired":true,"valueName":"search_term_string"}}],"inLanguage":"de"},{"@type":"Person","@id":"https:\/\/www.stiftung-oekologie-u-demokratie.de\/T\/#\/schema\/person\/d256d4d56b82b746a9ccff0c5bf259e3","name":"admin","url":"https:\/\/www.stiftung-oekologie-u-demokratie.de\/T\/author\/admin\/"}]}},"_links":{"self":[{"href":"https:\/\/www.stiftung-oekologie-u-demokratie.de\/T\/wp-json\/wp\/v2\/posts\/70","targetHints":{"allow":["GET"]}}],"collection":[{"href":"https:\/\/www.stiftung-oekologie-u-demokratie.de\/T\/wp-json\/wp\/v2\/posts"}],"about":[{"href":"https:\/\/www.stiftung-oekologie-u-demokratie.de\/T\/wp-json\/wp\/v2\/types\/post"}],"author":[{"embeddable":true,"href":"https:\/\/www.stiftung-oekologie-u-demokratie.de\/T\/wp-json\/wp\/v2\/users\/1"}],"replies":[{"embeddable":true,"href":"https:\/\/www.stiftung-oekologie-u-demokratie.de\/T\/wp-json\/wp\/v2\/comments?post=70"}],"version-history":[{"count":2,"href":"https:\/\/www.stiftung-oekologie-u-demokratie.de\/T\/wp-json\/wp\/v2\/posts\/70\/revisions"}],"predecessor-version":[{"id":74,"href":"https:\/\/www.stiftung-oekologie-u-demokratie.de\/T\/wp-json\/wp\/v2\/posts\/70\/revisions\/74"}],"wp:featuredmedia":[{"embeddable":true,"href":"https:\/\/www.stiftung-oekologie-u-demokratie.de\/T\/wp-json\/wp\/v2\/media\/72"}],"wp:attachment":[{"href":"https:\/\/www.stiftung-oekologie-u-demokratie.de\/T\/wp-json\/wp\/v2\/media?parent=70"}],"wp:term":[{"taxonomy":"category","embeddable":true,"href":"https:\/\/www.stiftung-oekologie-u-demokratie.de\/T\/wp-json\/wp\/v2\/categories?post=70"},{"taxonomy":"post_tag","embeddable":true,"href":"https:\/\/www.stiftung-oekologie-u-demokratie.de\/T\/wp-json\/wp\/v2\/tags?post=70"}],"curies":[{"name":"wp","href":"https:\/\/api.w.org\/{rel}","templated":true}]}}