{"id":675,"date":"2015-10-24T14:30:26","date_gmt":"2015-10-24T12:30:26","guid":{"rendered":"https:\/\/www.stiftung-oekologie-u-demokratie.de\/T\/?p=675"},"modified":"2016-03-05T22:09:15","modified_gmt":"2016-03-05T20:09:15","slug":"70-jahre-frieden-eine-veranstantung-des-beirates-fuer-weiterbildung-im-kreis-germersheim","status":"publish","type":"post","link":"https:\/\/www.stiftung-oekologie-u-demokratie.de\/T\/70-jahre-frieden-eine-veranstantung-des-beirates-fuer-weiterbildung-im-kreis-germersheim\/","title":{"rendered":"70 Jahre Frieden &#8211; eine Veranstantung des Beirates f\u00fcr Weiterbildung im Kreis Germersheim"},"content":{"rendered":"<p>Der Beirat f\u00fcr Weiterbildung im Kreis Germersheim (Zusammenschlu\u00df aller au\u00dferschulischen Bildungstr\u00e4ger im Kreis Germersheim), dem die Stiftung angeh\u00f6rt und zur Zeit durch den Stiftungsvorsitzenden auch den Vorsitzenden stellt, veranstaltet am Mittwoch, den 4. November 2015, 18:30 Uhr, am FTSK der Johannes Gutenberg-Universit\u00e4t in Germersheim, An der Hochschule 2, H\u00f6rsaal 328 (Neubau), eine Veranstaltung anl\u00e4\u00dflich 70 Jahre Frieden nach Beendigung des 2. Weltkrieges, aber auch durch die aktuelle Herausforderung der Fl\u00fcchtlingsstr\u00f6me aus Kriegsgebieten.<br \/>\nNamhafte Referenten haben zugesagt.<\/p>\n<p>Der Eintritt ist frei. <\/p>\n<p><a href=\"https:\/\/www.stiftung-oekologie-u-demokratie.de\/T\/wp-content\/uploads\/2015\/10\/70-Jahre-Frieden-2015.pdf\">70 Jahre Frieden  2015<\/a><\/p>\n","protected":false},"excerpt":{"rendered":"<p>Der Beirat f\u00fcr Weiterbildung im Kreis Germersheim (Zusammenschlu\u00df aller au\u00dferschulischen Bildungstr\u00e4ger im Kreis Germersheim), dem die Stiftung angeh\u00f6rt und zur Zeit durch den Stiftungsvorsitzenden auch den Vorsitzenden stellt, veranstaltet am Mittwoch, den 4. November 2015, 18:30 Uhr, am FTSK der Johannes Gutenberg-Universit\u00e4t in Germersheim, An der Hochschule 2, H\u00f6rsaal 328 (Neubau), eine Veranstaltung anl\u00e4\u00dflich 70&hellip;<\/p>\n","protected":false},"author":1,"featured_media":0,"comment_status":"closed","ping_status":"open","sticky":false,"template":"","format":"standard","meta":[],"categories":[3],"tags":[],"class_list":["post-675","post","type-post","status-publish","format-standard","hentry","category-aktuell","category-3","description-off"],"yoast_head":"<!-- This site is optimized with the Yoast SEO plugin v25.9 - https:\/\/yoast.com\/wordpress\/plugins\/seo\/ -->\n<title>70 Jahre Frieden - eine Veranstantung des Beirates f\u00fcr Weiterbildung im Kreis Germersheim - Stiftung f\u00fcr \u00d6kologie und Demokratie e.V.<\/title>\n<meta name=\"description\" content=\"Die Stiftung f\u00fcr \u00d6kologie und Demokratie ist eine gemeinn\u00fctzige Organisation, ein auf Bundesebene von der Bundeszentrale f\u00fcr politische Bildung (BpB) anerkannter Tr\u00e4ger der politischen Bildung, der sich vor allem f\u00fcr Umwelt und die politische \u00d6kologie einsetzt.\" \/>\n<meta name=\"robots\" content=\"index, follow, max-snippet:-1, max-image-preview:large, max-video-preview:-1\" \/>\n<link rel=\"canonical\" href=\"https:\/\/www.stiftung-oekologie-u-demokratie.de\/T\/70-jahre-frieden-eine-veranstantung-des-beirates-fuer-weiterbildung-im-kreis-germersheim\/\" \/>\n<meta property=\"og:locale\" content=\"de_DE\" \/>\n<meta property=\"og:type\" content=\"article\" \/>\n<meta property=\"og:title\" content=\"70 Jahre Frieden - eine Veranstantung des Beirates f\u00fcr Weiterbildung im Kreis Germersheim - Stiftung f\u00fcr \u00d6kologie und Demokratie e.V.\" \/>\n<meta property=\"og:description\" content=\"Die Stiftung f\u00fcr \u00d6kologie und Demokratie ist eine gemeinn\u00fctzige Organisation, ein auf Bundesebene von der Bundeszentrale f\u00fcr politische Bildung (BpB) anerkannter Tr\u00e4ger der politischen Bildung, der sich vor allem f\u00fcr Umwelt und die politische \u00d6kologie einsetzt.\" \/>\n<meta property=\"og:url\" content=\"https:\/\/www.stiftung-oekologie-u-demokratie.de\/T\/70-jahre-frieden-eine-veranstantung-des-beirates-fuer-weiterbildung-im-kreis-germersheim\/\" \/>\n<meta property=\"og:site_name\" content=\"Stiftung f\u00fcr \u00d6kologie und Demokratie e.V.\" \/>\n<meta property=\"article:published_time\" content=\"2015-10-24T12:30:26+00:00\" \/>\n<meta property=\"article:modified_time\" content=\"2016-03-05T20:09:15+00:00\" \/>\n<meta name=\"author\" content=\"admin\" \/>\n<meta name=\"twitter:card\" content=\"summary_large_image\" \/>\n<meta name=\"twitter:label1\" content=\"Verfasst von\" \/>\n\t<meta name=\"twitter:data1\" content=\"admin\" \/>\n<script type=\"application\/ld+json\" class=\"yoast-schema-graph\">{\"@context\":\"https:\/\/schema.org\",\"@graph\":[{\"@type\":\"WebPage\",\"@id\":\"https:\/\/www.stiftung-oekologie-u-demokratie.de\/T\/70-jahre-frieden-eine-veranstantung-des-beirates-fuer-weiterbildung-im-kreis-germersheim\/\",\"url\":\"https:\/\/www.stiftung-oekologie-u-demokratie.de\/T\/70-jahre-frieden-eine-veranstantung-des-beirates-fuer-weiterbildung-im-kreis-germersheim\/\",\"name\":\"70 Jahre Frieden - eine Veranstantung des Beirates f\u00fcr Weiterbildung im Kreis Germersheim - Stiftung f\u00fcr \u00d6kologie und Demokratie e.V.\",\"isPartOf\":{\"@id\":\"https:\/\/www.stiftung-oekologie-u-demokratie.de\/T\/#website\"},\"datePublished\":\"2015-10-24T12:30:26+00:00\",\"dateModified\":\"2016-03-05T20:09:15+00:00\",\"author\":{\"@id\":\"https:\/\/www.stiftung-oekologie-u-demokratie.de\/T\/#\/schema\/person\/d256d4d56b82b746a9ccff0c5bf259e3\"},\"description\":\"Die Stiftung f\u00fcr \u00d6kologie und Demokratie ist eine gemeinn\u00fctzige Organisation, ein auf Bundesebene von der Bundeszentrale f\u00fcr politische Bildung (BpB) anerkannter Tr\u00e4ger der politischen Bildung, der sich vor allem f\u00fcr Umwelt und die politische \u00d6kologie einsetzt.\",\"breadcrumb\":{\"@id\":\"https:\/\/www.stiftung-oekologie-u-demokratie.de\/T\/70-jahre-frieden-eine-veranstantung-des-beirates-fuer-weiterbildung-im-kreis-germersheim\/#breadcrumb\"},\"inLanguage\":\"de\",\"potentialAction\":[{\"@type\":\"ReadAction\",\"target\":[\"https:\/\/www.stiftung-oekologie-u-demokratie.de\/T\/70-jahre-frieden-eine-veranstantung-des-beirates-fuer-weiterbildung-im-kreis-germersheim\/\"]}]},{\"@type\":\"BreadcrumbList\",\"@id\":\"https:\/\/www.stiftung-oekologie-u-demokratie.de\/T\/70-jahre-frieden-eine-veranstantung-des-beirates-fuer-weiterbildung-im-kreis-germersheim\/#breadcrumb\",\"itemListElement\":[{\"@type\":\"ListItem\",\"position\":1,\"name\":\"Home\",\"item\":\"https:\/\/www.stiftung-oekologie-u-demokratie.de\/T\/\"},{\"@type\":\"ListItem\",\"position\":2,\"name\":\"70 Jahre Frieden &#8211; eine Veranstantung des Beirates f\u00fcr Weiterbildung im Kreis Germersheim\"}]},{\"@type\":\"WebSite\",\"@id\":\"https:\/\/www.stiftung-oekologie-u-demokratie.de\/T\/#website\",\"url\":\"https:\/\/www.stiftung-oekologie-u-demokratie.de\/T\/\",\"name\":\"Stiftung f\u00fcr \u00d6kologie und Demokratie e.V.\",\"description\":\"Stiftung f\u00fcr \u00d6kologie und Demokratie e.V.\",\"potentialAction\":[{\"@type\":\"SearchAction\",\"target\":{\"@type\":\"EntryPoint\",\"urlTemplate\":\"https:\/\/www.stiftung-oekologie-u-demokratie.de\/T\/?s={search_term_string}\"},\"query-input\":{\"@type\":\"PropertyValueSpecification\",\"valueRequired\":true,\"valueName\":\"search_term_string\"}}],\"inLanguage\":\"de\"},{\"@type\":\"Person\",\"@id\":\"https:\/\/www.stiftung-oekologie-u-demokratie.de\/T\/#\/schema\/person\/d256d4d56b82b746a9ccff0c5bf259e3\",\"name\":\"admin\",\"url\":\"https:\/\/www.stiftung-oekologie-u-demokratie.de\/T\/author\/admin\/\"}]}<\/script>\n<!-- \/ Yoast SEO plugin. -->","yoast_head_json":{"title":"70 Jahre Frieden - eine Veranstantung des Beirates f\u00fcr Weiterbildung im Kreis Germersheim - Stiftung f\u00fcr \u00d6kologie und Demokratie e.V.","description":"Die Stiftung f\u00fcr \u00d6kologie und Demokratie ist eine gemeinn\u00fctzige Organisation, ein auf Bundesebene von der Bundeszentrale f\u00fcr politische Bildung (BpB) anerkannter Tr\u00e4ger der politischen Bildung, der sich vor allem f\u00fcr Umwelt und die politische \u00d6kologie einsetzt.","robots":{"index":"index","follow":"follow","max-snippet":"max-snippet:-1","max-image-preview":"max-image-preview:large","max-video-preview":"max-video-preview:-1"},"canonical":"https:\/\/www.stiftung-oekologie-u-demokratie.de\/T\/70-jahre-frieden-eine-veranstantung-des-beirates-fuer-weiterbildung-im-kreis-germersheim\/","og_locale":"de_DE","og_type":"article","og_title":"70 Jahre Frieden - eine Veranstantung des Beirates f\u00fcr Weiterbildung im Kreis Germersheim - Stiftung f\u00fcr \u00d6kologie und Demokratie e.V.","og_description":"Die Stiftung f\u00fcr \u00d6kologie und Demokratie ist eine gemeinn\u00fctzige Organisation, ein auf Bundesebene von der Bundeszentrale f\u00fcr politische Bildung (BpB) anerkannter Tr\u00e4ger der politischen Bildung, der sich vor allem f\u00fcr Umwelt und die politische \u00d6kologie einsetzt.","og_url":"https:\/\/www.stiftung-oekologie-u-demokratie.de\/T\/70-jahre-frieden-eine-veranstantung-des-beirates-fuer-weiterbildung-im-kreis-germersheim\/","og_site_name":"Stiftung f\u00fcr \u00d6kologie und Demokratie e.V.","article_published_time":"2015-10-24T12:30:26+00:00","article_modified_time":"2016-03-05T20:09:15+00:00","author":"admin","twitter_card":"summary_large_image","twitter_misc":{"Verfasst von":"admin"},"schema":{"@context":"https:\/\/schema.org","@graph":[{"@type":"WebPage","@id":"https:\/\/www.stiftung-oekologie-u-demokratie.de\/T\/70-jahre-frieden-eine-veranstantung-des-beirates-fuer-weiterbildung-im-kreis-germersheim\/","url":"https:\/\/www.stiftung-oekologie-u-demokratie.de\/T\/70-jahre-frieden-eine-veranstantung-des-beirates-fuer-weiterbildung-im-kreis-germersheim\/","name":"70 Jahre Frieden - eine Veranstantung des Beirates f\u00fcr Weiterbildung im Kreis Germersheim - Stiftung f\u00fcr \u00d6kologie und Demokratie e.V.","isPartOf":{"@id":"https:\/\/www.stiftung-oekologie-u-demokratie.de\/T\/#website"},"datePublished":"2015-10-24T12:30:26+00:00","dateModified":"2016-03-05T20:09:15+00:00","author":{"@id":"https:\/\/www.stiftung-oekologie-u-demokratie.de\/T\/#\/schema\/person\/d256d4d56b82b746a9ccff0c5bf259e3"},"description":"Die Stiftung f\u00fcr \u00d6kologie und Demokratie ist eine gemeinn\u00fctzige Organisation, ein auf Bundesebene von der Bundeszentrale f\u00fcr politische Bildung (BpB) anerkannter Tr\u00e4ger der politischen Bildung, der sich vor allem f\u00fcr Umwelt und die politische \u00d6kologie einsetzt.","breadcrumb":{"@id":"https:\/\/www.stiftung-oekologie-u-demokratie.de\/T\/70-jahre-frieden-eine-veranstantung-des-beirates-fuer-weiterbildung-im-kreis-germersheim\/#breadcrumb"},"inLanguage":"de","potentialAction":[{"@type":"ReadAction","target":["https:\/\/www.stiftung-oekologie-u-demokratie.de\/T\/70-jahre-frieden-eine-veranstantung-des-beirates-fuer-weiterbildung-im-kreis-germersheim\/"]}]},{"@type":"BreadcrumbList","@id":"https:\/\/www.stiftung-oekologie-u-demokratie.de\/T\/70-jahre-frieden-eine-veranstantung-des-beirates-fuer-weiterbildung-im-kreis-germersheim\/#breadcrumb","itemListElement":[{"@type":"ListItem","position":1,"name":"Home","item":"https:\/\/www.stiftung-oekologie-u-demokratie.de\/T\/"},{"@type":"ListItem","position":2,"name":"70 Jahre Frieden &#8211; eine Veranstantung des Beirates f\u00fcr Weiterbildung im Kreis Germersheim"}]},{"@type":"WebSite","@id":"https:\/\/www.stiftung-oekologie-u-demokratie.de\/T\/#website","url":"https:\/\/www.stiftung-oekologie-u-demokratie.de\/T\/","name":"Stiftung f\u00fcr \u00d6kologie und Demokratie e.V.","description":"Stiftung f\u00fcr \u00d6kologie und Demokratie e.V.","potentialAction":[{"@type":"SearchAction","target":{"@type":"EntryPoint","urlTemplate":"https:\/\/www.stiftung-oekologie-u-demokratie.de\/T\/?s={search_term_string}"},"query-input":{"@type":"PropertyValueSpecification","valueRequired":true,"valueName":"search_term_string"}}],"inLanguage":"de"},{"@type":"Person","@id":"https:\/\/www.stiftung-oekologie-u-demokratie.de\/T\/#\/schema\/person\/d256d4d56b82b746a9ccff0c5bf259e3","name":"admin","url":"https:\/\/www.stiftung-oekologie-u-demokratie.de\/T\/author\/admin\/"}]}},"_links":{"self":[{"href":"https:\/\/www.stiftung-oekologie-u-demokratie.de\/T\/wp-json\/wp\/v2\/posts\/675","targetHints":{"allow":["GET"]}}],"collection":[{"href":"https:\/\/www.stiftung-oekologie-u-demokratie.de\/T\/wp-json\/wp\/v2\/posts"}],"about":[{"href":"https:\/\/www.stiftung-oekologie-u-demokratie.de\/T\/wp-json\/wp\/v2\/types\/post"}],"author":[{"embeddable":true,"href":"https:\/\/www.stiftung-oekologie-u-demokratie.de\/T\/wp-json\/wp\/v2\/users\/1"}],"replies":[{"embeddable":true,"href":"https:\/\/www.stiftung-oekologie-u-demokratie.de\/T\/wp-json\/wp\/v2\/comments?post=675"}],"version-history":[{"count":1,"href":"https:\/\/www.stiftung-oekologie-u-demokratie.de\/T\/wp-json\/wp\/v2\/posts\/675\/revisions"}],"predecessor-version":[{"id":676,"href":"https:\/\/www.stiftung-oekologie-u-demokratie.de\/T\/wp-json\/wp\/v2\/posts\/675\/revisions\/676"}],"wp:attachment":[{"href":"https:\/\/www.stiftung-oekologie-u-demokratie.de\/T\/wp-json\/wp\/v2\/media?parent=675"}],"wp:term":[{"taxonomy":"category","embeddable":true,"href":"https:\/\/www.stiftung-oekologie-u-demokratie.de\/T\/wp-json\/wp\/v2\/categories?post=675"},{"taxonomy":"post_tag","embeddable":true,"href":"https:\/\/www.stiftung-oekologie-u-demokratie.de\/T\/wp-json\/wp\/v2\/tags?post=675"}],"curies":[{"name":"wp","href":"https:\/\/api.w.org\/{rel}","templated":true}]}}