{"id":616,"date":"2015-06-28T11:45:21","date_gmt":"2015-06-28T09:45:21","guid":{"rendered":"https:\/\/www.stiftung-oekologie-u-demokratie.de\/T\/?p=616"},"modified":"2015-09-05T21:09:38","modified_gmt":"2015-09-05T19:09:38","slug":"hildegard-exkursion-stiess-auf-grosses-interesse","status":"publish","type":"post","link":"https:\/\/www.stiftung-oekologie-u-demokratie.de\/T\/hildegard-exkursion-stiess-auf-grosses-interesse\/","title":{"rendered":"Hildegard-Exkursion stie\u00df auf gro\u00dfes Interesse"},"content":{"rendered":"<p><a href=\"https:\/\/www.stiftung-oekologie-u-demokratie.de\/T\/wp-content\/uploads\/2015\/06\/P1170030.jpg\"><img decoding=\"async\" src=\"https:\/\/www.stiftung-oekologie-u-demokratie.de\/T\/wp-content\/uploads\/2015\/06\/P1170030-300x225.jpg\" alt=\"P1170030\" width=\"450\" class=\"aligncenter size-medium wp-image-618\" srcset=\"https:\/\/www.stiftung-oekologie-u-demokratie.de\/T\/wp-content\/uploads\/2015\/06\/P1170030-300x225.jpg 300w, https:\/\/www.stiftung-oekologie-u-demokratie.de\/T\/wp-content\/uploads\/2015\/06\/P1170030-600x450.jpg 600w, https:\/\/www.stiftung-oekologie-u-demokratie.de\/T\/wp-content\/uploads\/2015\/06\/P1170030-1024x768.jpg 1024w, https:\/\/www.stiftung-oekologie-u-demokratie.de\/T\/wp-content\/uploads\/2015\/06\/P1170030-450x338.jpg 450w, https:\/\/www.stiftung-oekologie-u-demokratie.de\/T\/wp-content\/uploads\/2015\/06\/P1170030.jpg 2048w\" sizes=\"(max-width: 300px) 100vw, 300px\" \/><\/a><\/p>\n<p>Nachdem die Stiftung f\u00fcr \u00d6kologie und Demokratie e.V. im vergangenen Jahr<br \/>\nHildegard von Bingen (1098 \u2013 1179) als \u201ePatronin der \u00d6kologie\u201c proklamiert hat,<br \/>\nveranstaltete die Stiftung am Wochenende von R\u00fclzheim aus mit Zusteigem\u00f6glichkeit<br \/>\nin Speyer eine Exkursion \u201eAuf den Spuren von Hildegard von Bingen\u201c, die auf gro\u00dfes<br \/>\nInteresse stie\u00df.<\/p>\n<p>Nach Auffassung des Stiftungsvorsitzenden Hans-Joachim Ritter, der die<br \/>\nReiseleitung \u00fcbernommen hatte, war Hildegard von Bingen eine au\u00dfergew\u00f6hnliche<br \/>\nFrau, eine fr\u00fche \u00d6kologin, eine gefragte Ratgeberin, die aber auch Kaiser und<br \/>\nBisch\u00f6fe wegen ihres Machthungers ermahnte, eine Frau mit seherischen<br \/>\nF\u00e4higkeiten, die die umfassendste Korrespondenz des Mittelalters pflegte und die<br \/>\nKl\u00f6ster auf dem Rupertsberg oberhalb von Bingen und Eibingen gr\u00fcndete.<\/p>\n<p>Erstes Ziel der Exkursion war die Wallfahrts- und Pfarrkirche Eibingen, dem ehem.<br \/>\nKloster Eibingen, wo sich der Schrein der Hildegard von Bingen befindet, die im<br \/>\nJahre 2012 heilig gesprochen und zur Kirchenlehrerin erhoben wurde. Von dort ging<br \/>\nes weiter zur Benedinerinnenabtei St. Hildegard oberhalb von Eibingen. Hier hielt<br \/>\nSchw. Philippa Rath OSB, die \u201e\u00d6kologia 2013\u201c, einen Vortrag \u00fcber die Patronin der<br \/>\n\u00d6kologie. Sie hob hervor, da\u00df man die vielschichtigen Begabungen und Aktivit\u00e4ten<br \/>\nvon Hildegard nicht isoliert, sondern ganzheitlich auf Gott, dem \u201eLicht, das ich<br \/>\nschaue\u201c (so Hildegard von Bingen), sehen m\u00fcsse. Nach der Gelegenheit zum<br \/>\nBesuch des Klosterladens erl\u00e4uterte Schw. Philippa Rath OSB die im<br \/>\nneuromanischen Stil in den Jahren 1900 \u2013 1904 errichtete Klosterkirche. Auch an<br \/>\ndem anschlie\u00dfenden Mittagsgebet mit gregorianischen Ges\u00e4ngen nahmen die<br \/>\nReiseteilnehmer teil bevor die Fahrt zu einem hildegardischen Buffet beim Hildegard-<br \/>\nForum auf dem Rochusberg oberhalb von Bingen weiterging.<\/p>\n<p><a href=\"https:\/\/www.stiftung-oekologie-u-demokratie.de\/T\/wp-content\/uploads\/2015\/06\/P61420441.jpg\"><img decoding=\"async\" src=\"https:\/\/www.stiftung-oekologie-u-demokratie.de\/T\/wp-content\/uploads\/2015\/06\/P61420441.jpg\" alt=\"OLYMPUS DIGITAL CAMERA\" width=\"1\" height=\"1\" class=\"aligncenter size-medium wp-image-620\" \/><\/a><\/p>\n<p>Letzte Station der Exkursion war schlie\u00dflich die Klosterruine auf dem Disibodenberg,<br \/>\nwo Hildegard bis zur \u00dcbersiedlung ihres neuen Klosters auf dem Rupertsberg bis<br \/>\nzum Jahre 1152 40 Jahre ihres Lebens gewirkt und wichtige Schriften, wie die<br \/>\n\u201eScivias\u201c (\u201eWisse die Wege\u201c) verfa\u00dft hat. Leider findet man dort nur noch Ruinen der<br \/>\nurspr\u00fcnglichen Geb\u00e4ude vor. Dennoch sind diese sehr beeindruckend. Die<br \/>\nurspr\u00fcnglich 3 Hektar umfassende Klosteranlage mit einer dreischiffigen, 50 Meter<br \/>\nlangen Kirche, einem m\u00e4chtigen Abteigeb\u00e4ude mit Weinkeller und erstaunlich<br \/>\ngro\u00dfem Hospital beeindruckte die Exkursionsteilnehmer. Am Fu\u00df des<br \/>\nDisibodenberges befindet sich ein Museum mit einem Modell des ehemaligen<br \/>\nKlosters und zahlreichen Funden des Klosters.<\/p>\n<p>Die Stiftung plant erneut f\u00fcr ihr Jubil\u00e4umsjahr 2017 erneut eine entsprechende<br \/>\nExkursion.<\/p>\n","protected":false},"excerpt":{"rendered":"<p>Nachdem die Stiftung f\u00fcr \u00d6kologie und Demokratie e.V. im vergangenen Jahr Hildegard von Bingen (1098 \u2013 1179) als \u201ePatronin der \u00d6kologie\u201c proklamiert hat, veranstaltete die Stiftung am Wochenende von R\u00fclzheim aus mit Zusteigem\u00f6glichkeit in Speyer eine Exkursion \u201eAuf den Spuren von Hildegard von Bingen\u201c, die auf gro\u00dfes Interesse stie\u00df. Nach Auffassung des Stiftungsvorsitzenden Hans-Joachim Ritter,&hellip;<\/p>\n","protected":false},"author":1,"featured_media":0,"comment_status":"closed","ping_status":"closed","sticky":false,"template":"","format":"standard","meta":[],"categories":[3],"tags":[],"class_list":["post-616","post","type-post","status-publish","format-standard","hentry","category-aktuell","category-3","description-off"],"yoast_head":"<!-- This site is optimized with the Yoast SEO plugin v25.9 - https:\/\/yoast.com\/wordpress\/plugins\/seo\/ -->\n<title>Stiftung f\u00fcr \u00d6kologie und Demokratie e.V. - Hildegard von Bingen<\/title>\n<meta name=\"description\" content=\"Die Stiftung f\u00fcr \u00d6kologie und Demokratie ist eine gemeinn\u00fctzige Organisation, ein auf Bundesebene von der Bundeszentrale f\u00fcr politische Bildung (BpB) anerkannter Tr\u00e4ger der politischen Bildung, der sich vor allem f\u00fcr Umwelt und die politische \u00d6kologie einsetzt.\" \/>\n<meta name=\"robots\" content=\"index, follow, max-snippet:-1, max-image-preview:large, max-video-preview:-1\" \/>\n<link rel=\"canonical\" href=\"https:\/\/www.stiftung-oekologie-u-demokratie.de\/T\/hildegard-exkursion-stiess-auf-grosses-interesse\/\" \/>\n<meta property=\"og:locale\" content=\"de_DE\" \/>\n<meta property=\"og:type\" content=\"article\" \/>\n<meta property=\"og:title\" content=\"Stiftung f\u00fcr \u00d6kologie und Demokratie e.V. - Hildegard von Bingen\" \/>\n<meta property=\"og:description\" content=\"Die Stiftung f\u00fcr \u00d6kologie und Demokratie ist eine gemeinn\u00fctzige Organisation, ein auf Bundesebene von der Bundeszentrale f\u00fcr politische Bildung (BpB) anerkannter Tr\u00e4ger der politischen Bildung, der sich vor allem f\u00fcr Umwelt und die politische \u00d6kologie einsetzt.\" \/>\n<meta property=\"og:url\" content=\"https:\/\/www.stiftung-oekologie-u-demokratie.de\/T\/hildegard-exkursion-stiess-auf-grosses-interesse\/\" \/>\n<meta property=\"og:site_name\" content=\"Stiftung f\u00fcr \u00d6kologie und Demokratie e.V.\" \/>\n<meta property=\"article:published_time\" content=\"2015-06-28T09:45:21+00:00\" \/>\n<meta property=\"article:modified_time\" content=\"2015-09-05T19:09:38+00:00\" \/>\n<meta property=\"og:image\" content=\"https:\/\/www.stiftung-oekologie-u-demokratie.de\/T\/wp-content\/uploads\/2015\/06\/P1170030.jpg\" \/>\n\t<meta property=\"og:image:width\" content=\"2048\" \/>\n\t<meta property=\"og:image:height\" content=\"1536\" \/>\n\t<meta property=\"og:image:type\" content=\"image\/jpeg\" \/>\n<meta name=\"author\" content=\"admin\" \/>\n<meta name=\"twitter:card\" content=\"summary_large_image\" \/>\n<meta name=\"twitter:label1\" content=\"Verfasst von\" \/>\n\t<meta name=\"twitter:data1\" content=\"admin\" \/>\n\t<meta name=\"twitter:label2\" content=\"Gesch\u00e4tzte Lesezeit\" \/>\n\t<meta name=\"twitter:data2\" content=\"2\u00a0Minuten\" \/>\n<script type=\"application\/ld+json\" class=\"yoast-schema-graph\">{\"@context\":\"https:\/\/schema.org\",\"@graph\":[{\"@type\":\"WebPage\",\"@id\":\"https:\/\/www.stiftung-oekologie-u-demokratie.de\/T\/hildegard-exkursion-stiess-auf-grosses-interesse\/\",\"url\":\"https:\/\/www.stiftung-oekologie-u-demokratie.de\/T\/hildegard-exkursion-stiess-auf-grosses-interesse\/\",\"name\":\"Stiftung f\u00fcr \u00d6kologie und Demokratie e.V. - Hildegard von Bingen\",\"isPartOf\":{\"@id\":\"https:\/\/www.stiftung-oekologie-u-demokratie.de\/T\/#website\"},\"primaryImageOfPage\":{\"@id\":\"https:\/\/www.stiftung-oekologie-u-demokratie.de\/T\/hildegard-exkursion-stiess-auf-grosses-interesse\/#primaryimage\"},\"image\":{\"@id\":\"https:\/\/www.stiftung-oekologie-u-demokratie.de\/T\/hildegard-exkursion-stiess-auf-grosses-interesse\/#primaryimage\"},\"thumbnailUrl\":\"https:\/\/www.stiftung-oekologie-u-demokratie.de\/T\/wp-content\/uploads\/2015\/06\/P1170030-300x225.jpg\",\"datePublished\":\"2015-06-28T09:45:21+00:00\",\"dateModified\":\"2015-09-05T19:09:38+00:00\",\"author\":{\"@id\":\"https:\/\/www.stiftung-oekologie-u-demokratie.de\/T\/#\/schema\/person\/d256d4d56b82b746a9ccff0c5bf259e3\"},\"description\":\"Die Stiftung f\u00fcr \u00d6kologie und Demokratie ist eine gemeinn\u00fctzige Organisation, ein auf Bundesebene von der Bundeszentrale f\u00fcr politische Bildung (BpB) anerkannter Tr\u00e4ger der politischen Bildung, der sich vor allem f\u00fcr Umwelt und die politische \u00d6kologie einsetzt.\",\"breadcrumb\":{\"@id\":\"https:\/\/www.stiftung-oekologie-u-demokratie.de\/T\/hildegard-exkursion-stiess-auf-grosses-interesse\/#breadcrumb\"},\"inLanguage\":\"de\",\"potentialAction\":[{\"@type\":\"ReadAction\",\"target\":[\"https:\/\/www.stiftung-oekologie-u-demokratie.de\/T\/hildegard-exkursion-stiess-auf-grosses-interesse\/\"]}]},{\"@type\":\"ImageObject\",\"inLanguage\":\"de\",\"@id\":\"https:\/\/www.stiftung-oekologie-u-demokratie.de\/T\/hildegard-exkursion-stiess-auf-grosses-interesse\/#primaryimage\",\"url\":\"https:\/\/www.stiftung-oekologie-u-demokratie.de\/T\/wp-content\/uploads\/2015\/06\/P1170030.jpg\",\"contentUrl\":\"https:\/\/www.stiftung-oekologie-u-demokratie.de\/T\/wp-content\/uploads\/2015\/06\/P1170030.jpg\",\"width\":2048,\"height\":1536},{\"@type\":\"BreadcrumbList\",\"@id\":\"https:\/\/www.stiftung-oekologie-u-demokratie.de\/T\/hildegard-exkursion-stiess-auf-grosses-interesse\/#breadcrumb\",\"itemListElement\":[{\"@type\":\"ListItem\",\"position\":1,\"name\":\"Home\",\"item\":\"https:\/\/www.stiftung-oekologie-u-demokratie.de\/T\/\"},{\"@type\":\"ListItem\",\"position\":2,\"name\":\"Hildegard-Exkursion stie\u00df auf gro\u00dfes Interesse\"}]},{\"@type\":\"WebSite\",\"@id\":\"https:\/\/www.stiftung-oekologie-u-demokratie.de\/T\/#website\",\"url\":\"https:\/\/www.stiftung-oekologie-u-demokratie.de\/T\/\",\"name\":\"Stiftung f\u00fcr \u00d6kologie und Demokratie e.V.\",\"description\":\"Stiftung f\u00fcr \u00d6kologie und Demokratie e.V.\",\"potentialAction\":[{\"@type\":\"SearchAction\",\"target\":{\"@type\":\"EntryPoint\",\"urlTemplate\":\"https:\/\/www.stiftung-oekologie-u-demokratie.de\/T\/?s={search_term_string}\"},\"query-input\":{\"@type\":\"PropertyValueSpecification\",\"valueRequired\":true,\"valueName\":\"search_term_string\"}}],\"inLanguage\":\"de\"},{\"@type\":\"Person\",\"@id\":\"https:\/\/www.stiftung-oekologie-u-demokratie.de\/T\/#\/schema\/person\/d256d4d56b82b746a9ccff0c5bf259e3\",\"name\":\"admin\",\"url\":\"https:\/\/www.stiftung-oekologie-u-demokratie.de\/T\/author\/admin\/\"}]}<\/script>\n<!-- \/ Yoast SEO plugin. -->","yoast_head_json":{"title":"Stiftung f\u00fcr \u00d6kologie und Demokratie e.V. - Hildegard von Bingen","description":"Die Stiftung f\u00fcr \u00d6kologie und Demokratie ist eine gemeinn\u00fctzige Organisation, ein auf Bundesebene von der Bundeszentrale f\u00fcr politische Bildung (BpB) anerkannter Tr\u00e4ger der politischen Bildung, der sich vor allem f\u00fcr Umwelt und die politische \u00d6kologie einsetzt.","robots":{"index":"index","follow":"follow","max-snippet":"max-snippet:-1","max-image-preview":"max-image-preview:large","max-video-preview":"max-video-preview:-1"},"canonical":"https:\/\/www.stiftung-oekologie-u-demokratie.de\/T\/hildegard-exkursion-stiess-auf-grosses-interesse\/","og_locale":"de_DE","og_type":"article","og_title":"Stiftung f\u00fcr \u00d6kologie und Demokratie e.V. - Hildegard von Bingen","og_description":"Die Stiftung f\u00fcr \u00d6kologie und Demokratie ist eine gemeinn\u00fctzige Organisation, ein auf Bundesebene von der Bundeszentrale f\u00fcr politische Bildung (BpB) anerkannter Tr\u00e4ger der politischen Bildung, der sich vor allem f\u00fcr Umwelt und die politische \u00d6kologie einsetzt.","og_url":"https:\/\/www.stiftung-oekologie-u-demokratie.de\/T\/hildegard-exkursion-stiess-auf-grosses-interesse\/","og_site_name":"Stiftung f\u00fcr \u00d6kologie und Demokratie e.V.","article_published_time":"2015-06-28T09:45:21+00:00","article_modified_time":"2015-09-05T19:09:38+00:00","og_image":[{"width":2048,"height":1536,"url":"https:\/\/www.stiftung-oekologie-u-demokratie.de\/T\/wp-content\/uploads\/2015\/06\/P1170030.jpg","type":"image\/jpeg"}],"author":"admin","twitter_card":"summary_large_image","twitter_misc":{"Verfasst von":"admin","Gesch\u00e4tzte Lesezeit":"2\u00a0Minuten"},"schema":{"@context":"https:\/\/schema.org","@graph":[{"@type":"WebPage","@id":"https:\/\/www.stiftung-oekologie-u-demokratie.de\/T\/hildegard-exkursion-stiess-auf-grosses-interesse\/","url":"https:\/\/www.stiftung-oekologie-u-demokratie.de\/T\/hildegard-exkursion-stiess-auf-grosses-interesse\/","name":"Stiftung f\u00fcr \u00d6kologie und Demokratie e.V. - Hildegard von Bingen","isPartOf":{"@id":"https:\/\/www.stiftung-oekologie-u-demokratie.de\/T\/#website"},"primaryImageOfPage":{"@id":"https:\/\/www.stiftung-oekologie-u-demokratie.de\/T\/hildegard-exkursion-stiess-auf-grosses-interesse\/#primaryimage"},"image":{"@id":"https:\/\/www.stiftung-oekologie-u-demokratie.de\/T\/hildegard-exkursion-stiess-auf-grosses-interesse\/#primaryimage"},"thumbnailUrl":"https:\/\/www.stiftung-oekologie-u-demokratie.de\/T\/wp-content\/uploads\/2015\/06\/P1170030-300x225.jpg","datePublished":"2015-06-28T09:45:21+00:00","dateModified":"2015-09-05T19:09:38+00:00","author":{"@id":"https:\/\/www.stiftung-oekologie-u-demokratie.de\/T\/#\/schema\/person\/d256d4d56b82b746a9ccff0c5bf259e3"},"description":"Die Stiftung f\u00fcr \u00d6kologie und Demokratie ist eine gemeinn\u00fctzige Organisation, ein auf Bundesebene von der Bundeszentrale f\u00fcr politische Bildung (BpB) anerkannter Tr\u00e4ger der politischen Bildung, der sich vor allem f\u00fcr Umwelt und die politische \u00d6kologie einsetzt.","breadcrumb":{"@id":"https:\/\/www.stiftung-oekologie-u-demokratie.de\/T\/hildegard-exkursion-stiess-auf-grosses-interesse\/#breadcrumb"},"inLanguage":"de","potentialAction":[{"@type":"ReadAction","target":["https:\/\/www.stiftung-oekologie-u-demokratie.de\/T\/hildegard-exkursion-stiess-auf-grosses-interesse\/"]}]},{"@type":"ImageObject","inLanguage":"de","@id":"https:\/\/www.stiftung-oekologie-u-demokratie.de\/T\/hildegard-exkursion-stiess-auf-grosses-interesse\/#primaryimage","url":"https:\/\/www.stiftung-oekologie-u-demokratie.de\/T\/wp-content\/uploads\/2015\/06\/P1170030.jpg","contentUrl":"https:\/\/www.stiftung-oekologie-u-demokratie.de\/T\/wp-content\/uploads\/2015\/06\/P1170030.jpg","width":2048,"height":1536},{"@type":"BreadcrumbList","@id":"https:\/\/www.stiftung-oekologie-u-demokratie.de\/T\/hildegard-exkursion-stiess-auf-grosses-interesse\/#breadcrumb","itemListElement":[{"@type":"ListItem","position":1,"name":"Home","item":"https:\/\/www.stiftung-oekologie-u-demokratie.de\/T\/"},{"@type":"ListItem","position":2,"name":"Hildegard-Exkursion stie\u00df auf gro\u00dfes Interesse"}]},{"@type":"WebSite","@id":"https:\/\/www.stiftung-oekologie-u-demokratie.de\/T\/#website","url":"https:\/\/www.stiftung-oekologie-u-demokratie.de\/T\/","name":"Stiftung f\u00fcr \u00d6kologie und Demokratie e.V.","description":"Stiftung f\u00fcr \u00d6kologie und Demokratie e.V.","potentialAction":[{"@type":"SearchAction","target":{"@type":"EntryPoint","urlTemplate":"https:\/\/www.stiftung-oekologie-u-demokratie.de\/T\/?s={search_term_string}"},"query-input":{"@type":"PropertyValueSpecification","valueRequired":true,"valueName":"search_term_string"}}],"inLanguage":"de"},{"@type":"Person","@id":"https:\/\/www.stiftung-oekologie-u-demokratie.de\/T\/#\/schema\/person\/d256d4d56b82b746a9ccff0c5bf259e3","name":"admin","url":"https:\/\/www.stiftung-oekologie-u-demokratie.de\/T\/author\/admin\/"}]}},"_links":{"self":[{"href":"https:\/\/www.stiftung-oekologie-u-demokratie.de\/T\/wp-json\/wp\/v2\/posts\/616","targetHints":{"allow":["GET"]}}],"collection":[{"href":"https:\/\/www.stiftung-oekologie-u-demokratie.de\/T\/wp-json\/wp\/v2\/posts"}],"about":[{"href":"https:\/\/www.stiftung-oekologie-u-demokratie.de\/T\/wp-json\/wp\/v2\/types\/post"}],"author":[{"embeddable":true,"href":"https:\/\/www.stiftung-oekologie-u-demokratie.de\/T\/wp-json\/wp\/v2\/users\/1"}],"replies":[{"embeddable":true,"href":"https:\/\/www.stiftung-oekologie-u-demokratie.de\/T\/wp-json\/wp\/v2\/comments?post=616"}],"version-history":[{"count":3,"href":"https:\/\/www.stiftung-oekologie-u-demokratie.de\/T\/wp-json\/wp\/v2\/posts\/616\/revisions"}],"predecessor-version":[{"id":625,"href":"https:\/\/www.stiftung-oekologie-u-demokratie.de\/T\/wp-json\/wp\/v2\/posts\/616\/revisions\/625"}],"wp:attachment":[{"href":"https:\/\/www.stiftung-oekologie-u-demokratie.de\/T\/wp-json\/wp\/v2\/media?parent=616"}],"wp:term":[{"taxonomy":"category","embeddable":true,"href":"https:\/\/www.stiftung-oekologie-u-demokratie.de\/T\/wp-json\/wp\/v2\/categories?post=616"},{"taxonomy":"post_tag","embeddable":true,"href":"https:\/\/www.stiftung-oekologie-u-demokratie.de\/T\/wp-json\/wp\/v2\/tags?post=616"}],"curies":[{"name":"wp","href":"https:\/\/api.w.org\/{rel}","templated":true}]}}