{"id":58090,"date":"2023-12-29T01:13:25","date_gmt":"2023-12-28T23:13:25","guid":{"rendered":"https:\/\/www.stiftung-oekologie-u-demokratie.de\/T\/?p=58090"},"modified":"2023-12-29T01:13:45","modified_gmt":"2023-12-28T23:13:45","slug":"neujahrsansprache-von-hans-joachim-ritter-vorsitzender-der-stiftung-fuer-oekologie-und-demokratie-e-v-2","status":"publish","type":"post","link":"https:\/\/www.stiftung-oekologie-u-demokratie.de\/T\/neujahrsansprache-von-hans-joachim-ritter-vorsitzender-der-stiftung-fuer-oekologie-und-demokratie-e-v-2\/","title":{"rendered":"Neujahrsansprache von Hans-Joachim Ritter, Vorsitzender der Stiftung f\u00fcr \u00d6kologie und Demokratie e.V."},"content":{"rendered":"<p><a class=\"dt-pswp-item\" href=\"https:\/\/www.stiftung-oekologie-u-demokratie.de\/T\/wp-content\/uploads\/2023\/12\/Ritter-002.jpeg\" data-dt-img-description=\"\" data-large_image_width=\"640\" data-large_image_height=\"427\"><img fetchpriority=\"high\" decoding=\"async\" class=\"aligncenter size-medium wp-image-58091\" src=\"https:\/\/www.stiftung-oekologie-u-demokratie.de\/T\/wp-content\/uploads\/2023\/12\/Ritter-002-300x200.jpeg\" alt=\"\" width=\"300\" height=\"200\" srcset=\"https:\/\/www.stiftung-oekologie-u-demokratie.de\/T\/wp-content\/uploads\/2023\/12\/Ritter-002-300x200.jpeg 300w, https:\/\/www.stiftung-oekologie-u-demokratie.de\/T\/wp-content\/uploads\/2023\/12\/Ritter-002-600x400.jpeg 600w, https:\/\/www.stiftung-oekologie-u-demokratie.de\/T\/wp-content\/uploads\/2023\/12\/Ritter-002-272x182.jpeg 272w, https:\/\/www.stiftung-oekologie-u-demokratie.de\/T\/wp-content\/uploads\/2023\/12\/Ritter-002.jpeg 640w\" sizes=\"(max-width: 300px) 100vw, 300px\" \/><\/a><\/p>\n<p>Liebe Mitb\u00fcrgerinnen,<\/p>\n<p>liebe Mitb\u00fcrger,<\/p>\n<p>&nbsp;<\/p>\n<p>das vergangene Jahr war erneut sehr anstrengend und fordernd mit vielen negativen Ereignissen.<\/p>\n<p>&nbsp;<\/p>\n<p>Der \u00fcberfallartige Angriffskrieg Russlands auf die Ukraine, der am 24. Februar 2022 begann und mittlerweile schon fast zwei Jahre andauert, wird seit dem 7. Oktober durch den Terrorkrieg der islamistischen Organisation Hamas gegen Israel medial \u00fcberlagert. Die pal\u00e4stinensische Zivilbev\u00f6lkerung des Gazastreifens&nbsp; &nbsp;leidet im doppelten Sinne, da sie von der Hamas als Schutzschild benutzt wird und andererseits die legitimen israelischen Vergeltungsschl\u00e4ge vor der Zivilbev\u00f6lkerung und deren Einrichtungen wie Krankenh\u00e4usern und Schulen kein Halten kennt.<\/p>\n<p>Die Folgen dieser Kriege, wie wir sie aktuell t\u00e4glich in den Medien erleben m\u00fcssen, sind massenhafte T\u00f6tungen und riesige Zerst\u00f6rungen, furchtbares Leid, &nbsp;Fl\u00fcchtlingsstr\u00f6me von Menschen, vor allem Frauen mit Kindern, &nbsp;aus der Ukraine mit der Folge, dass die Aufnahmekapazit\u00e4ten bereits am Limit sind, zumal weiterhin viele Asylsuchende aus zahlreichen Regionen unserer Erde nach wie vor bei uns in Deutschland aufgenommen werden wollen, eine Energiekrise aufgrund der Tatsache, dass Russland einerseits \u00fcber die Gaspipelines nichts mehr liefert und andererseits, durch unseren Verzicht auf russisches Gas und \u00d6l. Schlie\u00dflich f\u00fchrte die Knappheit von fossilen Energien zur h\u00f6chsten Inflation seit dem 2. Weltkrieg. Auch im neuen Jahr werden die barbarischen Kriege, bei dem neben milit\u00e4rischen Zielen auch die Zivilbev\u00f6lkerung und die Infrastruktur angegriffen werden, weitergehen. Wir hoffen auf ein baldiges Ende der Kriege in der Ukraine und im Gazastreifen.<\/p>\n<p>&nbsp;<\/p>\n<p>Als wenn all das noch nicht genug w\u00e4re, belastet die Menschheit nach wie vor die Klimaproblematik. Bisher sind wir von einer Erderw\u00e4rmung von 1,1 Grad ausgegangen. In Deutschland sind wir inzwischen schon bei 2,3 Grad angelangt, da Deutschland ein Landgebiet ist. Viele Landgebiete erw\u00e4rmen sind doppelt so schnell wie die globale Erde im Durchschnitt. Der Klimaforscher Stefan Rahmstorf vom Potsdam-Institut f\u00fcr Klimafolgenforschung, unserem Preistr\u00e4ger des \u201eGoldenen Baumes\u201c des Jahres 2022, hat eine hypothetische Berechnung angestellt, was w\u00e4re, wenn die Erderw\u00e4rmung um 3 Grad steigen w\u00fcrde. Bei 3 Grad zus\u00e4tzlicher globaler Erw\u00e4rmung w\u00e4ren bei uns in Deutschland zus\u00e4tzlich 6 Grad zu erwarten. Damit w\u00e4re Berlin w\u00e4rmer als Madrid heute. Wenn die Menschen fr\u00fcher unter Hitzerekord von 39 Grad st\u00f6hnten, d\u00fcrften dann eher 45 Grad vorherrschen. Die Belastungsgrenze des menschlichen K\u00f6rpers liegt bei einer anhaltenden K\u00fchlgrenztemperatur von 35 Grad Celsius, doch schon unterhalb von 30 Grad wird es gef\u00e4hrlich. Was trotz allem Hoffnung macht, ist, dass die 3-Grad-Welt-Marke kein unvermeidliches Schicksal ist. Noch ist es m\u00f6glich, die Erw\u00e4rmung auf nahe der 1,5-Grad-Marke zu begrenzen, was 2015 in Paris von der Weltgemeinschaft beschlossen wurde, wozu sich hierzulande fast alle Politiker bekennen und was die k\u00fcrzlich in Dubai veranstaltete Weltklima-Konferenz erneut best\u00e4tigt hat. Sowohl der Klimaschutz als auch Ma\u00dfnahmen zur Anpassung an den Klimawandel m\u00fcssen k\u00fcnftig konsequenter als bisher im Zentrum politischer Entscheidungen stehen, wie dies auch das Bundesverfassungsgericht am 24.03.2021 festgestellt hat.<\/p>\n<p>&nbsp;<\/p>\n<p>Bedingt durch die Energiekrise ist die Nachfrage nach Erneuerbaren Energien sprunghaft gestiegen. 51 % der Bestandsgeb\u00e4ude in Deutschland werden aktuell noch mit Gas beheizt und ungef\u00e4hr ein Viertel mit \u00d6l bzw. Holz und Pellets. Durch den Krieg wurde die gr\u00f6\u00dfte Energiekrise der fossilen Energien ausgel\u00f6st. Nicht wenige haben davor gewarnt. Die gro\u00dfe Herausforderung der Zukunft besteht jetzt darin, die Bestandsgeb\u00e4ude auf Erneuerbare Energien umzustellen. F\u00fcr alle jetzt neu zu planenden und zu bauenden Geb\u00e4ude sollte es selbstverst\u00e4ndlich sein, 100 % auf Erneuerbare Energien zu setzen, z.B. auf PV mit W\u00e4rmepumpe. Gut w\u00e4ren auch die Schaffung kommunaler W\u00e4rmenetze auf der Basis der Erneuerbarer Energien.<\/p>\n<p>\u00dcberhaupt: Wir brauchen gro\u00dfe Strom- und W\u00e4rmespeicher, damit wir auch Strom und W\u00e4rme haben, wenn keine Sonne scheint oder kein Wind weht.<\/p>\n<p>&nbsp;<\/p>\n<p>Immerhin gab es bei der im Jahre 2022 in Montreal stattgefundenen Weltarten-Konferenz einige positive Ergebnisse, wie dass beispielsweise 30 % der Land- und Meeresfl\u00e4chen weltweit bis 2030 unter Schutz gestellt werden sollen, um die vor dem Aussterben bedrohten Arten zu retten. Allerdings sind noch zahlreiche Fragen im Detail noch v\u00f6llig ungekl\u00e4rt.<\/p>\n<p>&nbsp;<\/p>\n<p>Inzwischen scheint es, dass auch der Mensch eine bedrohte Art ist. Denn die Zahl &nbsp;der Abtreibungen in Deutschland steigt. Und die Ampel-Regierung beabsichtigt, die Abtreibungen aus dem Strafgesetz ersatzlos zu streichen. Es ist erschreckend, mit welcher Gleichg\u00fcltigkeit solche Entwicklungen von den Meinungsf\u00fchrern unserer Gesellschaft wie den Medien, wenn \u00fcberhaupt, kommentiert werden. Immer mehr setzt sich die Auffassung durch, dass das Selbstbestimmungsrecht der Frau vor dem Recht auf Leben rangiert. Es bleibt festzustellen, dass sich der Wertekompass unserer Gesellschaft in Schr\u00e4glage befindet. Nicht nur die Umwelt muss gerettet werden. Auch das menschliche Leben bedarf des Schutzes und der Rettung. Europa ist zunehmend dabei, seine geistige Grundlage zu verlieren. Deshalb hatten wir f\u00fcr das abgelaufene Jahr die Bundesvorsitzende der Aktion Lebensrecht f\u00fcr alle (ALfA), Cornelia Kaminski, zur \u201e\u00d6kologia\u201c \u2013 Botschafterin der \u00d6kologie \u2013 berufen.<\/p>\n<p>&nbsp;<\/p>\n<p>Ich w\u00fcnsche Ihnen ein gelingendes, erfolgreiches und friedliches Jahr 2024!<\/p>\n<p>&nbsp;<\/p>\n<p>&nbsp;<\/p>\n","protected":false},"excerpt":{"rendered":"<p>Liebe Mitb\u00fcrgerinnen, liebe Mitb\u00fcrger, &nbsp; das vergangene Jahr war erneut sehr anstrengend und fordernd mit vielen negativen Ereignissen. &nbsp; Der \u00fcberfallartige Angriffskrieg Russlands auf die Ukraine, der am 24. Februar 2022 begann und mittlerweile schon fast zwei Jahre andauert, wird seit dem 7. Oktober durch den Terrorkrieg der islamistischen Organisation Hamas gegen Israel medial \u00fcberlagert.&hellip;<\/p>\n","protected":false},"author":1,"featured_media":0,"comment_status":"closed","ping_status":"open","sticky":false,"template":"","format":"standard","meta":[],"categories":[3],"tags":[],"class_list":["post-58090","post","type-post","status-publish","format-standard","hentry","category-aktuell","category-3","description-off"],"yoast_head":"<!-- This site is optimized with the Yoast SEO plugin v25.9 - https:\/\/yoast.com\/wordpress\/plugins\/seo\/ -->\n<title>Neujahrsansprache von Hans-Joachim Ritter, Vorsitzender der Stiftung f\u00fcr \u00d6kologie und Demokratie e.V. - Stiftung f\u00fcr \u00d6kologie und Demokratie e.V.<\/title>\n<meta name=\"description\" content=\"Die Stiftung f\u00fcr \u00d6kologie und Demokratie ist eine gemeinn\u00fctzige Organisation, ein auf Bundesebene von der Bundeszentrale f\u00fcr politische Bildung (BpB) anerkannter Tr\u00e4ger der politischen Bildung, der sich vor allem f\u00fcr Umwelt und die politische \u00d6kologie einsetzt.\" \/>\n<meta name=\"robots\" content=\"index, follow, max-snippet:-1, max-image-preview:large, max-video-preview:-1\" \/>\n<link rel=\"canonical\" href=\"https:\/\/www.stiftung-oekologie-u-demokratie.de\/T\/neujahrsansprache-von-hans-joachim-ritter-vorsitzender-der-stiftung-fuer-oekologie-und-demokratie-e-v-2\/\" \/>\n<meta property=\"og:locale\" content=\"de_DE\" \/>\n<meta property=\"og:type\" content=\"article\" \/>\n<meta property=\"og:title\" content=\"Neujahrsansprache von Hans-Joachim Ritter, Vorsitzender der Stiftung f\u00fcr \u00d6kologie und Demokratie e.V. - Stiftung f\u00fcr \u00d6kologie und Demokratie e.V.\" \/>\n<meta property=\"og:description\" content=\"Die Stiftung f\u00fcr \u00d6kologie und Demokratie ist eine gemeinn\u00fctzige Organisation, ein auf Bundesebene von der Bundeszentrale f\u00fcr politische Bildung (BpB) anerkannter Tr\u00e4ger der politischen Bildung, der sich vor allem f\u00fcr Umwelt und die politische \u00d6kologie einsetzt.\" \/>\n<meta property=\"og:url\" content=\"https:\/\/www.stiftung-oekologie-u-demokratie.de\/T\/neujahrsansprache-von-hans-joachim-ritter-vorsitzender-der-stiftung-fuer-oekologie-und-demokratie-e-v-2\/\" \/>\n<meta property=\"og:site_name\" content=\"Stiftung f\u00fcr \u00d6kologie und Demokratie e.V.\" \/>\n<meta property=\"article:published_time\" content=\"2023-12-28T23:13:25+00:00\" \/>\n<meta property=\"article:modified_time\" content=\"2023-12-28T23:13:45+00:00\" \/>\n<meta property=\"og:image\" content=\"https:\/\/www.stiftung-oekologie-u-demokratie.de\/T\/wp-content\/uploads\/2023\/12\/Ritter-002-300x200.jpeg\" \/>\n<meta name=\"author\" content=\"admin\" \/>\n<meta name=\"twitter:card\" content=\"summary_large_image\" \/>\n<meta name=\"twitter:label1\" content=\"Verfasst von\" \/>\n\t<meta name=\"twitter:data1\" content=\"admin\" \/>\n\t<meta name=\"twitter:label2\" content=\"Gesch\u00e4tzte Lesezeit\" \/>\n\t<meta name=\"twitter:data2\" content=\"4\u00a0Minuten\" \/>\n<script type=\"application\/ld+json\" class=\"yoast-schema-graph\">{\"@context\":\"https:\/\/schema.org\",\"@graph\":[{\"@type\":\"WebPage\",\"@id\":\"https:\/\/www.stiftung-oekologie-u-demokratie.de\/T\/neujahrsansprache-von-hans-joachim-ritter-vorsitzender-der-stiftung-fuer-oekologie-und-demokratie-e-v-2\/\",\"url\":\"https:\/\/www.stiftung-oekologie-u-demokratie.de\/T\/neujahrsansprache-von-hans-joachim-ritter-vorsitzender-der-stiftung-fuer-oekologie-und-demokratie-e-v-2\/\",\"name\":\"Neujahrsansprache von Hans-Joachim Ritter, Vorsitzender der Stiftung f\u00fcr \u00d6kologie und Demokratie e.V. - Stiftung f\u00fcr \u00d6kologie und Demokratie e.V.\",\"isPartOf\":{\"@id\":\"https:\/\/www.stiftung-oekologie-u-demokratie.de\/T\/#website\"},\"primaryImageOfPage\":{\"@id\":\"https:\/\/www.stiftung-oekologie-u-demokratie.de\/T\/neujahrsansprache-von-hans-joachim-ritter-vorsitzender-der-stiftung-fuer-oekologie-und-demokratie-e-v-2\/#primaryimage\"},\"image\":{\"@id\":\"https:\/\/www.stiftung-oekologie-u-demokratie.de\/T\/neujahrsansprache-von-hans-joachim-ritter-vorsitzender-der-stiftung-fuer-oekologie-und-demokratie-e-v-2\/#primaryimage\"},\"thumbnailUrl\":\"https:\/\/www.stiftung-oekologie-u-demokratie.de\/T\/wp-content\/uploads\/2023\/12\/Ritter-002-300x200.jpeg\",\"datePublished\":\"2023-12-28T23:13:25+00:00\",\"dateModified\":\"2023-12-28T23:13:45+00:00\",\"author\":{\"@id\":\"https:\/\/www.stiftung-oekologie-u-demokratie.de\/T\/#\/schema\/person\/d256d4d56b82b746a9ccff0c5bf259e3\"},\"description\":\"Die Stiftung f\u00fcr \u00d6kologie und Demokratie ist eine gemeinn\u00fctzige Organisation, ein auf Bundesebene von der Bundeszentrale f\u00fcr politische Bildung (BpB) anerkannter Tr\u00e4ger der politischen Bildung, der sich vor allem f\u00fcr Umwelt und die politische \u00d6kologie einsetzt.\",\"breadcrumb\":{\"@id\":\"https:\/\/www.stiftung-oekologie-u-demokratie.de\/T\/neujahrsansprache-von-hans-joachim-ritter-vorsitzender-der-stiftung-fuer-oekologie-und-demokratie-e-v-2\/#breadcrumb\"},\"inLanguage\":\"de\",\"potentialAction\":[{\"@type\":\"ReadAction\",\"target\":[\"https:\/\/www.stiftung-oekologie-u-demokratie.de\/T\/neujahrsansprache-von-hans-joachim-ritter-vorsitzender-der-stiftung-fuer-oekologie-und-demokratie-e-v-2\/\"]}]},{\"@type\":\"ImageObject\",\"inLanguage\":\"de\",\"@id\":\"https:\/\/www.stiftung-oekologie-u-demokratie.de\/T\/neujahrsansprache-von-hans-joachim-ritter-vorsitzender-der-stiftung-fuer-oekologie-und-demokratie-e-v-2\/#primaryimage\",\"url\":\"https:\/\/www.stiftung-oekologie-u-demokratie.de\/T\/wp-content\/uploads\/2023\/12\/Ritter-002.jpeg\",\"contentUrl\":\"https:\/\/www.stiftung-oekologie-u-demokratie.de\/T\/wp-content\/uploads\/2023\/12\/Ritter-002.jpeg\",\"width\":640,\"height\":427},{\"@type\":\"BreadcrumbList\",\"@id\":\"https:\/\/www.stiftung-oekologie-u-demokratie.de\/T\/neujahrsansprache-von-hans-joachim-ritter-vorsitzender-der-stiftung-fuer-oekologie-und-demokratie-e-v-2\/#breadcrumb\",\"itemListElement\":[{\"@type\":\"ListItem\",\"position\":1,\"name\":\"Home\",\"item\":\"https:\/\/www.stiftung-oekologie-u-demokratie.de\/T\/\"},{\"@type\":\"ListItem\",\"position\":2,\"name\":\"Neujahrsansprache von Hans-Joachim Ritter, Vorsitzender der Stiftung f\u00fcr \u00d6kologie und Demokratie e.V.\"}]},{\"@type\":\"WebSite\",\"@id\":\"https:\/\/www.stiftung-oekologie-u-demokratie.de\/T\/#website\",\"url\":\"https:\/\/www.stiftung-oekologie-u-demokratie.de\/T\/\",\"name\":\"Stiftung f\u00fcr \u00d6kologie und Demokratie e.V.\",\"description\":\"Stiftung f\u00fcr \u00d6kologie und Demokratie e.V.\",\"potentialAction\":[{\"@type\":\"SearchAction\",\"target\":{\"@type\":\"EntryPoint\",\"urlTemplate\":\"https:\/\/www.stiftung-oekologie-u-demokratie.de\/T\/?s={search_term_string}\"},\"query-input\":{\"@type\":\"PropertyValueSpecification\",\"valueRequired\":true,\"valueName\":\"search_term_string\"}}],\"inLanguage\":\"de\"},{\"@type\":\"Person\",\"@id\":\"https:\/\/www.stiftung-oekologie-u-demokratie.de\/T\/#\/schema\/person\/d256d4d56b82b746a9ccff0c5bf259e3\",\"name\":\"admin\",\"url\":\"https:\/\/www.stiftung-oekologie-u-demokratie.de\/T\/author\/admin\/\"}]}<\/script>\n<!-- \/ Yoast SEO plugin. -->","yoast_head_json":{"title":"Neujahrsansprache von Hans-Joachim Ritter, Vorsitzender der Stiftung f\u00fcr \u00d6kologie und Demokratie e.V. - Stiftung f\u00fcr \u00d6kologie und Demokratie e.V.","description":"Die Stiftung f\u00fcr \u00d6kologie und Demokratie ist eine gemeinn\u00fctzige Organisation, ein auf Bundesebene von der Bundeszentrale f\u00fcr politische Bildung (BpB) anerkannter Tr\u00e4ger der politischen Bildung, der sich vor allem f\u00fcr Umwelt und die politische \u00d6kologie einsetzt.","robots":{"index":"index","follow":"follow","max-snippet":"max-snippet:-1","max-image-preview":"max-image-preview:large","max-video-preview":"max-video-preview:-1"},"canonical":"https:\/\/www.stiftung-oekologie-u-demokratie.de\/T\/neujahrsansprache-von-hans-joachim-ritter-vorsitzender-der-stiftung-fuer-oekologie-und-demokratie-e-v-2\/","og_locale":"de_DE","og_type":"article","og_title":"Neujahrsansprache von Hans-Joachim Ritter, Vorsitzender der Stiftung f\u00fcr \u00d6kologie und Demokratie e.V. - Stiftung f\u00fcr \u00d6kologie und Demokratie e.V.","og_description":"Die Stiftung f\u00fcr \u00d6kologie und Demokratie ist eine gemeinn\u00fctzige Organisation, ein auf Bundesebene von der Bundeszentrale f\u00fcr politische Bildung (BpB) anerkannter Tr\u00e4ger der politischen Bildung, der sich vor allem f\u00fcr Umwelt und die politische \u00d6kologie einsetzt.","og_url":"https:\/\/www.stiftung-oekologie-u-demokratie.de\/T\/neujahrsansprache-von-hans-joachim-ritter-vorsitzender-der-stiftung-fuer-oekologie-und-demokratie-e-v-2\/","og_site_name":"Stiftung f\u00fcr \u00d6kologie und Demokratie e.V.","article_published_time":"2023-12-28T23:13:25+00:00","article_modified_time":"2023-12-28T23:13:45+00:00","og_image":[{"url":"https:\/\/www.stiftung-oekologie-u-demokratie.de\/T\/wp-content\/uploads\/2023\/12\/Ritter-002-300x200.jpeg","type":"","width":"","height":""}],"author":"admin","twitter_card":"summary_large_image","twitter_misc":{"Verfasst von":"admin","Gesch\u00e4tzte Lesezeit":"4\u00a0Minuten"},"schema":{"@context":"https:\/\/schema.org","@graph":[{"@type":"WebPage","@id":"https:\/\/www.stiftung-oekologie-u-demokratie.de\/T\/neujahrsansprache-von-hans-joachim-ritter-vorsitzender-der-stiftung-fuer-oekologie-und-demokratie-e-v-2\/","url":"https:\/\/www.stiftung-oekologie-u-demokratie.de\/T\/neujahrsansprache-von-hans-joachim-ritter-vorsitzender-der-stiftung-fuer-oekologie-und-demokratie-e-v-2\/","name":"Neujahrsansprache von Hans-Joachim Ritter, Vorsitzender der Stiftung f\u00fcr \u00d6kologie und Demokratie e.V. - Stiftung f\u00fcr \u00d6kologie und Demokratie e.V.","isPartOf":{"@id":"https:\/\/www.stiftung-oekologie-u-demokratie.de\/T\/#website"},"primaryImageOfPage":{"@id":"https:\/\/www.stiftung-oekologie-u-demokratie.de\/T\/neujahrsansprache-von-hans-joachim-ritter-vorsitzender-der-stiftung-fuer-oekologie-und-demokratie-e-v-2\/#primaryimage"},"image":{"@id":"https:\/\/www.stiftung-oekologie-u-demokratie.de\/T\/neujahrsansprache-von-hans-joachim-ritter-vorsitzender-der-stiftung-fuer-oekologie-und-demokratie-e-v-2\/#primaryimage"},"thumbnailUrl":"https:\/\/www.stiftung-oekologie-u-demokratie.de\/T\/wp-content\/uploads\/2023\/12\/Ritter-002-300x200.jpeg","datePublished":"2023-12-28T23:13:25+00:00","dateModified":"2023-12-28T23:13:45+00:00","author":{"@id":"https:\/\/www.stiftung-oekologie-u-demokratie.de\/T\/#\/schema\/person\/d256d4d56b82b746a9ccff0c5bf259e3"},"description":"Die Stiftung f\u00fcr \u00d6kologie und Demokratie ist eine gemeinn\u00fctzige Organisation, ein auf Bundesebene von der Bundeszentrale f\u00fcr politische Bildung (BpB) anerkannter Tr\u00e4ger der politischen Bildung, der sich vor allem f\u00fcr Umwelt und die politische \u00d6kologie einsetzt.","breadcrumb":{"@id":"https:\/\/www.stiftung-oekologie-u-demokratie.de\/T\/neujahrsansprache-von-hans-joachim-ritter-vorsitzender-der-stiftung-fuer-oekologie-und-demokratie-e-v-2\/#breadcrumb"},"inLanguage":"de","potentialAction":[{"@type":"ReadAction","target":["https:\/\/www.stiftung-oekologie-u-demokratie.de\/T\/neujahrsansprache-von-hans-joachim-ritter-vorsitzender-der-stiftung-fuer-oekologie-und-demokratie-e-v-2\/"]}]},{"@type":"ImageObject","inLanguage":"de","@id":"https:\/\/www.stiftung-oekologie-u-demokratie.de\/T\/neujahrsansprache-von-hans-joachim-ritter-vorsitzender-der-stiftung-fuer-oekologie-und-demokratie-e-v-2\/#primaryimage","url":"https:\/\/www.stiftung-oekologie-u-demokratie.de\/T\/wp-content\/uploads\/2023\/12\/Ritter-002.jpeg","contentUrl":"https:\/\/www.stiftung-oekologie-u-demokratie.de\/T\/wp-content\/uploads\/2023\/12\/Ritter-002.jpeg","width":640,"height":427},{"@type":"BreadcrumbList","@id":"https:\/\/www.stiftung-oekologie-u-demokratie.de\/T\/neujahrsansprache-von-hans-joachim-ritter-vorsitzender-der-stiftung-fuer-oekologie-und-demokratie-e-v-2\/#breadcrumb","itemListElement":[{"@type":"ListItem","position":1,"name":"Home","item":"https:\/\/www.stiftung-oekologie-u-demokratie.de\/T\/"},{"@type":"ListItem","position":2,"name":"Neujahrsansprache von Hans-Joachim Ritter, Vorsitzender der Stiftung f\u00fcr \u00d6kologie und Demokratie e.V."}]},{"@type":"WebSite","@id":"https:\/\/www.stiftung-oekologie-u-demokratie.de\/T\/#website","url":"https:\/\/www.stiftung-oekologie-u-demokratie.de\/T\/","name":"Stiftung f\u00fcr \u00d6kologie und Demokratie e.V.","description":"Stiftung f\u00fcr \u00d6kologie und Demokratie e.V.","potentialAction":[{"@type":"SearchAction","target":{"@type":"EntryPoint","urlTemplate":"https:\/\/www.stiftung-oekologie-u-demokratie.de\/T\/?s={search_term_string}"},"query-input":{"@type":"PropertyValueSpecification","valueRequired":true,"valueName":"search_term_string"}}],"inLanguage":"de"},{"@type":"Person","@id":"https:\/\/www.stiftung-oekologie-u-demokratie.de\/T\/#\/schema\/person\/d256d4d56b82b746a9ccff0c5bf259e3","name":"admin","url":"https:\/\/www.stiftung-oekologie-u-demokratie.de\/T\/author\/admin\/"}]}},"_links":{"self":[{"href":"https:\/\/www.stiftung-oekologie-u-demokratie.de\/T\/wp-json\/wp\/v2\/posts\/58090","targetHints":{"allow":["GET"]}}],"collection":[{"href":"https:\/\/www.stiftung-oekologie-u-demokratie.de\/T\/wp-json\/wp\/v2\/posts"}],"about":[{"href":"https:\/\/www.stiftung-oekologie-u-demokratie.de\/T\/wp-json\/wp\/v2\/types\/post"}],"author":[{"embeddable":true,"href":"https:\/\/www.stiftung-oekologie-u-demokratie.de\/T\/wp-json\/wp\/v2\/users\/1"}],"replies":[{"embeddable":true,"href":"https:\/\/www.stiftung-oekologie-u-demokratie.de\/T\/wp-json\/wp\/v2\/comments?post=58090"}],"version-history":[{"count":2,"href":"https:\/\/www.stiftung-oekologie-u-demokratie.de\/T\/wp-json\/wp\/v2\/posts\/58090\/revisions"}],"predecessor-version":[{"id":58093,"href":"https:\/\/www.stiftung-oekologie-u-demokratie.de\/T\/wp-json\/wp\/v2\/posts\/58090\/revisions\/58093"}],"wp:attachment":[{"href":"https:\/\/www.stiftung-oekologie-u-demokratie.de\/T\/wp-json\/wp\/v2\/media?parent=58090"}],"wp:term":[{"taxonomy":"category","embeddable":true,"href":"https:\/\/www.stiftung-oekologie-u-demokratie.de\/T\/wp-json\/wp\/v2\/categories?post=58090"},{"taxonomy":"post_tag","embeddable":true,"href":"https:\/\/www.stiftung-oekologie-u-demokratie.de\/T\/wp-json\/wp\/v2\/tags?post=58090"}],"curies":[{"name":"wp","href":"https:\/\/api.w.org\/{rel}","templated":true}]}}