{"id":57969,"date":"2022-12-27T21:32:11","date_gmt":"2022-12-27T19:32:11","guid":{"rendered":"https:\/\/www.stiftung-oekologie-u-demokratie.de\/T\/?p=57969"},"modified":"2022-12-27T21:32:11","modified_gmt":"2022-12-27T19:32:11","slug":"neujahrsansprache-von-hans-joachim-ritter-vorsitzender-der-stiftung-fuer-oekologie-und-demokratie-e-v","status":"publish","type":"post","link":"https:\/\/www.stiftung-oekologie-u-demokratie.de\/T\/neujahrsansprache-von-hans-joachim-ritter-vorsitzender-der-stiftung-fuer-oekologie-und-demokratie-e-v\/","title":{"rendered":"Neujahrsansprache von Hans-Joachim Ritter, Vorsitzender der Stiftung f\u00fcr \u00d6kologie und Demokratie e.V."},"content":{"rendered":"<p>Liebe Mitb\u00fcrgerinnen,<\/p>\n<p>liebe Mitb\u00fcrger,<\/p>\n<p>&nbsp;<\/p>\n<p>das vergangene Jahr war wieder sehr anstrengend und fordernd mit vielen negativen Ereignissen.<\/p>\n<p>&nbsp;<\/p>\n<p>Es war auch nach den Jahren 2020 und 2021 noch immer durch Corona gepr\u00e4gt. Verschiedene Virologen wie Christian Drosten oder Thomas Mertens betrachten die Pandemie f\u00fcr beendet und sehen uns aktuell in diesem Winter in einer endemischen Phase, die wahrscheinlich im Sommer angesichts der breiten Immunit\u00e4t der Bev\u00f6lkerung zu Ende gehen wird, wenn nicht eine neue Mutation entsteht. \u2013 Wir wissen es nicht, wie es kommen wird, sehen aber mit Schrecken, dass sich das Virus mit zum Teil schlimmen Folgen in China erneut ausbreitet.<\/p>\n<p>&nbsp;<\/p>\n<p>Der \u00fcberfallartige Angriffskrieg Russlands auf die Ukraine, der am 24. Februar begann, \u00fcberlagerte alles. Die Folgen sind massenhafte Fl\u00fcchtlingsstr\u00f6me von Menschen, vor allem Frauen mit Kindern, aus der Ukraine mit der Folge, dass die Aufnahmekapazit\u00e4ten bereits am Limit sind, zumal weiterhin viele Asylsuchende aus zahlreichen Regionen unserer Erde nach wie vor bei uns in Deutschland aufgenommen werden wollen, eine Energiekrise aufgrund der Tatsache, dass Russland einerseits \u00fcber die Gaspipelines nichts mehr liefert und andererseits, durch unseren Verzicht auf russisches Gas und \u00d6l. Schlie\u00dflich f\u00fchrte die Knappheit von fossilen Energien zur h\u00f6chsten Inflation seit dem 2. Weltkrieg. Alle Bereiche, vor allem die Energie, sind durch kr\u00e4ftige Preissteigerungen betroffen. Am 5. November haben wir zu den Folgen f\u00fcr Deutschland aufgrund des Angriffskrieges auf die Ukraine eine Online-Tagung mit hochkar\u00e4tigen Referenten veranstaltet. Wir haben Tagung mitgeschnitten. Sie k\u00f6nnen sie hier auf unserer Homepage nacherleben. Auch im neuen Jahr wird der barbarische Krieg, bei dem neben milit\u00e4rischen Zielen auch die Zivilbev\u00f6lkerung und die Infrastruktur angegriffen werden, weitergehen. Wir hoffen auf ein baldiges Ende des Angriffskrieges und einen Friedensvertrag mit fairen Vereinbarungen.<\/p>\n<p>&nbsp;<\/p>\n<p>Als wenn all das noch nicht genug w\u00e4re, belastet die Menschheit nach wie vor die Klimaproblematik. Bisher sind wir von einer Erderw\u00e4rmung von 1,1 Grad ausgegangen. In Deutschland sind wir inzwischen schon bei 2,3 Grad angelangt, da Deutschland ein Landgebiet ist. Viele Landgebiete erw\u00e4rmen sind doppelt so schnell wie die globale Erde im Durchschnitt. Der Klimaforscher Stefan Rahmstorf vom Potsdam-Institut f\u00fcr Klimafolgenforschung, unserem letztj\u00e4hrigen Preistr\u00e4ger des \u201eGoldenen Baumes\u201c, hat eine hypothetische Berechnung angestellt, was w\u00e4re, wenn die Erderw\u00e4rmung um 3 Grad steigen w\u00fcrde. Bei 3 Grad zus\u00e4tzlicher globaler Erw\u00e4rmung w\u00e4ren bei uns in Deutschland zus\u00e4tzlich 6 Grad zu erwarten. Damit w\u00e4re Berlin w\u00e4rmer als Madrid heute. Wenn die Menschen fr\u00fcher unter Hitzerekord von 39 Grad st\u00f6hnten, d\u00fcrften dann eher 45 Grad vorherrschen. Die Belastungsgrenze des menschlichen K\u00f6rpers liegt bei einer anhaltenden K\u00fchlgrenztemperatur von 35 Grad Celsius, doch schon unterhalb von 30 Grad wird es gef\u00e4hrlich. Was trotz allem Hoffnung macht, ist, dass die 3-Grad-Welt-Marke kein unvermeidliches Schicksal ist. Noch ist es m\u00f6glich, die Erw\u00e4rmung auf nahe der 1,5-Grad-Marke zu begrenzen, was 2015 in Paris von der Weltgemeinschaft beschlossen wurde, wozu sich hierzulande fast alle Politiker bekennen. Sowohl der Klimaschutz als auch Ma\u00dfnahmen zur Anpassung an den Klimawandel m\u00fcssen k\u00fcnftig konsequenter als bisher im Zentrum politischer Entscheidungen stehen.<\/p>\n<p>&nbsp;<\/p>\n<p>Bedingt durch die Energiekrise ist die Nachfrage nach Erneuerbaren Energien sprunghaft gestiegen. 51 % der Bestandsgeb\u00e4ude in Deutschland werden aktuell noch mit Gas beheizt und ungef\u00e4hr ein Viertel mit \u00d6l bzw. Holz und Pellets. Durch den Krieg wurde die gr\u00f6\u00dfte Energiekrise der fossilen Energien ausgel\u00f6st. Nicht wenige haben davor gewarnt. Die gro\u00dfe Herausforderung der Zukunft besteht jetzt darin, die Bestandsgeb\u00e4ude auf Erneuerbare Energien umzustellen. F\u00fcr alle jetzt neu zu planenden und zu bauenden Geb\u00e4ude sollte es selbstverst\u00e4ndlich sein, 100 % auf Erneuerbare Energien zu setzen, z.B. auf PV mit W\u00e4rmepumpe. Gut w\u00e4re auch an ein kommunales W\u00e4rmenetz, soweit vorhanden, anzuschlie\u00dfen, das mit Strom- und W\u00e4rmespeicher auf Basis der Erneuerbaren Energien betrieben wird.<\/p>\n<p>\u00dcberhaupt: Wir brauchen gro\u00dfe Strom- und W\u00e4rmespeicher, damit wir auch Strom und W\u00e4rme haben, wenn keine Sonne scheint oder kein Wind weht.<\/p>\n<p>&nbsp;<\/p>\n<p>Immerhin gab es bei der k\u00fcrzlich in Montreal stattgefundenen Weltarten-Konferenz einige positive Ergebnisse, wie dass beispielsweise 30 % der Land- und Meeresfl\u00e4chen weltweit bis 2030 unter Schutz gestellt werden sollen, um die vor dem Aussterben bedrohten Arten zu retten. Allerdings sind noch zahlreiche Fragen im Detail noch v\u00f6llig ungekl\u00e4rt.<\/p>\n<p>&nbsp;<\/p>\n<p>Inzwischen scheint es, dass auch der Mensch eine bedrohte Art ist. Denn im 3. Quartal 2022 fanden in Deutschland insgesamt 26.500 Abtreibungen statt. Dies war eine Steigerung um 3.300 (16,7 %), der dramatischste Anstieg, den es je gegeben hat: Mehr als 5 x so hoch wie der bis dahin steilste Anstieg von 3 % Mitte der 90er Jahre. Es ist erschreckend, mit welcher Gleichg\u00fcltigkeit solche Zahlen von den Meinungsf\u00fchrern unserer Gesellschaft wie den Medien, wenn \u00fcberhaupt, kommentiert werden. Immer mehr setzt sich die Auffassung durch, dass das Selbstbestimmungsrecht der Frau vor dem Recht auf Leben rangiert. Es bleibt festzustellen, dass sich der Wertekompass unserer Gesellschaft in Schr\u00e4glage befindet. Nicht nur die Umwelt muss gerettet werden, auch der Innenweltschutz bedarf des Schutzes und der Rettung. Europa ist zunehmend dabei, seine geistige Grundlage zu verlieren. Deswegen werden wir am 1.\/2. September in Fulda eine Tagung veranstalten zum Thema \u201eDer Mensch \u2013 ein Auslaufmodell?\u201c. Heute schon lade ich Sie dazu herzlich ein.<\/p>\n<p>&nbsp;<\/p>\n<p>Ich w\u00fcnsche Ihnen ein gelingendes, erfolgreiches und friedliches Jahr 2023!<\/p>\n<p>&nbsp;<\/p>\n<p>&nbsp;<\/p>\n<p>&nbsp;<\/p>\n<p>&nbsp;<\/p>\n","protected":false},"excerpt":{"rendered":"<p>Liebe Mitb\u00fcrgerinnen, liebe Mitb\u00fcrger, &nbsp; das vergangene Jahr war wieder sehr anstrengend und fordernd mit vielen negativen Ereignissen. &nbsp; Es war auch nach den Jahren 2020 und 2021 noch immer durch Corona gepr\u00e4gt. Verschiedene Virologen wie Christian Drosten oder Thomas Mertens betrachten die Pandemie f\u00fcr beendet und sehen uns aktuell in diesem Winter in einer&hellip;<\/p>\n","protected":false},"author":1,"featured_media":1152,"comment_status":"closed","ping_status":"open","sticky":false,"template":"","format":"standard","meta":[],"categories":[3],"tags":[],"class_list":["post-57969","post","type-post","status-publish","format-standard","has-post-thumbnail","hentry","category-aktuell","category-3","description-off"],"yoast_head":"<!-- This site is optimized with the Yoast SEO plugin v25.9 - https:\/\/yoast.com\/wordpress\/plugins\/seo\/ -->\n<title>Neujahrsansprache von Hans-Joachim Ritter, Vorsitzender der Stiftung f\u00fcr \u00d6kologie und Demokratie e.V. - Stiftung f\u00fcr \u00d6kologie und Demokratie e.V.<\/title>\n<meta name=\"description\" content=\"Die Stiftung f\u00fcr \u00d6kologie und Demokratie ist eine gemeinn\u00fctzige Organisation, ein auf Bundesebene von der Bundeszentrale f\u00fcr politische Bildung (BpB) anerkannter Tr\u00e4ger der politischen Bildung, der sich vor allem f\u00fcr Umwelt und die politische \u00d6kologie einsetzt.\" \/>\n<meta name=\"robots\" content=\"index, follow, max-snippet:-1, max-image-preview:large, max-video-preview:-1\" \/>\n<link rel=\"canonical\" href=\"https:\/\/www.stiftung-oekologie-u-demokratie.de\/T\/neujahrsansprache-von-hans-joachim-ritter-vorsitzender-der-stiftung-fuer-oekologie-und-demokratie-e-v\/\" \/>\n<meta property=\"og:locale\" content=\"de_DE\" \/>\n<meta property=\"og:type\" content=\"article\" \/>\n<meta property=\"og:title\" content=\"Neujahrsansprache von Hans-Joachim Ritter, Vorsitzender der Stiftung f\u00fcr \u00d6kologie und Demokratie e.V. - Stiftung f\u00fcr \u00d6kologie und Demokratie e.V.\" \/>\n<meta property=\"og:description\" content=\"Die Stiftung f\u00fcr \u00d6kologie und Demokratie ist eine gemeinn\u00fctzige Organisation, ein auf Bundesebene von der Bundeszentrale f\u00fcr politische Bildung (BpB) anerkannter Tr\u00e4ger der politischen Bildung, der sich vor allem f\u00fcr Umwelt und die politische \u00d6kologie einsetzt.\" \/>\n<meta property=\"og:url\" content=\"https:\/\/www.stiftung-oekologie-u-demokratie.de\/T\/neujahrsansprache-von-hans-joachim-ritter-vorsitzender-der-stiftung-fuer-oekologie-und-demokratie-e-v\/\" \/>\n<meta property=\"og:site_name\" content=\"Stiftung f\u00fcr \u00d6kologie und Demokratie e.V.\" \/>\n<meta property=\"article:published_time\" content=\"2022-12-27T19:32:11+00:00\" \/>\n<meta property=\"og:image\" content=\"https:\/\/www.stiftung-oekologie-u-demokratie.de\/T\/wp-content\/uploads\/2019\/12\/Ritter-002.jpg\" \/>\n\t<meta property=\"og:image:width\" content=\"1620\" \/>\n\t<meta property=\"og:image:height\" content=\"1080\" \/>\n\t<meta property=\"og:image:type\" content=\"image\/jpeg\" \/>\n<meta name=\"author\" content=\"admin\" \/>\n<meta name=\"twitter:card\" content=\"summary_large_image\" \/>\n<meta name=\"twitter:label1\" content=\"Verfasst von\" \/>\n\t<meta name=\"twitter:data1\" content=\"admin\" \/>\n\t<meta name=\"twitter:label2\" content=\"Gesch\u00e4tzte Lesezeit\" \/>\n\t<meta name=\"twitter:data2\" content=\"4\u00a0Minuten\" \/>\n<script type=\"application\/ld+json\" class=\"yoast-schema-graph\">{\"@context\":\"https:\/\/schema.org\",\"@graph\":[{\"@type\":\"WebPage\",\"@id\":\"https:\/\/www.stiftung-oekologie-u-demokratie.de\/T\/neujahrsansprache-von-hans-joachim-ritter-vorsitzender-der-stiftung-fuer-oekologie-und-demokratie-e-v\/\",\"url\":\"https:\/\/www.stiftung-oekologie-u-demokratie.de\/T\/neujahrsansprache-von-hans-joachim-ritter-vorsitzender-der-stiftung-fuer-oekologie-und-demokratie-e-v\/\",\"name\":\"Neujahrsansprache von Hans-Joachim Ritter, Vorsitzender der Stiftung f\u00fcr \u00d6kologie und Demokratie e.V. - Stiftung f\u00fcr \u00d6kologie und Demokratie e.V.\",\"isPartOf\":{\"@id\":\"https:\/\/www.stiftung-oekologie-u-demokratie.de\/T\/#website\"},\"primaryImageOfPage\":{\"@id\":\"https:\/\/www.stiftung-oekologie-u-demokratie.de\/T\/neujahrsansprache-von-hans-joachim-ritter-vorsitzender-der-stiftung-fuer-oekologie-und-demokratie-e-v\/#primaryimage\"},\"image\":{\"@id\":\"https:\/\/www.stiftung-oekologie-u-demokratie.de\/T\/neujahrsansprache-von-hans-joachim-ritter-vorsitzender-der-stiftung-fuer-oekologie-und-demokratie-e-v\/#primaryimage\"},\"thumbnailUrl\":\"https:\/\/www.stiftung-oekologie-u-demokratie.de\/T\/wp-content\/uploads\/2019\/12\/Ritter-002.jpg\",\"datePublished\":\"2022-12-27T19:32:11+00:00\",\"author\":{\"@id\":\"https:\/\/www.stiftung-oekologie-u-demokratie.de\/T\/#\/schema\/person\/d256d4d56b82b746a9ccff0c5bf259e3\"},\"description\":\"Die Stiftung f\u00fcr \u00d6kologie und Demokratie ist eine gemeinn\u00fctzige Organisation, ein auf Bundesebene von der Bundeszentrale f\u00fcr politische Bildung (BpB) anerkannter Tr\u00e4ger der politischen Bildung, der sich vor allem f\u00fcr Umwelt und die politische \u00d6kologie einsetzt.\",\"breadcrumb\":{\"@id\":\"https:\/\/www.stiftung-oekologie-u-demokratie.de\/T\/neujahrsansprache-von-hans-joachim-ritter-vorsitzender-der-stiftung-fuer-oekologie-und-demokratie-e-v\/#breadcrumb\"},\"inLanguage\":\"de\",\"potentialAction\":[{\"@type\":\"ReadAction\",\"target\":[\"https:\/\/www.stiftung-oekologie-u-demokratie.de\/T\/neujahrsansprache-von-hans-joachim-ritter-vorsitzender-der-stiftung-fuer-oekologie-und-demokratie-e-v\/\"]}]},{\"@type\":\"ImageObject\",\"inLanguage\":\"de\",\"@id\":\"https:\/\/www.stiftung-oekologie-u-demokratie.de\/T\/neujahrsansprache-von-hans-joachim-ritter-vorsitzender-der-stiftung-fuer-oekologie-und-demokratie-e-v\/#primaryimage\",\"url\":\"https:\/\/www.stiftung-oekologie-u-demokratie.de\/T\/wp-content\/uploads\/2019\/12\/Ritter-002.jpg\",\"contentUrl\":\"https:\/\/www.stiftung-oekologie-u-demokratie.de\/T\/wp-content\/uploads\/2019\/12\/Ritter-002.jpg\",\"width\":1620,\"height\":1080},{\"@type\":\"BreadcrumbList\",\"@id\":\"https:\/\/www.stiftung-oekologie-u-demokratie.de\/T\/neujahrsansprache-von-hans-joachim-ritter-vorsitzender-der-stiftung-fuer-oekologie-und-demokratie-e-v\/#breadcrumb\",\"itemListElement\":[{\"@type\":\"ListItem\",\"position\":1,\"name\":\"Home\",\"item\":\"https:\/\/www.stiftung-oekologie-u-demokratie.de\/T\/\"},{\"@type\":\"ListItem\",\"position\":2,\"name\":\"Neujahrsansprache von Hans-Joachim Ritter, Vorsitzender der Stiftung f\u00fcr \u00d6kologie und Demokratie e.V.\"}]},{\"@type\":\"WebSite\",\"@id\":\"https:\/\/www.stiftung-oekologie-u-demokratie.de\/T\/#website\",\"url\":\"https:\/\/www.stiftung-oekologie-u-demokratie.de\/T\/\",\"name\":\"Stiftung f\u00fcr \u00d6kologie und Demokratie e.V.\",\"description\":\"Stiftung f\u00fcr \u00d6kologie und Demokratie e.V.\",\"potentialAction\":[{\"@type\":\"SearchAction\",\"target\":{\"@type\":\"EntryPoint\",\"urlTemplate\":\"https:\/\/www.stiftung-oekologie-u-demokratie.de\/T\/?s={search_term_string}\"},\"query-input\":{\"@type\":\"PropertyValueSpecification\",\"valueRequired\":true,\"valueName\":\"search_term_string\"}}],\"inLanguage\":\"de\"},{\"@type\":\"Person\",\"@id\":\"https:\/\/www.stiftung-oekologie-u-demokratie.de\/T\/#\/schema\/person\/d256d4d56b82b746a9ccff0c5bf259e3\",\"name\":\"admin\",\"url\":\"https:\/\/www.stiftung-oekologie-u-demokratie.de\/T\/author\/admin\/\"}]}<\/script>\n<!-- \/ Yoast SEO plugin. -->","yoast_head_json":{"title":"Neujahrsansprache von Hans-Joachim Ritter, Vorsitzender der Stiftung f\u00fcr \u00d6kologie und Demokratie e.V. - Stiftung f\u00fcr \u00d6kologie und Demokratie e.V.","description":"Die Stiftung f\u00fcr \u00d6kologie und Demokratie ist eine gemeinn\u00fctzige Organisation, ein auf Bundesebene von der Bundeszentrale f\u00fcr politische Bildung (BpB) anerkannter Tr\u00e4ger der politischen Bildung, der sich vor allem f\u00fcr Umwelt und die politische \u00d6kologie einsetzt.","robots":{"index":"index","follow":"follow","max-snippet":"max-snippet:-1","max-image-preview":"max-image-preview:large","max-video-preview":"max-video-preview:-1"},"canonical":"https:\/\/www.stiftung-oekologie-u-demokratie.de\/T\/neujahrsansprache-von-hans-joachim-ritter-vorsitzender-der-stiftung-fuer-oekologie-und-demokratie-e-v\/","og_locale":"de_DE","og_type":"article","og_title":"Neujahrsansprache von Hans-Joachim Ritter, Vorsitzender der Stiftung f\u00fcr \u00d6kologie und Demokratie e.V. - Stiftung f\u00fcr \u00d6kologie und Demokratie e.V.","og_description":"Die Stiftung f\u00fcr \u00d6kologie und Demokratie ist eine gemeinn\u00fctzige Organisation, ein auf Bundesebene von der Bundeszentrale f\u00fcr politische Bildung (BpB) anerkannter Tr\u00e4ger der politischen Bildung, der sich vor allem f\u00fcr Umwelt und die politische \u00d6kologie einsetzt.","og_url":"https:\/\/www.stiftung-oekologie-u-demokratie.de\/T\/neujahrsansprache-von-hans-joachim-ritter-vorsitzender-der-stiftung-fuer-oekologie-und-demokratie-e-v\/","og_site_name":"Stiftung f\u00fcr \u00d6kologie und Demokratie e.V.","article_published_time":"2022-12-27T19:32:11+00:00","og_image":[{"width":1620,"height":1080,"url":"https:\/\/www.stiftung-oekologie-u-demokratie.de\/T\/wp-content\/uploads\/2019\/12\/Ritter-002.jpg","type":"image\/jpeg"}],"author":"admin","twitter_card":"summary_large_image","twitter_misc":{"Verfasst von":"admin","Gesch\u00e4tzte Lesezeit":"4\u00a0Minuten"},"schema":{"@context":"https:\/\/schema.org","@graph":[{"@type":"WebPage","@id":"https:\/\/www.stiftung-oekologie-u-demokratie.de\/T\/neujahrsansprache-von-hans-joachim-ritter-vorsitzender-der-stiftung-fuer-oekologie-und-demokratie-e-v\/","url":"https:\/\/www.stiftung-oekologie-u-demokratie.de\/T\/neujahrsansprache-von-hans-joachim-ritter-vorsitzender-der-stiftung-fuer-oekologie-und-demokratie-e-v\/","name":"Neujahrsansprache von Hans-Joachim Ritter, Vorsitzender der Stiftung f\u00fcr \u00d6kologie und Demokratie e.V. - Stiftung f\u00fcr \u00d6kologie und Demokratie e.V.","isPartOf":{"@id":"https:\/\/www.stiftung-oekologie-u-demokratie.de\/T\/#website"},"primaryImageOfPage":{"@id":"https:\/\/www.stiftung-oekologie-u-demokratie.de\/T\/neujahrsansprache-von-hans-joachim-ritter-vorsitzender-der-stiftung-fuer-oekologie-und-demokratie-e-v\/#primaryimage"},"image":{"@id":"https:\/\/www.stiftung-oekologie-u-demokratie.de\/T\/neujahrsansprache-von-hans-joachim-ritter-vorsitzender-der-stiftung-fuer-oekologie-und-demokratie-e-v\/#primaryimage"},"thumbnailUrl":"https:\/\/www.stiftung-oekologie-u-demokratie.de\/T\/wp-content\/uploads\/2019\/12\/Ritter-002.jpg","datePublished":"2022-12-27T19:32:11+00:00","author":{"@id":"https:\/\/www.stiftung-oekologie-u-demokratie.de\/T\/#\/schema\/person\/d256d4d56b82b746a9ccff0c5bf259e3"},"description":"Die Stiftung f\u00fcr \u00d6kologie und Demokratie ist eine gemeinn\u00fctzige Organisation, ein auf Bundesebene von der Bundeszentrale f\u00fcr politische Bildung (BpB) anerkannter Tr\u00e4ger der politischen Bildung, der sich vor allem f\u00fcr Umwelt und die politische \u00d6kologie einsetzt.","breadcrumb":{"@id":"https:\/\/www.stiftung-oekologie-u-demokratie.de\/T\/neujahrsansprache-von-hans-joachim-ritter-vorsitzender-der-stiftung-fuer-oekologie-und-demokratie-e-v\/#breadcrumb"},"inLanguage":"de","potentialAction":[{"@type":"ReadAction","target":["https:\/\/www.stiftung-oekologie-u-demokratie.de\/T\/neujahrsansprache-von-hans-joachim-ritter-vorsitzender-der-stiftung-fuer-oekologie-und-demokratie-e-v\/"]}]},{"@type":"ImageObject","inLanguage":"de","@id":"https:\/\/www.stiftung-oekologie-u-demokratie.de\/T\/neujahrsansprache-von-hans-joachim-ritter-vorsitzender-der-stiftung-fuer-oekologie-und-demokratie-e-v\/#primaryimage","url":"https:\/\/www.stiftung-oekologie-u-demokratie.de\/T\/wp-content\/uploads\/2019\/12\/Ritter-002.jpg","contentUrl":"https:\/\/www.stiftung-oekologie-u-demokratie.de\/T\/wp-content\/uploads\/2019\/12\/Ritter-002.jpg","width":1620,"height":1080},{"@type":"BreadcrumbList","@id":"https:\/\/www.stiftung-oekologie-u-demokratie.de\/T\/neujahrsansprache-von-hans-joachim-ritter-vorsitzender-der-stiftung-fuer-oekologie-und-demokratie-e-v\/#breadcrumb","itemListElement":[{"@type":"ListItem","position":1,"name":"Home","item":"https:\/\/www.stiftung-oekologie-u-demokratie.de\/T\/"},{"@type":"ListItem","position":2,"name":"Neujahrsansprache von Hans-Joachim Ritter, Vorsitzender der Stiftung f\u00fcr \u00d6kologie und Demokratie e.V."}]},{"@type":"WebSite","@id":"https:\/\/www.stiftung-oekologie-u-demokratie.de\/T\/#website","url":"https:\/\/www.stiftung-oekologie-u-demokratie.de\/T\/","name":"Stiftung f\u00fcr \u00d6kologie und Demokratie e.V.","description":"Stiftung f\u00fcr \u00d6kologie und Demokratie e.V.","potentialAction":[{"@type":"SearchAction","target":{"@type":"EntryPoint","urlTemplate":"https:\/\/www.stiftung-oekologie-u-demokratie.de\/T\/?s={search_term_string}"},"query-input":{"@type":"PropertyValueSpecification","valueRequired":true,"valueName":"search_term_string"}}],"inLanguage":"de"},{"@type":"Person","@id":"https:\/\/www.stiftung-oekologie-u-demokratie.de\/T\/#\/schema\/person\/d256d4d56b82b746a9ccff0c5bf259e3","name":"admin","url":"https:\/\/www.stiftung-oekologie-u-demokratie.de\/T\/author\/admin\/"}]}},"_links":{"self":[{"href":"https:\/\/www.stiftung-oekologie-u-demokratie.de\/T\/wp-json\/wp\/v2\/posts\/57969","targetHints":{"allow":["GET"]}}],"collection":[{"href":"https:\/\/www.stiftung-oekologie-u-demokratie.de\/T\/wp-json\/wp\/v2\/posts"}],"about":[{"href":"https:\/\/www.stiftung-oekologie-u-demokratie.de\/T\/wp-json\/wp\/v2\/types\/post"}],"author":[{"embeddable":true,"href":"https:\/\/www.stiftung-oekologie-u-demokratie.de\/T\/wp-json\/wp\/v2\/users\/1"}],"replies":[{"embeddable":true,"href":"https:\/\/www.stiftung-oekologie-u-demokratie.de\/T\/wp-json\/wp\/v2\/comments?post=57969"}],"version-history":[{"count":1,"href":"https:\/\/www.stiftung-oekologie-u-demokratie.de\/T\/wp-json\/wp\/v2\/posts\/57969\/revisions"}],"predecessor-version":[{"id":57970,"href":"https:\/\/www.stiftung-oekologie-u-demokratie.de\/T\/wp-json\/wp\/v2\/posts\/57969\/revisions\/57970"}],"wp:featuredmedia":[{"embeddable":true,"href":"https:\/\/www.stiftung-oekologie-u-demokratie.de\/T\/wp-json\/wp\/v2\/media\/1152"}],"wp:attachment":[{"href":"https:\/\/www.stiftung-oekologie-u-demokratie.de\/T\/wp-json\/wp\/v2\/media?parent=57969"}],"wp:term":[{"taxonomy":"category","embeddable":true,"href":"https:\/\/www.stiftung-oekologie-u-demokratie.de\/T\/wp-json\/wp\/v2\/categories?post=57969"},{"taxonomy":"post_tag","embeddable":true,"href":"https:\/\/www.stiftung-oekologie-u-demokratie.de\/T\/wp-json\/wp\/v2\/tags?post=57969"}],"curies":[{"name":"wp","href":"https:\/\/api.w.org\/{rel}","templated":true}]}}