{"id":57956,"date":"2022-11-13T23:38:55","date_gmt":"2022-11-13T21:38:55","guid":{"rendered":"https:\/\/www.stiftung-oekologie-u-demokratie.de\/T\/?p=57956"},"modified":"2022-11-13T23:39:21","modified_gmt":"2022-11-13T21:39:21","slug":"mitschnitt-der-online-tagung-gesundheitliche-praevention-im-einklang-mit-der-umwelt","status":"publish","type":"post","link":"https:\/\/www.stiftung-oekologie-u-demokratie.de\/T\/mitschnitt-der-online-tagung-gesundheitliche-praevention-im-einklang-mit-der-umwelt\/","title":{"rendered":"Mitschnitt der online-Tagung \u201eGesundheitliche Pr\u00e4vention im Einklang mit der Umwelt\u201c"},"content":{"rendered":"<p><span class=\"\">Die gek\u00fcrzte Aufzeichnung der Online-Tagung vom 30. April 2022 zum Thema \u201eGesundheitliche Pr\u00e4vention im Einklang mit der Umwelt\u201c in Kooperation mit dem Deutschen Naturheilbund ist <a href=\"https:\/\/liebel-my.sharepoint.com\/:v:\/g\/personal\/christian_liebel_org\/EQ5Nrisd-aNNurMsEHpXSm8Bide-QaqYTyM6ovaFOjYnew?e=8fblMZ\" target=\"_blank\" rel=\"noopener\">hier<\/a> zu erreichen.<br \/>\n<\/span><\/p>\n","protected":false},"excerpt":{"rendered":"<p>Die gek\u00fcrzte Aufzeichnung der Online-Tagung vom 30. April 2022 zum Thema \u201eGesundheitliche Pr\u00e4vention im Einklang mit der Umwelt\u201c in Kooperation mit dem Deutschen Naturheilbund ist hier zu erreichen.<\/p>\n","protected":false},"author":1,"featured_media":0,"comment_status":"closed","ping_status":"open","sticky":false,"template":"","format":"standard","meta":[],"categories":[3],"tags":[],"class_list":["post-57956","post","type-post","status-publish","format-standard","hentry","category-aktuell","category-3","description-off"],"yoast_head":"<!-- This site is optimized with the Yoast SEO plugin v25.9 - https:\/\/yoast.com\/wordpress\/plugins\/seo\/ -->\n<title>Mitschnitt der online-Tagung \u201eGesundheitliche Pr\u00e4vention im Einklang mit der Umwelt\u201c - Stiftung f\u00fcr \u00d6kologie und Demokratie e.V.<\/title>\n<meta name=\"description\" content=\"Die Stiftung f\u00fcr \u00d6kologie und Demokratie ist eine gemeinn\u00fctzige Organisation, ein auf Bundesebene von der Bundeszentrale f\u00fcr politische Bildung (BpB) anerkannter Tr\u00e4ger der politischen Bildung, der sich vor allem f\u00fcr Umwelt und die politische \u00d6kologie einsetzt.\" \/>\n<meta name=\"robots\" content=\"index, follow, max-snippet:-1, max-image-preview:large, max-video-preview:-1\" \/>\n<link rel=\"canonical\" href=\"https:\/\/www.stiftung-oekologie-u-demokratie.de\/T\/mitschnitt-der-online-tagung-gesundheitliche-praevention-im-einklang-mit-der-umwelt\/\" \/>\n<meta property=\"og:locale\" content=\"de_DE\" \/>\n<meta property=\"og:type\" content=\"article\" \/>\n<meta property=\"og:title\" content=\"Mitschnitt der online-Tagung \u201eGesundheitliche Pr\u00e4vention im Einklang mit der Umwelt\u201c - Stiftung f\u00fcr \u00d6kologie und Demokratie e.V.\" \/>\n<meta property=\"og:description\" content=\"Die Stiftung f\u00fcr \u00d6kologie und Demokratie ist eine gemeinn\u00fctzige Organisation, ein auf Bundesebene von der Bundeszentrale f\u00fcr politische Bildung (BpB) anerkannter Tr\u00e4ger der politischen Bildung, der sich vor allem f\u00fcr Umwelt und die politische \u00d6kologie einsetzt.\" \/>\n<meta property=\"og:url\" content=\"https:\/\/www.stiftung-oekologie-u-demokratie.de\/T\/mitschnitt-der-online-tagung-gesundheitliche-praevention-im-einklang-mit-der-umwelt\/\" \/>\n<meta property=\"og:site_name\" content=\"Stiftung f\u00fcr \u00d6kologie und Demokratie e.V.\" \/>\n<meta property=\"article:published_time\" content=\"2022-11-13T21:38:55+00:00\" \/>\n<meta property=\"article:modified_time\" content=\"2022-11-13T21:39:21+00:00\" \/>\n<meta name=\"author\" content=\"admin\" \/>\n<meta name=\"twitter:card\" content=\"summary_large_image\" \/>\n<meta name=\"twitter:label1\" content=\"Verfasst von\" \/>\n\t<meta name=\"twitter:data1\" content=\"admin\" \/>\n<script type=\"application\/ld+json\" class=\"yoast-schema-graph\">{\"@context\":\"https:\/\/schema.org\",\"@graph\":[{\"@type\":\"WebPage\",\"@id\":\"https:\/\/www.stiftung-oekologie-u-demokratie.de\/T\/mitschnitt-der-online-tagung-gesundheitliche-praevention-im-einklang-mit-der-umwelt\/\",\"url\":\"https:\/\/www.stiftung-oekologie-u-demokratie.de\/T\/mitschnitt-der-online-tagung-gesundheitliche-praevention-im-einklang-mit-der-umwelt\/\",\"name\":\"Mitschnitt der online-Tagung \u201eGesundheitliche Pr\u00e4vention im Einklang mit der Umwelt\u201c - Stiftung f\u00fcr \u00d6kologie und Demokratie e.V.\",\"isPartOf\":{\"@id\":\"https:\/\/www.stiftung-oekologie-u-demokratie.de\/T\/#website\"},\"datePublished\":\"2022-11-13T21:38:55+00:00\",\"dateModified\":\"2022-11-13T21:39:21+00:00\",\"author\":{\"@id\":\"https:\/\/www.stiftung-oekologie-u-demokratie.de\/T\/#\/schema\/person\/d256d4d56b82b746a9ccff0c5bf259e3\"},\"description\":\"Die Stiftung f\u00fcr \u00d6kologie und Demokratie ist eine gemeinn\u00fctzige Organisation, ein auf Bundesebene von der Bundeszentrale f\u00fcr politische Bildung (BpB) anerkannter Tr\u00e4ger der politischen Bildung, der sich vor allem f\u00fcr Umwelt und die politische \u00d6kologie einsetzt.\",\"breadcrumb\":{\"@id\":\"https:\/\/www.stiftung-oekologie-u-demokratie.de\/T\/mitschnitt-der-online-tagung-gesundheitliche-praevention-im-einklang-mit-der-umwelt\/#breadcrumb\"},\"inLanguage\":\"de\",\"potentialAction\":[{\"@type\":\"ReadAction\",\"target\":[\"https:\/\/www.stiftung-oekologie-u-demokratie.de\/T\/mitschnitt-der-online-tagung-gesundheitliche-praevention-im-einklang-mit-der-umwelt\/\"]}]},{\"@type\":\"BreadcrumbList\",\"@id\":\"https:\/\/www.stiftung-oekologie-u-demokratie.de\/T\/mitschnitt-der-online-tagung-gesundheitliche-praevention-im-einklang-mit-der-umwelt\/#breadcrumb\",\"itemListElement\":[{\"@type\":\"ListItem\",\"position\":1,\"name\":\"Home\",\"item\":\"https:\/\/www.stiftung-oekologie-u-demokratie.de\/T\/\"},{\"@type\":\"ListItem\",\"position\":2,\"name\":\"Mitschnitt der online-Tagung \u201eGesundheitliche Pr\u00e4vention im Einklang mit der Umwelt\u201c\"}]},{\"@type\":\"WebSite\",\"@id\":\"https:\/\/www.stiftung-oekologie-u-demokratie.de\/T\/#website\",\"url\":\"https:\/\/www.stiftung-oekologie-u-demokratie.de\/T\/\",\"name\":\"Stiftung f\u00fcr \u00d6kologie und Demokratie e.V.\",\"description\":\"Stiftung f\u00fcr \u00d6kologie und Demokratie e.V.\",\"potentialAction\":[{\"@type\":\"SearchAction\",\"target\":{\"@type\":\"EntryPoint\",\"urlTemplate\":\"https:\/\/www.stiftung-oekologie-u-demokratie.de\/T\/?s={search_term_string}\"},\"query-input\":{\"@type\":\"PropertyValueSpecification\",\"valueRequired\":true,\"valueName\":\"search_term_string\"}}],\"inLanguage\":\"de\"},{\"@type\":\"Person\",\"@id\":\"https:\/\/www.stiftung-oekologie-u-demokratie.de\/T\/#\/schema\/person\/d256d4d56b82b746a9ccff0c5bf259e3\",\"name\":\"admin\",\"url\":\"https:\/\/www.stiftung-oekologie-u-demokratie.de\/T\/author\/admin\/\"}]}<\/script>\n<!-- \/ Yoast SEO plugin. -->","yoast_head_json":{"title":"Mitschnitt der online-Tagung \u201eGesundheitliche Pr\u00e4vention im Einklang mit der Umwelt\u201c - Stiftung f\u00fcr \u00d6kologie und Demokratie e.V.","description":"Die Stiftung f\u00fcr \u00d6kologie und Demokratie ist eine gemeinn\u00fctzige Organisation, ein auf Bundesebene von der Bundeszentrale f\u00fcr politische Bildung (BpB) anerkannter Tr\u00e4ger der politischen Bildung, der sich vor allem f\u00fcr Umwelt und die politische \u00d6kologie einsetzt.","robots":{"index":"index","follow":"follow","max-snippet":"max-snippet:-1","max-image-preview":"max-image-preview:large","max-video-preview":"max-video-preview:-1"},"canonical":"https:\/\/www.stiftung-oekologie-u-demokratie.de\/T\/mitschnitt-der-online-tagung-gesundheitliche-praevention-im-einklang-mit-der-umwelt\/","og_locale":"de_DE","og_type":"article","og_title":"Mitschnitt der online-Tagung \u201eGesundheitliche Pr\u00e4vention im Einklang mit der Umwelt\u201c - Stiftung f\u00fcr \u00d6kologie und Demokratie e.V.","og_description":"Die Stiftung f\u00fcr \u00d6kologie und Demokratie ist eine gemeinn\u00fctzige Organisation, ein auf Bundesebene von der Bundeszentrale f\u00fcr politische Bildung (BpB) anerkannter Tr\u00e4ger der politischen Bildung, der sich vor allem f\u00fcr Umwelt und die politische \u00d6kologie einsetzt.","og_url":"https:\/\/www.stiftung-oekologie-u-demokratie.de\/T\/mitschnitt-der-online-tagung-gesundheitliche-praevention-im-einklang-mit-der-umwelt\/","og_site_name":"Stiftung f\u00fcr \u00d6kologie und Demokratie e.V.","article_published_time":"2022-11-13T21:38:55+00:00","article_modified_time":"2022-11-13T21:39:21+00:00","author":"admin","twitter_card":"summary_large_image","twitter_misc":{"Verfasst von":"admin"},"schema":{"@context":"https:\/\/schema.org","@graph":[{"@type":"WebPage","@id":"https:\/\/www.stiftung-oekologie-u-demokratie.de\/T\/mitschnitt-der-online-tagung-gesundheitliche-praevention-im-einklang-mit-der-umwelt\/","url":"https:\/\/www.stiftung-oekologie-u-demokratie.de\/T\/mitschnitt-der-online-tagung-gesundheitliche-praevention-im-einklang-mit-der-umwelt\/","name":"Mitschnitt der online-Tagung \u201eGesundheitliche Pr\u00e4vention im Einklang mit der Umwelt\u201c - Stiftung f\u00fcr \u00d6kologie und Demokratie e.V.","isPartOf":{"@id":"https:\/\/www.stiftung-oekologie-u-demokratie.de\/T\/#website"},"datePublished":"2022-11-13T21:38:55+00:00","dateModified":"2022-11-13T21:39:21+00:00","author":{"@id":"https:\/\/www.stiftung-oekologie-u-demokratie.de\/T\/#\/schema\/person\/d256d4d56b82b746a9ccff0c5bf259e3"},"description":"Die Stiftung f\u00fcr \u00d6kologie und Demokratie ist eine gemeinn\u00fctzige Organisation, ein auf Bundesebene von der Bundeszentrale f\u00fcr politische Bildung (BpB) anerkannter Tr\u00e4ger der politischen Bildung, der sich vor allem f\u00fcr Umwelt und die politische \u00d6kologie einsetzt.","breadcrumb":{"@id":"https:\/\/www.stiftung-oekologie-u-demokratie.de\/T\/mitschnitt-der-online-tagung-gesundheitliche-praevention-im-einklang-mit-der-umwelt\/#breadcrumb"},"inLanguage":"de","potentialAction":[{"@type":"ReadAction","target":["https:\/\/www.stiftung-oekologie-u-demokratie.de\/T\/mitschnitt-der-online-tagung-gesundheitliche-praevention-im-einklang-mit-der-umwelt\/"]}]},{"@type":"BreadcrumbList","@id":"https:\/\/www.stiftung-oekologie-u-demokratie.de\/T\/mitschnitt-der-online-tagung-gesundheitliche-praevention-im-einklang-mit-der-umwelt\/#breadcrumb","itemListElement":[{"@type":"ListItem","position":1,"name":"Home","item":"https:\/\/www.stiftung-oekologie-u-demokratie.de\/T\/"},{"@type":"ListItem","position":2,"name":"Mitschnitt der online-Tagung \u201eGesundheitliche Pr\u00e4vention im Einklang mit der Umwelt\u201c"}]},{"@type":"WebSite","@id":"https:\/\/www.stiftung-oekologie-u-demokratie.de\/T\/#website","url":"https:\/\/www.stiftung-oekologie-u-demokratie.de\/T\/","name":"Stiftung f\u00fcr \u00d6kologie und Demokratie e.V.","description":"Stiftung f\u00fcr \u00d6kologie und Demokratie e.V.","potentialAction":[{"@type":"SearchAction","target":{"@type":"EntryPoint","urlTemplate":"https:\/\/www.stiftung-oekologie-u-demokratie.de\/T\/?s={search_term_string}"},"query-input":{"@type":"PropertyValueSpecification","valueRequired":true,"valueName":"search_term_string"}}],"inLanguage":"de"},{"@type":"Person","@id":"https:\/\/www.stiftung-oekologie-u-demokratie.de\/T\/#\/schema\/person\/d256d4d56b82b746a9ccff0c5bf259e3","name":"admin","url":"https:\/\/www.stiftung-oekologie-u-demokratie.de\/T\/author\/admin\/"}]}},"_links":{"self":[{"href":"https:\/\/www.stiftung-oekologie-u-demokratie.de\/T\/wp-json\/wp\/v2\/posts\/57956","targetHints":{"allow":["GET"]}}],"collection":[{"href":"https:\/\/www.stiftung-oekologie-u-demokratie.de\/T\/wp-json\/wp\/v2\/posts"}],"about":[{"href":"https:\/\/www.stiftung-oekologie-u-demokratie.de\/T\/wp-json\/wp\/v2\/types\/post"}],"author":[{"embeddable":true,"href":"https:\/\/www.stiftung-oekologie-u-demokratie.de\/T\/wp-json\/wp\/v2\/users\/1"}],"replies":[{"embeddable":true,"href":"https:\/\/www.stiftung-oekologie-u-demokratie.de\/T\/wp-json\/wp\/v2\/comments?post=57956"}],"version-history":[{"count":2,"href":"https:\/\/www.stiftung-oekologie-u-demokratie.de\/T\/wp-json\/wp\/v2\/posts\/57956\/revisions"}],"predecessor-version":[{"id":57960,"href":"https:\/\/www.stiftung-oekologie-u-demokratie.de\/T\/wp-json\/wp\/v2\/posts\/57956\/revisions\/57960"}],"wp:attachment":[{"href":"https:\/\/www.stiftung-oekologie-u-demokratie.de\/T\/wp-json\/wp\/v2\/media?parent=57956"}],"wp:term":[{"taxonomy":"category","embeddable":true,"href":"https:\/\/www.stiftung-oekologie-u-demokratie.de\/T\/wp-json\/wp\/v2\/categories?post=57956"},{"taxonomy":"post_tag","embeddable":true,"href":"https:\/\/www.stiftung-oekologie-u-demokratie.de\/T\/wp-json\/wp\/v2\/tags?post=57956"}],"curies":[{"name":"wp","href":"https:\/\/api.w.org\/{rel}","templated":true}]}}