{"id":57613,"date":"2021-01-05T15:39:28","date_gmt":"2021-01-05T13:39:28","guid":{"rendered":"https:\/\/www.stiftung-oekologie-u-demokratie.de\/T\/?p=57613"},"modified":"2021-01-05T15:39:46","modified_gmt":"2021-01-05T13:39:46","slug":"neujahrsansprache-des-vorsitzenden-der-stiftung-fuer-oekologie-und-demokratie-e-v-hans-joachim-ritter","status":"publish","type":"post","link":"https:\/\/www.stiftung-oekologie-u-demokratie.de\/T\/neujahrsansprache-des-vorsitzenden-der-stiftung-fuer-oekologie-und-demokratie-e-v-hans-joachim-ritter\/","title":{"rendered":"Neujahrsansprache des Vorsitzenden der Stiftung f\u00fcr \u00d6kologie und Demokratie e.V. , Hans-Joachim Ritter"},"content":{"rendered":"<div class=\"wpb-content-wrapper\">[vc_row][vc_column][\/vc_column][\/vc_row][vc_row][vc_column][vc_column_text]Liebe Mitb\u00fcrgerinnen,<\/p>\n<p>liebe Mitb\u00fcrger,<\/p>\n<p>&nbsp;<\/p>\n<p>das vergangene Jahr 2020 war durch die <strong>Corona-Pandemie<\/strong> gepr\u00e4gt. Weltweit wurden zahlreiche Menschen von diesem Virus angesteckt. Wir haben noch die schrecklichen Bilder von Bergamo in Erinnerung, wo sich die Toten vor dem Krematorien gestapelt haben . Das gesamte \u00f6ffentliche Leben kam zum Stillstand. Diese Geisel der Menschheit wird uns auch noch in diesem Jahr begleiten. Doch es gibt Hoffnung durch die Impfungen. Auf drastische Weise r\u00e4cht sich die Natur, indem Viren auf Menschen \u00fcberspringen, wenn der Mensch in die nat\u00fcrlichen Lebensbahnen der Wildtiere eingreift. <strong>Die Natur schl\u00e4gt zur\u00fcck! <\/strong><\/p>\n<p>&nbsp;<\/p>\n<p>Dies gilt auch f\u00fcr viele andere Bereiche, wo menschliche Eingriffe in \u00d6ko-Systeme stattfinden, beispielsweise durch Brandrodungen in den Urw\u00e4ldern oder durch Treibhausgasbelastungen durch Industrie, Geb\u00e4udebestand oder Verkehr. Die Folgen sind betr\u00e4chtliche nachteilige <strong>Auswirkungen auf unser Klima<\/strong>. So waren die letzten Jahre die w\u00e4rmsten seit der Wetteraufzeichnungen im Jahre 1881. Wir alle bekamen die Auswirkungen des Klimawandels durch extreme Hitze und Trockenheit, St\u00fcrmen oder Starkregen bereits zu sp\u00fcren. Wenn die Staatengemeinschaft weltweit nicht zu mehr und wirksameren Klimaschutzma\u00dfnahmen bereit ist, werden die Auswirkungen des Klimawandels auch in unserem Breiten bald unertr\u00e4glich. Nach heutigem Stand der globalen Klimaschutzaktivit\u00e4ten wird das\u00a0 <strong>Klimaziel der Pariser Klimarahmenvereinbarung<\/strong> verfehlt. Dramatische globale Klimaauswirkungen w\u00e4ren die Folgen. Deshalb ist der Green Deal der EU, mit dem die EU stufenweise <strong>bis 2050 klimaneutral<\/strong> werden m\u00f6chte, sehr zu begr\u00fc\u00dfen. Auch Deutschland will aufgrund des Klimaschutzgesetzes bis 2050 eine Neutralit\u00e4t der Treibhausgase erreichen. Bis 2030 soll der Aussto\u00df der Treibhausgase um 55 % reduziert werden. Deshalb versucht die Bundesregierung mit der jetzt eingef\u00fchrten und sich steigernden Erh\u00f6hung der CO<sub>2<\/sub>-Abgabe auf Sprit und fossile Energietr\u00e4ger mit marktwirtschaftlichen Instrumenten zu einem sparsamerem Umgang mit Rohstoffen und fossilen Energien und damit einem geringeren CO<sub>2<\/sub>-Aussto\u00df beizutragen.<\/p>\n<p>Klimaschutz und Klimawandelanpassung sind gro\u00dfe Themen, f\u00fcr die wir uns schon seit Jahren engagieren wie beispielsweise mit in der Schlussphase befindlichen Projekt <strong>\u201eKlimawandelAnpassungsCOACH_RLP\u201c<\/strong>. \u00a0Wir konnten 15 Kommunen in Rheinland-Pfalz im Hinblick auf die Auswirkungen des Klimawandels coachen und wurden daf\u00fcr im vergangenen Jahr sogar in der Kategorie Vereine \/ Stiftungen mit dem renommierten Preis \u201eBlauer Kompass\u201c\u00a0 des Umweltbundesamtes ausgezeichnet. Mit dem Netzwerkprojekt <strong>\u201egrEEN Palatina\u201c <\/strong>unserer EnergieAgentur Speyer-Neustadt\/S\u00fcdpfalz coachen wir aktuell 10 gro\u00dfe produzierende Industrieunternehmen, um Energie, Kosten und CO<sub>2<\/sub> einzusparen. Auch sind wir mit unserer EnergieAgentur Speyer-Neustadt\/S\u00fcdpfalz an einem Pilotprojekt der Metropolregion Rhein-Neckar zur Wasserstoff-Technologie beteiligt.<\/p>\n<p>&nbsp;<\/p>\n<p>Am Anfang des Neuen Jahres <strong>2021 <\/strong>stehen wir aber noch vor <strong>vielen weiteren gro\u00dfen Herausforderungen<\/strong>:<\/p>\n<p>&nbsp;<\/p>\n<p>Vor allem blicken wir mit einer gewissen Hilflosigkeit auf die <strong>zahlreichen kriegerischen<\/strong> <strong>Konflikte<\/strong> wie beispielsweise im Nahen Osten, vor allem in Syrien, aber auch die <strong>st\u00e4ndigen milit\u00e4rischen Drohungen und Steigerung der R\u00fcstungsspirale <\/strong>durch machthungrige Despoten auf der Weltb\u00fchne. Gl\u00fccklicherweise d\u00fcrfen wir seit Ende des 2. Weltkrieges die l\u00e4ngste Friedenszeit Europas erleben. Umso wichtiger ist, dass Europa ein Hort des Friedens und der Stabilit\u00e4t bleibt. Symbole der europ\u00e4ischen Idee, der Einheit, des Friedens und des christlichen Abendlandes sind die gro\u00dfen romanischen und gotischen Dome zu Speyer, Aachen, K\u00f6ln, Paris, Reims und Metz.<\/p>\n<p>&nbsp;<\/p>\n<p>Nach wie vor ist die <strong>Migration eine gro\u00dfe Herausforderung<\/strong>. Kriege, aber auch der Klimawandel, aber auch Ausbeutung und Hunger sind h\u00e4ufige Ursachen der Fl\u00fcchtlingsstr\u00f6me. Doch weiterhin versagt die Entwicklungshilfepolitik, die nach dem Grundsatz handeln sollte \u201eHilfe zur Selbsthilfe\u201c, um durch Bef\u00e4higung der Eigenkr\u00e4fte in den jeweiligen L\u00e4ndern zur Fluchtursachenbek\u00e4mpfung beizutragen.<\/p>\n<p>&nbsp;<\/p>\n<p>Wir stellen mit Freude fest, dass sich f\u00fcr die Themen Klimaschutz, Tier- und Naturschutz Hunderttausende,\u00a0 insbesondere junge Menschen, begeistern lassen. Allerdings sehen wir mit Sorge, dass sich im Vergleich dazu noch <strong>zu wenige Menschen \u00f6ffentlich einsetzen gegen Abtreibung und T\u00f6tung von\u00a0 menschlichen Leben nach der Geburt sowie am Lebensende durch T\u00f6tung auf Verlangen bzw. \u00e4rztlich assistiertem Suizid.<\/strong> Die Philosophie der Selbstbestimmung \u00fcber den eigenen K\u00f6rper ist inzwischen in unserer Wohlstandsgesellschaft zur pr\u00e4genden Haltung geworden sowohl beim Thema \u201eAbtreibung\u201c als auch beim Thema \u201eSterbehilfe\u201c. Mit dem Urteil des Bundesverfassungsgerichts vom 26. Februar 2020, mit dem das im Herbst 2015 beschlossene \u201eVerbot der gesch\u00e4ftsm\u00e4\u00dfigen F\u00f6rderung der Selbstt\u00f6tung\u201c und den entsprechenden \u00a7 217 StGB f\u00fcr nichtig erkl\u00e4rt hat, ist in Deutschland jede Beihilfe zum Suizid straffrei. Mehr noch: Indem die Karlsruher Richter nicht blo\u00df konstatierten, dass das allgemeine Pers\u00f6nlichkeitsrecht als Ausdruck pers\u00f6nlicher Autonomie auch ein Recht auf selbstbestimmtes Sterben umfasse, sondern die individuelle Selbstbestimmung \u00fcber die Fortsetzung oder Beendigung des eigenen Lebens einschlie\u00dflich der Inanspruchnahme der Hilfe Dritter bei der Selbstt\u00f6tung zum Kern der Menschenw\u00fcrde erkl\u00e4rten, erschufen sie damit gewisserma\u00dfen eine Art Grundrecht auf Suizid. Dieses Urteil wird sich als Dammbruch erweisen, weil sich \u00a0immer mehr \u00e4ltere Menschen einem wachsenden Druck gegen\u00fcbersehen und niemandem l\u00e4nger zur Last fallen m\u00f6chten. In den Niederlanden ist sogar die Euthanasie von Kindern ab dem 12. Geburtstag erlaubt, wenn diese dazu ihre Einwilligung geben. Schon l\u00e4nger legalisiert ist dort bereits die T\u00f6tung von schwerkranken Neugeborenen und S\u00e4uglingen auf Wunsch der Eltern im ersten Lebensjahr. Hier folgt die T\u00f6tung nach dem sogenannten Groningen-Protokoll. In diesem Jahr will die niederl\u00e4ndische Regierungspartei D66 einen Gesetzentwurf zur Euthanasie von Menschen einbringen, die ihr Leben als \u201evollendet\u201c betrachten. \u00c4hnliche Entwicklungen gibt es in weiteren L\u00e4ndern. Auch in Deutschland m\u00fcssen wir mit dem Schlimmsten rechnen.<\/p>\n<p>&nbsp;<\/p>\n<p>Durch die Corona-Zeit hat die <strong>Digitalisierung<\/strong> in Form von digitalen Sitzungen, Veranstaltungen sowie Home-Unterricht schlagartig zugenommen. Doch wir sehen gro\u00dfe Probleme, insbesondere bei 5G.\u00a0 Zum Einen drohen gesundheitliche Gefahren durch zunehmende Verstrahlung aufgrund weiterer Sendeanlagen, zum Anderen bef\u00fcrchten wir negative Auswirkungen durch Manipulationen von Meinungen und schlie\u00dflich m\u00f6chten wir warnen vor dem zu fr\u00fchen und schrankenlosen Gebrauch des Internets von Kindern und Jugendlichen. Zahlreiche P\u00e4dagogen warnen bereits seit l\u00e4ngerer Zeit davor.<\/p>\n<p>&nbsp;<\/p>\n<p>Trotz vieler Gefahren und Bedrohungen, die uns umgeben, <strong>sollten wir stets auch das Positive<\/strong> <strong>sehen und daran arbeiten, dass sich die Welt im guten Sinne weiter entwickelt<\/strong>.\u00a0 Dazu m\u00f6chte ich Sie herzlich ermutigen, die M\u00f6glichkeiten, die uns allen zur Verf\u00fcgung stehen, aktiv zu ergreifen.<\/p>\n<p>&nbsp;<\/p>\n<p>In diesem Sinne w\u00fcnsche ich Ihnen ein <strong>gelingendes, erfolgreiches und friedliches Jahr 2021<\/strong>, in dem auch <strong>das Virus besiegt wird.<\/strong><\/p>\n<p>&nbsp;<\/p>\n<p>Ihr<\/p>\n<p>Hans-Joachim Ritter<\/p>\n<p>&nbsp;[\/vc_column_text][\/vc_column][\/vc_row]\n<\/div>","protected":false},"excerpt":{"rendered":"<p>[vc_row][vc_column][\/vc_column][\/vc_row][vc_row][vc_column][vc_column_text]Liebe Mitb\u00fcrgerinnen, liebe Mitb\u00fcrger, &nbsp; das vergangene Jahr 2020 war durch die Corona-Pandemie gepr\u00e4gt. Weltweit wurden zahlreiche Menschen von diesem Virus angesteckt. Wir haben noch die schrecklichen Bilder von Bergamo in Erinnerung, wo sich die Toten vor dem Krematorien gestapelt haben . Das gesamte \u00f6ffentliche Leben kam zum Stillstand. Diese Geisel der Menschheit wird uns&hellip;<\/p>\n","protected":false},"author":1,"featured_media":1152,"comment_status":"closed","ping_status":"open","sticky":false,"template":"","format":"standard","meta":[],"categories":[3],"tags":[],"class_list":["post-57613","post","type-post","status-publish","format-standard","has-post-thumbnail","hentry","category-aktuell","category-3","description-off"],"yoast_head":"<!-- This site is optimized with the Yoast SEO plugin v25.9 - https:\/\/yoast.com\/wordpress\/plugins\/seo\/ -->\n<title>Neujahrsansprache des Vorsitzenden der Stiftung f\u00fcr \u00d6kologie und Demokratie e.V. , Hans-Joachim Ritter - Stiftung f\u00fcr \u00d6kologie und Demokratie e.V.<\/title>\n<meta name=\"description\" content=\"Die Stiftung f\u00fcr \u00d6kologie und Demokratie ist eine gemeinn\u00fctzige Organisation, ein auf Bundesebene von der Bundeszentrale f\u00fcr politische Bildung (BpB) anerkannter Tr\u00e4ger der politischen Bildung, der sich vor allem f\u00fcr Umwelt und die politische \u00d6kologie einsetzt.\" \/>\n<meta name=\"robots\" content=\"index, follow, max-snippet:-1, max-image-preview:large, max-video-preview:-1\" \/>\n<link rel=\"canonical\" href=\"https:\/\/www.stiftung-oekologie-u-demokratie.de\/T\/neujahrsansprache-des-vorsitzenden-der-stiftung-fuer-oekologie-und-demokratie-e-v-hans-joachim-ritter\/\" \/>\n<meta property=\"og:locale\" content=\"de_DE\" \/>\n<meta property=\"og:type\" content=\"article\" \/>\n<meta property=\"og:title\" content=\"Neujahrsansprache des Vorsitzenden der Stiftung f\u00fcr \u00d6kologie und Demokratie e.V. , Hans-Joachim Ritter - Stiftung f\u00fcr \u00d6kologie und Demokratie e.V.\" \/>\n<meta property=\"og:description\" content=\"Die Stiftung f\u00fcr \u00d6kologie und Demokratie ist eine gemeinn\u00fctzige Organisation, ein auf Bundesebene von der Bundeszentrale f\u00fcr politische Bildung (BpB) anerkannter Tr\u00e4ger der politischen Bildung, der sich vor allem f\u00fcr Umwelt und die politische \u00d6kologie einsetzt.\" \/>\n<meta property=\"og:url\" content=\"https:\/\/www.stiftung-oekologie-u-demokratie.de\/T\/neujahrsansprache-des-vorsitzenden-der-stiftung-fuer-oekologie-und-demokratie-e-v-hans-joachim-ritter\/\" \/>\n<meta property=\"og:site_name\" content=\"Stiftung f\u00fcr \u00d6kologie und Demokratie e.V.\" \/>\n<meta property=\"article:published_time\" content=\"2021-01-05T13:39:28+00:00\" \/>\n<meta property=\"article:modified_time\" content=\"2021-01-05T13:39:46+00:00\" \/>\n<meta property=\"og:image\" content=\"https:\/\/www.stiftung-oekologie-u-demokratie.de\/T\/wp-content\/uploads\/2019\/12\/Ritter-002.jpg\" \/>\n\t<meta property=\"og:image:width\" content=\"1620\" \/>\n\t<meta property=\"og:image:height\" content=\"1080\" \/>\n\t<meta property=\"og:image:type\" content=\"image\/jpeg\" \/>\n<meta name=\"author\" content=\"admin\" \/>\n<meta name=\"twitter:card\" content=\"summary_large_image\" \/>\n<meta name=\"twitter:label1\" content=\"Verfasst von\" \/>\n\t<meta name=\"twitter:data1\" content=\"admin\" \/>\n\t<meta name=\"twitter:label2\" content=\"Gesch\u00e4tzte Lesezeit\" \/>\n\t<meta name=\"twitter:data2\" content=\"5\u00a0Minuten\" \/>\n<script type=\"application\/ld+json\" class=\"yoast-schema-graph\">{\"@context\":\"https:\/\/schema.org\",\"@graph\":[{\"@type\":\"WebPage\",\"@id\":\"https:\/\/www.stiftung-oekologie-u-demokratie.de\/T\/neujahrsansprache-des-vorsitzenden-der-stiftung-fuer-oekologie-und-demokratie-e-v-hans-joachim-ritter\/\",\"url\":\"https:\/\/www.stiftung-oekologie-u-demokratie.de\/T\/neujahrsansprache-des-vorsitzenden-der-stiftung-fuer-oekologie-und-demokratie-e-v-hans-joachim-ritter\/\",\"name\":\"Neujahrsansprache des Vorsitzenden der Stiftung f\u00fcr \u00d6kologie und Demokratie e.V. , Hans-Joachim Ritter - Stiftung f\u00fcr \u00d6kologie und Demokratie e.V.\",\"isPartOf\":{\"@id\":\"https:\/\/www.stiftung-oekologie-u-demokratie.de\/T\/#website\"},\"primaryImageOfPage\":{\"@id\":\"https:\/\/www.stiftung-oekologie-u-demokratie.de\/T\/neujahrsansprache-des-vorsitzenden-der-stiftung-fuer-oekologie-und-demokratie-e-v-hans-joachim-ritter\/#primaryimage\"},\"image\":{\"@id\":\"https:\/\/www.stiftung-oekologie-u-demokratie.de\/T\/neujahrsansprache-des-vorsitzenden-der-stiftung-fuer-oekologie-und-demokratie-e-v-hans-joachim-ritter\/#primaryimage\"},\"thumbnailUrl\":\"https:\/\/www.stiftung-oekologie-u-demokratie.de\/T\/wp-content\/uploads\/2019\/12\/Ritter-002.jpg\",\"datePublished\":\"2021-01-05T13:39:28+00:00\",\"dateModified\":\"2021-01-05T13:39:46+00:00\",\"author\":{\"@id\":\"https:\/\/www.stiftung-oekologie-u-demokratie.de\/T\/#\/schema\/person\/d256d4d56b82b746a9ccff0c5bf259e3\"},\"description\":\"Die Stiftung f\u00fcr \u00d6kologie und Demokratie ist eine gemeinn\u00fctzige Organisation, ein auf Bundesebene von der Bundeszentrale f\u00fcr politische Bildung (BpB) anerkannter Tr\u00e4ger der politischen Bildung, der sich vor allem f\u00fcr Umwelt und die politische \u00d6kologie einsetzt.\",\"breadcrumb\":{\"@id\":\"https:\/\/www.stiftung-oekologie-u-demokratie.de\/T\/neujahrsansprache-des-vorsitzenden-der-stiftung-fuer-oekologie-und-demokratie-e-v-hans-joachim-ritter\/#breadcrumb\"},\"inLanguage\":\"de\",\"potentialAction\":[{\"@type\":\"ReadAction\",\"target\":[\"https:\/\/www.stiftung-oekologie-u-demokratie.de\/T\/neujahrsansprache-des-vorsitzenden-der-stiftung-fuer-oekologie-und-demokratie-e-v-hans-joachim-ritter\/\"]}]},{\"@type\":\"ImageObject\",\"inLanguage\":\"de\",\"@id\":\"https:\/\/www.stiftung-oekologie-u-demokratie.de\/T\/neujahrsansprache-des-vorsitzenden-der-stiftung-fuer-oekologie-und-demokratie-e-v-hans-joachim-ritter\/#primaryimage\",\"url\":\"https:\/\/www.stiftung-oekologie-u-demokratie.de\/T\/wp-content\/uploads\/2019\/12\/Ritter-002.jpg\",\"contentUrl\":\"https:\/\/www.stiftung-oekologie-u-demokratie.de\/T\/wp-content\/uploads\/2019\/12\/Ritter-002.jpg\",\"width\":1620,\"height\":1080},{\"@type\":\"BreadcrumbList\",\"@id\":\"https:\/\/www.stiftung-oekologie-u-demokratie.de\/T\/neujahrsansprache-des-vorsitzenden-der-stiftung-fuer-oekologie-und-demokratie-e-v-hans-joachim-ritter\/#breadcrumb\",\"itemListElement\":[{\"@type\":\"ListItem\",\"position\":1,\"name\":\"Home\",\"item\":\"https:\/\/www.stiftung-oekologie-u-demokratie.de\/T\/\"},{\"@type\":\"ListItem\",\"position\":2,\"name\":\"Neujahrsansprache des Vorsitzenden der Stiftung f\u00fcr \u00d6kologie und Demokratie e.V. , Hans-Joachim Ritter\"}]},{\"@type\":\"WebSite\",\"@id\":\"https:\/\/www.stiftung-oekologie-u-demokratie.de\/T\/#website\",\"url\":\"https:\/\/www.stiftung-oekologie-u-demokratie.de\/T\/\",\"name\":\"Stiftung f\u00fcr \u00d6kologie und Demokratie e.V.\",\"description\":\"Stiftung f\u00fcr \u00d6kologie und Demokratie e.V.\",\"potentialAction\":[{\"@type\":\"SearchAction\",\"target\":{\"@type\":\"EntryPoint\",\"urlTemplate\":\"https:\/\/www.stiftung-oekologie-u-demokratie.de\/T\/?s={search_term_string}\"},\"query-input\":{\"@type\":\"PropertyValueSpecification\",\"valueRequired\":true,\"valueName\":\"search_term_string\"}}],\"inLanguage\":\"de\"},{\"@type\":\"Person\",\"@id\":\"https:\/\/www.stiftung-oekologie-u-demokratie.de\/T\/#\/schema\/person\/d256d4d56b82b746a9ccff0c5bf259e3\",\"name\":\"admin\",\"url\":\"https:\/\/www.stiftung-oekologie-u-demokratie.de\/T\/author\/admin\/\"}]}<\/script>\n<!-- \/ Yoast SEO plugin. -->","yoast_head_json":{"title":"Neujahrsansprache des Vorsitzenden der Stiftung f\u00fcr \u00d6kologie und Demokratie e.V. , Hans-Joachim Ritter - Stiftung f\u00fcr \u00d6kologie und Demokratie e.V.","description":"Die Stiftung f\u00fcr \u00d6kologie und Demokratie ist eine gemeinn\u00fctzige Organisation, ein auf Bundesebene von der Bundeszentrale f\u00fcr politische Bildung (BpB) anerkannter Tr\u00e4ger der politischen Bildung, der sich vor allem f\u00fcr Umwelt und die politische \u00d6kologie einsetzt.","robots":{"index":"index","follow":"follow","max-snippet":"max-snippet:-1","max-image-preview":"max-image-preview:large","max-video-preview":"max-video-preview:-1"},"canonical":"https:\/\/www.stiftung-oekologie-u-demokratie.de\/T\/neujahrsansprache-des-vorsitzenden-der-stiftung-fuer-oekologie-und-demokratie-e-v-hans-joachim-ritter\/","og_locale":"de_DE","og_type":"article","og_title":"Neujahrsansprache des Vorsitzenden der Stiftung f\u00fcr \u00d6kologie und Demokratie e.V. , Hans-Joachim Ritter - Stiftung f\u00fcr \u00d6kologie und Demokratie e.V.","og_description":"Die Stiftung f\u00fcr \u00d6kologie und Demokratie ist eine gemeinn\u00fctzige Organisation, ein auf Bundesebene von der Bundeszentrale f\u00fcr politische Bildung (BpB) anerkannter Tr\u00e4ger der politischen Bildung, der sich vor allem f\u00fcr Umwelt und die politische \u00d6kologie einsetzt.","og_url":"https:\/\/www.stiftung-oekologie-u-demokratie.de\/T\/neujahrsansprache-des-vorsitzenden-der-stiftung-fuer-oekologie-und-demokratie-e-v-hans-joachim-ritter\/","og_site_name":"Stiftung f\u00fcr \u00d6kologie und Demokratie e.V.","article_published_time":"2021-01-05T13:39:28+00:00","article_modified_time":"2021-01-05T13:39:46+00:00","og_image":[{"width":1620,"height":1080,"url":"https:\/\/www.stiftung-oekologie-u-demokratie.de\/T\/wp-content\/uploads\/2019\/12\/Ritter-002.jpg","type":"image\/jpeg"}],"author":"admin","twitter_card":"summary_large_image","twitter_misc":{"Verfasst von":"admin","Gesch\u00e4tzte Lesezeit":"5\u00a0Minuten"},"schema":{"@context":"https:\/\/schema.org","@graph":[{"@type":"WebPage","@id":"https:\/\/www.stiftung-oekologie-u-demokratie.de\/T\/neujahrsansprache-des-vorsitzenden-der-stiftung-fuer-oekologie-und-demokratie-e-v-hans-joachim-ritter\/","url":"https:\/\/www.stiftung-oekologie-u-demokratie.de\/T\/neujahrsansprache-des-vorsitzenden-der-stiftung-fuer-oekologie-und-demokratie-e-v-hans-joachim-ritter\/","name":"Neujahrsansprache des Vorsitzenden der Stiftung f\u00fcr \u00d6kologie und Demokratie e.V. , Hans-Joachim Ritter - Stiftung f\u00fcr \u00d6kologie und Demokratie e.V.","isPartOf":{"@id":"https:\/\/www.stiftung-oekologie-u-demokratie.de\/T\/#website"},"primaryImageOfPage":{"@id":"https:\/\/www.stiftung-oekologie-u-demokratie.de\/T\/neujahrsansprache-des-vorsitzenden-der-stiftung-fuer-oekologie-und-demokratie-e-v-hans-joachim-ritter\/#primaryimage"},"image":{"@id":"https:\/\/www.stiftung-oekologie-u-demokratie.de\/T\/neujahrsansprache-des-vorsitzenden-der-stiftung-fuer-oekologie-und-demokratie-e-v-hans-joachim-ritter\/#primaryimage"},"thumbnailUrl":"https:\/\/www.stiftung-oekologie-u-demokratie.de\/T\/wp-content\/uploads\/2019\/12\/Ritter-002.jpg","datePublished":"2021-01-05T13:39:28+00:00","dateModified":"2021-01-05T13:39:46+00:00","author":{"@id":"https:\/\/www.stiftung-oekologie-u-demokratie.de\/T\/#\/schema\/person\/d256d4d56b82b746a9ccff0c5bf259e3"},"description":"Die Stiftung f\u00fcr \u00d6kologie und Demokratie ist eine gemeinn\u00fctzige Organisation, ein auf Bundesebene von der Bundeszentrale f\u00fcr politische Bildung (BpB) anerkannter Tr\u00e4ger der politischen Bildung, der sich vor allem f\u00fcr Umwelt und die politische \u00d6kologie einsetzt.","breadcrumb":{"@id":"https:\/\/www.stiftung-oekologie-u-demokratie.de\/T\/neujahrsansprache-des-vorsitzenden-der-stiftung-fuer-oekologie-und-demokratie-e-v-hans-joachim-ritter\/#breadcrumb"},"inLanguage":"de","potentialAction":[{"@type":"ReadAction","target":["https:\/\/www.stiftung-oekologie-u-demokratie.de\/T\/neujahrsansprache-des-vorsitzenden-der-stiftung-fuer-oekologie-und-demokratie-e-v-hans-joachim-ritter\/"]}]},{"@type":"ImageObject","inLanguage":"de","@id":"https:\/\/www.stiftung-oekologie-u-demokratie.de\/T\/neujahrsansprache-des-vorsitzenden-der-stiftung-fuer-oekologie-und-demokratie-e-v-hans-joachim-ritter\/#primaryimage","url":"https:\/\/www.stiftung-oekologie-u-demokratie.de\/T\/wp-content\/uploads\/2019\/12\/Ritter-002.jpg","contentUrl":"https:\/\/www.stiftung-oekologie-u-demokratie.de\/T\/wp-content\/uploads\/2019\/12\/Ritter-002.jpg","width":1620,"height":1080},{"@type":"BreadcrumbList","@id":"https:\/\/www.stiftung-oekologie-u-demokratie.de\/T\/neujahrsansprache-des-vorsitzenden-der-stiftung-fuer-oekologie-und-demokratie-e-v-hans-joachim-ritter\/#breadcrumb","itemListElement":[{"@type":"ListItem","position":1,"name":"Home","item":"https:\/\/www.stiftung-oekologie-u-demokratie.de\/T\/"},{"@type":"ListItem","position":2,"name":"Neujahrsansprache des Vorsitzenden der Stiftung f\u00fcr \u00d6kologie und Demokratie e.V. , Hans-Joachim Ritter"}]},{"@type":"WebSite","@id":"https:\/\/www.stiftung-oekologie-u-demokratie.de\/T\/#website","url":"https:\/\/www.stiftung-oekologie-u-demokratie.de\/T\/","name":"Stiftung f\u00fcr \u00d6kologie und Demokratie e.V.","description":"Stiftung f\u00fcr \u00d6kologie und Demokratie e.V.","potentialAction":[{"@type":"SearchAction","target":{"@type":"EntryPoint","urlTemplate":"https:\/\/www.stiftung-oekologie-u-demokratie.de\/T\/?s={search_term_string}"},"query-input":{"@type":"PropertyValueSpecification","valueRequired":true,"valueName":"search_term_string"}}],"inLanguage":"de"},{"@type":"Person","@id":"https:\/\/www.stiftung-oekologie-u-demokratie.de\/T\/#\/schema\/person\/d256d4d56b82b746a9ccff0c5bf259e3","name":"admin","url":"https:\/\/www.stiftung-oekologie-u-demokratie.de\/T\/author\/admin\/"}]}},"_links":{"self":[{"href":"https:\/\/www.stiftung-oekologie-u-demokratie.de\/T\/wp-json\/wp\/v2\/posts\/57613","targetHints":{"allow":["GET"]}}],"collection":[{"href":"https:\/\/www.stiftung-oekologie-u-demokratie.de\/T\/wp-json\/wp\/v2\/posts"}],"about":[{"href":"https:\/\/www.stiftung-oekologie-u-demokratie.de\/T\/wp-json\/wp\/v2\/types\/post"}],"author":[{"embeddable":true,"href":"https:\/\/www.stiftung-oekologie-u-demokratie.de\/T\/wp-json\/wp\/v2\/users\/1"}],"replies":[{"embeddable":true,"href":"https:\/\/www.stiftung-oekologie-u-demokratie.de\/T\/wp-json\/wp\/v2\/comments?post=57613"}],"version-history":[{"count":2,"href":"https:\/\/www.stiftung-oekologie-u-demokratie.de\/T\/wp-json\/wp\/v2\/posts\/57613\/revisions"}],"predecessor-version":[{"id":57615,"href":"https:\/\/www.stiftung-oekologie-u-demokratie.de\/T\/wp-json\/wp\/v2\/posts\/57613\/revisions\/57615"}],"wp:featuredmedia":[{"embeddable":true,"href":"https:\/\/www.stiftung-oekologie-u-demokratie.de\/T\/wp-json\/wp\/v2\/media\/1152"}],"wp:attachment":[{"href":"https:\/\/www.stiftung-oekologie-u-demokratie.de\/T\/wp-json\/wp\/v2\/media?parent=57613"}],"wp:term":[{"taxonomy":"category","embeddable":true,"href":"https:\/\/www.stiftung-oekologie-u-demokratie.de\/T\/wp-json\/wp\/v2\/categories?post=57613"},{"taxonomy":"post_tag","embeddable":true,"href":"https:\/\/www.stiftung-oekologie-u-demokratie.de\/T\/wp-json\/wp\/v2\/tags?post=57613"}],"curies":[{"name":"wp","href":"https:\/\/api.w.org\/{rel}","templated":true}]}}