{"id":57514,"date":"2020-11-06T19:32:25","date_gmt":"2020-11-06T17:32:25","guid":{"rendered":"https:\/\/www.stiftung-oekologie-u-demokratie.de\/T\/?p=57514"},"modified":"2021-01-02T19:41:08","modified_gmt":"2021-01-02T17:41:08","slug":"projekt-klimawandelanpassungscoach_rlp-gewinnt-renommierten-preis-zur-klimawandelanpassung","status":"publish","type":"post","link":"https:\/\/www.stiftung-oekologie-u-demokratie.de\/T\/projekt-klimawandelanpassungscoach_rlp-gewinnt-renommierten-preis-zur-klimawandelanpassung\/","title":{"rendered":"Projekt KlimawandelAnpassungsCOACH_RLP gewinnt renommierten Preis zur Klimawandelanpassung"},"content":{"rendered":"<p align=\"justify\">Am Freitag, den 6. November 2020 wurden auf der Nationalen Konferenz zum Fortschrittsbericht zur Deutschen Anpassungsstrategie im Bundesministerium f\u00fcr Umwelt, Naturschutz und nukleare Sicherheit (BMU) die diesj\u00e4hrigen Preistr\u00e4ger des \u201eBlauen Kompass\u201c, einem renommierten, deutschlandweiten Wettbewerb zur Anpassung an die Folgen des Klimawandels, in vier Kategorien ausgezeichnet.<\/p>\n<p align=\"justify\">Die Preise wurden durch Bundesumweltministerin Svenja Schulze und den Pr\u00e4sidenten des Umweltbundesamtes Prof. Dr. Dirk Messner an die vier Sieger \u00fcberreicht. Die Stiftung f\u00fcr \u00d6kologie und Demokratie e.V. erhielt die Auszeichnung in der Kategorie \u201eVereine, Verb\u00e4nde, Stiftungen\u201c zusammen mit dem Kooperationspartner Rheinland-Pfalz Kompetenzzentrum f\u00fcr Klimawandelfolgen f\u00fcr das Projekt \u201eKlimawandelAnpassungsCOACH RLP\u201c. Die Veranstaltung wurde aufgrund von Covid-19 als Onlineveranstaltung durchgef\u00fchrt.<\/p>\n<p align=\"justify\"><a name=\"_GoBack\"><\/a> F\u00fcr den Preis haben sich insgesamt 160 wegweisende Projekte zur Klimawandelanpassung aus ganz Deutschland beworben. Aus diesen wurden wiederum 15 Projekte nominiert. Neben den 3 Jurysiegern wurde ein vierter Preis \u00fcber ein Online Voting als Publikumspreis vergeben. Der Stiftungsvorsitzende Hans-Joachim Ritter, der den Preis in Form einer Urkunde und einer Stele in Empfang genommen hat, und der Projektbearbeiter Christian Kotremba haben sich sehr \u00fcber die Auszeichnung gefreut. \u201eWir sind \u00fcbergl\u00fccklich, einen solch renommierten Preis gewonnen zu haben. Die Auszeichnung ist eine tolle Wertsch\u00e4tzung f\u00fcr unser Projekt\u201c, zeigte sich der Stiftungsvorsitzende Herr Ritter hocherfreut. Christian Kotremba bedankt sich bei den Projektteilnehmern \u201cWir haben den Preis als Team gewonnen. Ein gro\u00dfer Dank geht an unsere motivierten Modellkommunen, die hervorragendes Engagement zur Klimawandelanpassung gezeigt haben und unsere zahlreichen Projektpartner\u201c. Als Projektpartner fungierten die Stadtberatung Dr. Sven Fries, die Gartenakademie des DLR Rheinpfalz, die RLP AgroScience GmbH und das Holzbau-Cluster Rheinland-Pfalz.<\/p>\n<p align=\"justify\">Das 3-j\u00e4hrige Forschungsprojekt konnte seit seinem Start am 1. April 2018 insgesamt 15 ausgew\u00e4hlte Kommunen von Ortschaften, \u00fcber Verbandsgemeinden und Landkreise bis hin zu gr\u00f6\u00dferen St\u00e4dten in Rheinland-Pfalz auf dem Weg zur Klimawandelanpassung begleiten und beraten. \u00dcber 100 Ma\u00dfnahmenvorschl\u00e4ge zur Klimaanpassung konnten gemeinsam mit Politik, Verwaltung und B\u00fcrgern ausgearbeitet und zum Teil bereits umgesetzt werden. Das Projekt konnte somit zu einer ausgepr\u00e4gten Sensibilisierung zur Klimawandelanpassung im Land beitragen.<\/p>\n<p>&nbsp;<\/p>\n","protected":false},"excerpt":{"rendered":"<p>Am Freitag, den 6. November 2020 wurden auf der Nationalen Konferenz zum Fortschrittsbericht zur Deutschen Anpassungsstrategie im Bundesministerium f\u00fcr Umwelt, Naturschutz und nukleare Sicherheit (BMU) die diesj\u00e4hrigen Preistr\u00e4ger des \u201eBlauen Kompass\u201c, einem renommierten, deutschlandweiten Wettbewerb zur Anpassung an die Folgen des Klimawandels, in vier Kategorien ausgezeichnet. Die Preise wurden durch Bundesumweltministerin Svenja Schulze und den&hellip;<\/p>\n","protected":false},"author":1,"featured_media":57513,"comment_status":"closed","ping_status":"open","sticky":false,"template":"","format":"standard","meta":[],"categories":[3,8],"tags":[],"class_list":["post-57514","post","type-post","status-publish","format-standard","has-post-thumbnail","hentry","category-aktuell","category-projekte","category-3","category-8","description-off"],"yoast_head":"<!-- This site is optimized with the Yoast SEO plugin v25.9 - https:\/\/yoast.com\/wordpress\/plugins\/seo\/ -->\n<title>Projekt KlimawandelAnpassungsCOACH_RLP gewinnt renommierten Preis zur Klimawandelanpassung - Stiftung f\u00fcr \u00d6kologie und Demokratie e.V.<\/title>\n<meta name=\"description\" content=\"Die Stiftung f\u00fcr \u00d6kologie und Demokratie ist eine gemeinn\u00fctzige Organisation, ein auf Bundesebene von der Bundeszentrale f\u00fcr politische Bildung (BpB) anerkannter Tr\u00e4ger der politischen Bildung, der sich vor allem f\u00fcr Umwelt und die politische \u00d6kologie einsetzt.\" \/>\n<meta name=\"robots\" content=\"index, follow, max-snippet:-1, max-image-preview:large, max-video-preview:-1\" \/>\n<link rel=\"canonical\" href=\"https:\/\/www.stiftung-oekologie-u-demokratie.de\/T\/projekt-klimawandelanpassungscoach_rlp-gewinnt-renommierten-preis-zur-klimawandelanpassung\/\" \/>\n<meta property=\"og:locale\" content=\"de_DE\" \/>\n<meta property=\"og:type\" content=\"article\" \/>\n<meta property=\"og:title\" content=\"Projekt KlimawandelAnpassungsCOACH_RLP gewinnt renommierten Preis zur Klimawandelanpassung - Stiftung f\u00fcr \u00d6kologie und Demokratie e.V.\" \/>\n<meta property=\"og:description\" content=\"Die Stiftung f\u00fcr \u00d6kologie und Demokratie ist eine gemeinn\u00fctzige Organisation, ein auf Bundesebene von der Bundeszentrale f\u00fcr politische Bildung (BpB) anerkannter Tr\u00e4ger der politischen Bildung, der sich vor allem f\u00fcr Umwelt und die politische \u00d6kologie einsetzt.\" \/>\n<meta property=\"og:url\" content=\"https:\/\/www.stiftung-oekologie-u-demokratie.de\/T\/projekt-klimawandelanpassungscoach_rlp-gewinnt-renommierten-preis-zur-klimawandelanpassung\/\" \/>\n<meta property=\"og:site_name\" content=\"Stiftung f\u00fcr \u00d6kologie und Demokratie e.V.\" \/>\n<meta property=\"article:published_time\" content=\"2020-11-06T17:32:25+00:00\" \/>\n<meta property=\"article:modified_time\" content=\"2021-01-02T17:41:08+00:00\" \/>\n<meta property=\"og:image\" content=\"https:\/\/www.stiftung-oekologie-u-demokratie.de\/T\/wp-content\/uploads\/2021\/01\/Capture-Program-43.jpg\" \/>\n\t<meta property=\"og:image:width\" content=\"1920\" \/>\n\t<meta property=\"og:image:height\" content=\"1080\" \/>\n\t<meta property=\"og:image:type\" content=\"image\/jpeg\" \/>\n<meta name=\"author\" content=\"admin\" \/>\n<meta name=\"twitter:card\" content=\"summary_large_image\" \/>\n<meta name=\"twitter:label1\" content=\"Verfasst von\" \/>\n\t<meta name=\"twitter:data1\" content=\"admin\" \/>\n\t<meta name=\"twitter:label2\" content=\"Gesch\u00e4tzte Lesezeit\" \/>\n\t<meta name=\"twitter:data2\" content=\"2\u00a0Minuten\" \/>\n<script type=\"application\/ld+json\" class=\"yoast-schema-graph\">{\"@context\":\"https:\/\/schema.org\",\"@graph\":[{\"@type\":\"WebPage\",\"@id\":\"https:\/\/www.stiftung-oekologie-u-demokratie.de\/T\/projekt-klimawandelanpassungscoach_rlp-gewinnt-renommierten-preis-zur-klimawandelanpassung\/\",\"url\":\"https:\/\/www.stiftung-oekologie-u-demokratie.de\/T\/projekt-klimawandelanpassungscoach_rlp-gewinnt-renommierten-preis-zur-klimawandelanpassung\/\",\"name\":\"Projekt KlimawandelAnpassungsCOACH_RLP gewinnt renommierten Preis zur Klimawandelanpassung - Stiftung f\u00fcr \u00d6kologie und Demokratie e.V.\",\"isPartOf\":{\"@id\":\"https:\/\/www.stiftung-oekologie-u-demokratie.de\/T\/#website\"},\"primaryImageOfPage\":{\"@id\":\"https:\/\/www.stiftung-oekologie-u-demokratie.de\/T\/projekt-klimawandelanpassungscoach_rlp-gewinnt-renommierten-preis-zur-klimawandelanpassung\/#primaryimage\"},\"image\":{\"@id\":\"https:\/\/www.stiftung-oekologie-u-demokratie.de\/T\/projekt-klimawandelanpassungscoach_rlp-gewinnt-renommierten-preis-zur-klimawandelanpassung\/#primaryimage\"},\"thumbnailUrl\":\"https:\/\/www.stiftung-oekologie-u-demokratie.de\/T\/wp-content\/uploads\/2021\/01\/Capture-Program-43.jpg\",\"datePublished\":\"2020-11-06T17:32:25+00:00\",\"dateModified\":\"2021-01-02T17:41:08+00:00\",\"author\":{\"@id\":\"https:\/\/www.stiftung-oekologie-u-demokratie.de\/T\/#\/schema\/person\/d256d4d56b82b746a9ccff0c5bf259e3\"},\"description\":\"Die Stiftung f\u00fcr \u00d6kologie und Demokratie ist eine gemeinn\u00fctzige Organisation, ein auf Bundesebene von der Bundeszentrale f\u00fcr politische Bildung (BpB) anerkannter Tr\u00e4ger der politischen Bildung, der sich vor allem f\u00fcr Umwelt und die politische \u00d6kologie einsetzt.\",\"breadcrumb\":{\"@id\":\"https:\/\/www.stiftung-oekologie-u-demokratie.de\/T\/projekt-klimawandelanpassungscoach_rlp-gewinnt-renommierten-preis-zur-klimawandelanpassung\/#breadcrumb\"},\"inLanguage\":\"de\",\"potentialAction\":[{\"@type\":\"ReadAction\",\"target\":[\"https:\/\/www.stiftung-oekologie-u-demokratie.de\/T\/projekt-klimawandelanpassungscoach_rlp-gewinnt-renommierten-preis-zur-klimawandelanpassung\/\"]}]},{\"@type\":\"ImageObject\",\"inLanguage\":\"de\",\"@id\":\"https:\/\/www.stiftung-oekologie-u-demokratie.de\/T\/projekt-klimawandelanpassungscoach_rlp-gewinnt-renommierten-preis-zur-klimawandelanpassung\/#primaryimage\",\"url\":\"https:\/\/www.stiftung-oekologie-u-demokratie.de\/T\/wp-content\/uploads\/2021\/01\/Capture-Program-43.jpg\",\"contentUrl\":\"https:\/\/www.stiftung-oekologie-u-demokratie.de\/T\/wp-content\/uploads\/2021\/01\/Capture-Program-43.jpg\",\"width\":1920,\"height\":1080},{\"@type\":\"BreadcrumbList\",\"@id\":\"https:\/\/www.stiftung-oekologie-u-demokratie.de\/T\/projekt-klimawandelanpassungscoach_rlp-gewinnt-renommierten-preis-zur-klimawandelanpassung\/#breadcrumb\",\"itemListElement\":[{\"@type\":\"ListItem\",\"position\":1,\"name\":\"Home\",\"item\":\"https:\/\/www.stiftung-oekologie-u-demokratie.de\/T\/\"},{\"@type\":\"ListItem\",\"position\":2,\"name\":\"Projekt KlimawandelAnpassungsCOACH_RLP gewinnt renommierten Preis zur Klimawandelanpassung\"}]},{\"@type\":\"WebSite\",\"@id\":\"https:\/\/www.stiftung-oekologie-u-demokratie.de\/T\/#website\",\"url\":\"https:\/\/www.stiftung-oekologie-u-demokratie.de\/T\/\",\"name\":\"Stiftung f\u00fcr \u00d6kologie und Demokratie e.V.\",\"description\":\"Stiftung f\u00fcr \u00d6kologie und Demokratie e.V.\",\"potentialAction\":[{\"@type\":\"SearchAction\",\"target\":{\"@type\":\"EntryPoint\",\"urlTemplate\":\"https:\/\/www.stiftung-oekologie-u-demokratie.de\/T\/?s={search_term_string}\"},\"query-input\":{\"@type\":\"PropertyValueSpecification\",\"valueRequired\":true,\"valueName\":\"search_term_string\"}}],\"inLanguage\":\"de\"},{\"@type\":\"Person\",\"@id\":\"https:\/\/www.stiftung-oekologie-u-demokratie.de\/T\/#\/schema\/person\/d256d4d56b82b746a9ccff0c5bf259e3\",\"name\":\"admin\",\"url\":\"https:\/\/www.stiftung-oekologie-u-demokratie.de\/T\/author\/admin\/\"}]}<\/script>\n<!-- \/ Yoast SEO plugin. -->","yoast_head_json":{"title":"Projekt KlimawandelAnpassungsCOACH_RLP gewinnt renommierten Preis zur Klimawandelanpassung - Stiftung f\u00fcr \u00d6kologie und Demokratie e.V.","description":"Die Stiftung f\u00fcr \u00d6kologie und Demokratie ist eine gemeinn\u00fctzige Organisation, ein auf Bundesebene von der Bundeszentrale f\u00fcr politische Bildung (BpB) anerkannter Tr\u00e4ger der politischen Bildung, der sich vor allem f\u00fcr Umwelt und die politische \u00d6kologie einsetzt.","robots":{"index":"index","follow":"follow","max-snippet":"max-snippet:-1","max-image-preview":"max-image-preview:large","max-video-preview":"max-video-preview:-1"},"canonical":"https:\/\/www.stiftung-oekologie-u-demokratie.de\/T\/projekt-klimawandelanpassungscoach_rlp-gewinnt-renommierten-preis-zur-klimawandelanpassung\/","og_locale":"de_DE","og_type":"article","og_title":"Projekt KlimawandelAnpassungsCOACH_RLP gewinnt renommierten Preis zur Klimawandelanpassung - Stiftung f\u00fcr \u00d6kologie und Demokratie e.V.","og_description":"Die Stiftung f\u00fcr \u00d6kologie und Demokratie ist eine gemeinn\u00fctzige Organisation, ein auf Bundesebene von der Bundeszentrale f\u00fcr politische Bildung (BpB) anerkannter Tr\u00e4ger der politischen Bildung, der sich vor allem f\u00fcr Umwelt und die politische \u00d6kologie einsetzt.","og_url":"https:\/\/www.stiftung-oekologie-u-demokratie.de\/T\/projekt-klimawandelanpassungscoach_rlp-gewinnt-renommierten-preis-zur-klimawandelanpassung\/","og_site_name":"Stiftung f\u00fcr \u00d6kologie und Demokratie e.V.","article_published_time":"2020-11-06T17:32:25+00:00","article_modified_time":"2021-01-02T17:41:08+00:00","og_image":[{"width":1920,"height":1080,"url":"https:\/\/www.stiftung-oekologie-u-demokratie.de\/T\/wp-content\/uploads\/2021\/01\/Capture-Program-43.jpg","type":"image\/jpeg"}],"author":"admin","twitter_card":"summary_large_image","twitter_misc":{"Verfasst von":"admin","Gesch\u00e4tzte Lesezeit":"2\u00a0Minuten"},"schema":{"@context":"https:\/\/schema.org","@graph":[{"@type":"WebPage","@id":"https:\/\/www.stiftung-oekologie-u-demokratie.de\/T\/projekt-klimawandelanpassungscoach_rlp-gewinnt-renommierten-preis-zur-klimawandelanpassung\/","url":"https:\/\/www.stiftung-oekologie-u-demokratie.de\/T\/projekt-klimawandelanpassungscoach_rlp-gewinnt-renommierten-preis-zur-klimawandelanpassung\/","name":"Projekt KlimawandelAnpassungsCOACH_RLP gewinnt renommierten Preis zur Klimawandelanpassung - Stiftung f\u00fcr \u00d6kologie und Demokratie e.V.","isPartOf":{"@id":"https:\/\/www.stiftung-oekologie-u-demokratie.de\/T\/#website"},"primaryImageOfPage":{"@id":"https:\/\/www.stiftung-oekologie-u-demokratie.de\/T\/projekt-klimawandelanpassungscoach_rlp-gewinnt-renommierten-preis-zur-klimawandelanpassung\/#primaryimage"},"image":{"@id":"https:\/\/www.stiftung-oekologie-u-demokratie.de\/T\/projekt-klimawandelanpassungscoach_rlp-gewinnt-renommierten-preis-zur-klimawandelanpassung\/#primaryimage"},"thumbnailUrl":"https:\/\/www.stiftung-oekologie-u-demokratie.de\/T\/wp-content\/uploads\/2021\/01\/Capture-Program-43.jpg","datePublished":"2020-11-06T17:32:25+00:00","dateModified":"2021-01-02T17:41:08+00:00","author":{"@id":"https:\/\/www.stiftung-oekologie-u-demokratie.de\/T\/#\/schema\/person\/d256d4d56b82b746a9ccff0c5bf259e3"},"description":"Die Stiftung f\u00fcr \u00d6kologie und Demokratie ist eine gemeinn\u00fctzige Organisation, ein auf Bundesebene von der Bundeszentrale f\u00fcr politische Bildung (BpB) anerkannter Tr\u00e4ger der politischen Bildung, der sich vor allem f\u00fcr Umwelt und die politische \u00d6kologie einsetzt.","breadcrumb":{"@id":"https:\/\/www.stiftung-oekologie-u-demokratie.de\/T\/projekt-klimawandelanpassungscoach_rlp-gewinnt-renommierten-preis-zur-klimawandelanpassung\/#breadcrumb"},"inLanguage":"de","potentialAction":[{"@type":"ReadAction","target":["https:\/\/www.stiftung-oekologie-u-demokratie.de\/T\/projekt-klimawandelanpassungscoach_rlp-gewinnt-renommierten-preis-zur-klimawandelanpassung\/"]}]},{"@type":"ImageObject","inLanguage":"de","@id":"https:\/\/www.stiftung-oekologie-u-demokratie.de\/T\/projekt-klimawandelanpassungscoach_rlp-gewinnt-renommierten-preis-zur-klimawandelanpassung\/#primaryimage","url":"https:\/\/www.stiftung-oekologie-u-demokratie.de\/T\/wp-content\/uploads\/2021\/01\/Capture-Program-43.jpg","contentUrl":"https:\/\/www.stiftung-oekologie-u-demokratie.de\/T\/wp-content\/uploads\/2021\/01\/Capture-Program-43.jpg","width":1920,"height":1080},{"@type":"BreadcrumbList","@id":"https:\/\/www.stiftung-oekologie-u-demokratie.de\/T\/projekt-klimawandelanpassungscoach_rlp-gewinnt-renommierten-preis-zur-klimawandelanpassung\/#breadcrumb","itemListElement":[{"@type":"ListItem","position":1,"name":"Home","item":"https:\/\/www.stiftung-oekologie-u-demokratie.de\/T\/"},{"@type":"ListItem","position":2,"name":"Projekt KlimawandelAnpassungsCOACH_RLP gewinnt renommierten Preis zur Klimawandelanpassung"}]},{"@type":"WebSite","@id":"https:\/\/www.stiftung-oekologie-u-demokratie.de\/T\/#website","url":"https:\/\/www.stiftung-oekologie-u-demokratie.de\/T\/","name":"Stiftung f\u00fcr \u00d6kologie und Demokratie e.V.","description":"Stiftung f\u00fcr \u00d6kologie und Demokratie e.V.","potentialAction":[{"@type":"SearchAction","target":{"@type":"EntryPoint","urlTemplate":"https:\/\/www.stiftung-oekologie-u-demokratie.de\/T\/?s={search_term_string}"},"query-input":{"@type":"PropertyValueSpecification","valueRequired":true,"valueName":"search_term_string"}}],"inLanguage":"de"},{"@type":"Person","@id":"https:\/\/www.stiftung-oekologie-u-demokratie.de\/T\/#\/schema\/person\/d256d4d56b82b746a9ccff0c5bf259e3","name":"admin","url":"https:\/\/www.stiftung-oekologie-u-demokratie.de\/T\/author\/admin\/"}]}},"_links":{"self":[{"href":"https:\/\/www.stiftung-oekologie-u-demokratie.de\/T\/wp-json\/wp\/v2\/posts\/57514","targetHints":{"allow":["GET"]}}],"collection":[{"href":"https:\/\/www.stiftung-oekologie-u-demokratie.de\/T\/wp-json\/wp\/v2\/posts"}],"about":[{"href":"https:\/\/www.stiftung-oekologie-u-demokratie.de\/T\/wp-json\/wp\/v2\/types\/post"}],"author":[{"embeddable":true,"href":"https:\/\/www.stiftung-oekologie-u-demokratie.de\/T\/wp-json\/wp\/v2\/users\/1"}],"replies":[{"embeddable":true,"href":"https:\/\/www.stiftung-oekologie-u-demokratie.de\/T\/wp-json\/wp\/v2\/comments?post=57514"}],"version-history":[{"count":1,"href":"https:\/\/www.stiftung-oekologie-u-demokratie.de\/T\/wp-json\/wp\/v2\/posts\/57514\/revisions"}],"predecessor-version":[{"id":57515,"href":"https:\/\/www.stiftung-oekologie-u-demokratie.de\/T\/wp-json\/wp\/v2\/posts\/57514\/revisions\/57515"}],"wp:featuredmedia":[{"embeddable":true,"href":"https:\/\/www.stiftung-oekologie-u-demokratie.de\/T\/wp-json\/wp\/v2\/media\/57513"}],"wp:attachment":[{"href":"https:\/\/www.stiftung-oekologie-u-demokratie.de\/T\/wp-json\/wp\/v2\/media?parent=57514"}],"wp:term":[{"taxonomy":"category","embeddable":true,"href":"https:\/\/www.stiftung-oekologie-u-demokratie.de\/T\/wp-json\/wp\/v2\/categories?post=57514"},{"taxonomy":"post_tag","embeddable":true,"href":"https:\/\/www.stiftung-oekologie-u-demokratie.de\/T\/wp-json\/wp\/v2\/tags?post=57514"}],"curies":[{"name":"wp","href":"https:\/\/api.w.org\/{rel}","templated":true}]}}