{"id":544,"date":"2015-05-13T17:04:49","date_gmt":"2015-05-13T15:04:49","guid":{"rendered":"https:\/\/www.stiftung-oekologie-u-demokratie.de\/T\/?p=544"},"modified":"2021-01-05T16:43:57","modified_gmt":"2021-01-05T14:43:57","slug":"stiftung-fuer-oekologie-und-demokratie-e-v-erinnerte-an-kriegsende-vor-70-jahren","status":"publish","type":"post","link":"https:\/\/www.stiftung-oekologie-u-demokratie.de\/T\/stiftung-fuer-oekologie-und-demokratie-e-v-erinnerte-an-kriegsende-vor-70-jahren\/","title":{"rendered":"Stiftung f\u00fcr \u00d6kologie und Demokratie e.V. erinnerte an Kriegsende vor 70 Jahren"},"content":{"rendered":"<p>Anl\u00e4\u00dflich des Endes des 2. Weltkrieges vor 70 Jahren veranstaltete die Stiftung f\u00fcr \u00d6kologie und Demokratie e.V. ab Speyer und R\u00fclzheim eine Exkursion zum KZ Struthof und zur Maginotlinie \u201eFour-a-chaux\u201c im Elsa\u00df. Das Konzentrationslager Natzweiler-Struthof bestand ab Mai 1941. Von den 52.000 Gefangenen aus mehr als 30 Nationen \u00fcberlebten 22.000 Hunger, Folter und Zwangsarbeit nicht. Von Struthof aus wurden 70 Au\u00dfenlager verwaltet, darunter Neckarelz und Mannheim, die nach der R\u00e4umung des Hauptlagers im September 1944 weiter bestanden.<br \/>\nDer Stiftungsvorsitzende Hans-Joachim Ritter (R\u00fclzheim) erinnerte an das Ende des 2. Weltkrieges am 8. Mai vor 70 Jahren und w\u00fcrdigte die relativ lange Friedenszeit, insbesondere mit dem fr\u00fcheren \u201eErzfeind\u201c Frankreich. Dies sei f\u00fcr viele eine Selbstverst\u00e4ndlichkeit geworden. Doch gelte es, dieses kostbare Gut zu bewahren und zu pflegen. Der 2. Weltkrieg, der 5 Jahre, 8 Monate und 7 Tage gedauert habe, forderte 60 Millionen Menschenleben, Soldaten und Zivilisten. 6 Millionen Menschen wurden in Konzentrations- und Vernichtungslagern ermordet. Mind. 10 Millionen Menschen waren auf der Flucht oder wurden vertrieben. Deutschland, dessen nationalsozialistische F\u00fchrung den verheerendsten Krieg der Geschichte verschuldet habe, lag in Schutt und Asche. Deutschland war total vernichtet. Niemand h\u00e4tte 1945 eine Wette abgeschlossen, da\u00df Deutschland einmal wieder souver\u00e4n, stark, anerkannt und gl\u00fccklich sein w\u00fcrde. Heute, 70 Jahre sp\u00e4ter, sei Deutschland vereint, unabh\u00e4ngig, friedliebend, demokratisch und wohlhabend, ja nach einer aktuellen Umfrage das beliebteste Land weltweit. Doch angesichts des ungeheueren Leids d\u00fcrfe die Auseinandersetzung mit der deutschen Vergangenheit niemals abgeschlossen werden. Als Nachfrage der T\u00e4ter-Generation tr\u00fcgen wir zwar keine Schuld f\u00fcr die Gr\u00e4uel, doch seien wir verantwortlich daf\u00fcr, da\u00df von Deutschland nie wieder Krieg, Rassismus und Nationalismus ausgehen. Diese Verpflichtung geh\u00f6re zur Staatsr\u00e4son der Bundesrepublik Deutschland genauso wie die Freundschaft mit Israel.<br \/>\nDer ehemalige Bundeswehroffizier Peter Krug (Zweibr\u00fccken) gab unterwegs anschauliche Erl\u00e4uterungen zum KZ Struthof und zur Maginotlinie. Er f\u00fchrte die Gruppe durch das KZ Struthof und lie\u00df ehemalige Gefangene sprechen, indem er an den einzelnen Stationen ihre authentischen Aussagen zitierte, die tiefe Betroffenheit hinterlie\u00dfen.<\/p>\n","protected":false},"excerpt":{"rendered":"<p>Anl\u00e4\u00dflich des Endes des 2. Weltkrieges vor 70 Jahren veranstaltete die Stiftung f\u00fcr \u00d6kologie und Demokratie e.V. ab Speyer und R\u00fclzheim eine Exkursion zum KZ Struthof und zur Maginotlinie \u201eFour-a-chaux\u201c im Elsa\u00df. Das Konzentrationslager Natzweiler-Struthof bestand ab Mai 1941. Von den 52.000 Gefangenen aus mehr als 30 Nationen \u00fcberlebten 22.000 Hunger, Folter und Zwangsarbeit nicht.&hellip;<\/p>\n","protected":false},"author":1,"featured_media":541,"comment_status":"closed","ping_status":"closed","sticky":false,"template":"","format":"standard","meta":[],"categories":[3],"tags":[],"class_list":["post-544","post","type-post","status-publish","format-standard","has-post-thumbnail","hentry","category-aktuell","category-3","description-off"],"yoast_head":"<!-- This site is optimized with the Yoast SEO plugin v25.9 - https:\/\/yoast.com\/wordpress\/plugins\/seo\/ -->\n<title>Stiftung f\u00fcr Demokratie \u00d6kologie e.V. - Kriegsende vor 70 Jahren<\/title>\n<meta name=\"description\" content=\"Die Stiftung f\u00fcr \u00d6kologie und Demokratie ist eine gemeinn\u00fctzige Organisation, ein auf Bundesebene von der Bundeszentrale f\u00fcr politische Bildung (BpB) anerkannter Tr\u00e4ger der politischen Bildung, der sich vor allem f\u00fcr Umwelt und die politische \u00d6kologie einsetzt.\" \/>\n<meta name=\"robots\" content=\"index, follow, max-snippet:-1, max-image-preview:large, max-video-preview:-1\" \/>\n<link rel=\"canonical\" href=\"https:\/\/www.stiftung-oekologie-u-demokratie.de\/T\/stiftung-fuer-oekologie-und-demokratie-e-v-erinnerte-an-kriegsende-vor-70-jahren\/\" \/>\n<meta property=\"og:locale\" content=\"de_DE\" \/>\n<meta property=\"og:type\" content=\"article\" \/>\n<meta property=\"og:title\" content=\"Stiftung f\u00fcr Demokratie \u00d6kologie e.V. - Kriegsende vor 70 Jahren\" \/>\n<meta property=\"og:description\" content=\"Die Stiftung f\u00fcr \u00d6kologie und Demokratie ist eine gemeinn\u00fctzige Organisation, ein auf Bundesebene von der Bundeszentrale f\u00fcr politische Bildung (BpB) anerkannter Tr\u00e4ger der politischen Bildung, der sich vor allem f\u00fcr Umwelt und die politische \u00d6kologie einsetzt.\" \/>\n<meta property=\"og:url\" content=\"https:\/\/www.stiftung-oekologie-u-demokratie.de\/T\/stiftung-fuer-oekologie-und-demokratie-e-v-erinnerte-an-kriegsende-vor-70-jahren\/\" \/>\n<meta property=\"og:site_name\" content=\"Stiftung f\u00fcr \u00d6kologie und Demokratie e.V.\" \/>\n<meta property=\"article:published_time\" content=\"2015-05-13T15:04:49+00:00\" \/>\n<meta property=\"article:modified_time\" content=\"2021-01-05T14:43:57+00:00\" \/>\n<meta property=\"og:image\" content=\"https:\/\/www.stiftung-oekologie-u-demokratie.de\/T\/wp-content\/uploads\/2015\/06\/P5112033-scaled.jpg\" \/>\n\t<meta property=\"og:image:width\" content=\"2560\" \/>\n\t<meta property=\"og:image:height\" content=\"1920\" \/>\n\t<meta property=\"og:image:type\" content=\"image\/jpeg\" \/>\n<meta name=\"author\" content=\"admin\" \/>\n<meta name=\"twitter:card\" content=\"summary_large_image\" \/>\n<meta name=\"twitter:label1\" content=\"Verfasst von\" \/>\n\t<meta name=\"twitter:data1\" content=\"admin\" \/>\n\t<meta name=\"twitter:label2\" content=\"Gesch\u00e4tzte Lesezeit\" \/>\n\t<meta name=\"twitter:data2\" content=\"2\u00a0Minuten\" \/>\n<script type=\"application\/ld+json\" class=\"yoast-schema-graph\">{\"@context\":\"https:\/\/schema.org\",\"@graph\":[{\"@type\":\"WebPage\",\"@id\":\"https:\/\/www.stiftung-oekologie-u-demokratie.de\/T\/stiftung-fuer-oekologie-und-demokratie-e-v-erinnerte-an-kriegsende-vor-70-jahren\/\",\"url\":\"https:\/\/www.stiftung-oekologie-u-demokratie.de\/T\/stiftung-fuer-oekologie-und-demokratie-e-v-erinnerte-an-kriegsende-vor-70-jahren\/\",\"name\":\"Stiftung f\u00fcr Demokratie \u00d6kologie e.V. - Kriegsende vor 70 Jahren\",\"isPartOf\":{\"@id\":\"https:\/\/www.stiftung-oekologie-u-demokratie.de\/T\/#website\"},\"primaryImageOfPage\":{\"@id\":\"https:\/\/www.stiftung-oekologie-u-demokratie.de\/T\/stiftung-fuer-oekologie-und-demokratie-e-v-erinnerte-an-kriegsende-vor-70-jahren\/#primaryimage\"},\"image\":{\"@id\":\"https:\/\/www.stiftung-oekologie-u-demokratie.de\/T\/stiftung-fuer-oekologie-und-demokratie-e-v-erinnerte-an-kriegsende-vor-70-jahren\/#primaryimage\"},\"thumbnailUrl\":\"https:\/\/www.stiftung-oekologie-u-demokratie.de\/T\/wp-content\/uploads\/2015\/06\/P5112033-scaled.jpg\",\"datePublished\":\"2015-05-13T15:04:49+00:00\",\"dateModified\":\"2021-01-05T14:43:57+00:00\",\"author\":{\"@id\":\"https:\/\/www.stiftung-oekologie-u-demokratie.de\/T\/#\/schema\/person\/d256d4d56b82b746a9ccff0c5bf259e3\"},\"description\":\"Die Stiftung f\u00fcr \u00d6kologie und Demokratie ist eine gemeinn\u00fctzige Organisation, ein auf Bundesebene von der Bundeszentrale f\u00fcr politische Bildung (BpB) anerkannter Tr\u00e4ger der politischen Bildung, der sich vor allem f\u00fcr Umwelt und die politische \u00d6kologie einsetzt.\",\"breadcrumb\":{\"@id\":\"https:\/\/www.stiftung-oekologie-u-demokratie.de\/T\/stiftung-fuer-oekologie-und-demokratie-e-v-erinnerte-an-kriegsende-vor-70-jahren\/#breadcrumb\"},\"inLanguage\":\"de\",\"potentialAction\":[{\"@type\":\"ReadAction\",\"target\":[\"https:\/\/www.stiftung-oekologie-u-demokratie.de\/T\/stiftung-fuer-oekologie-und-demokratie-e-v-erinnerte-an-kriegsende-vor-70-jahren\/\"]}]},{\"@type\":\"ImageObject\",\"inLanguage\":\"de\",\"@id\":\"https:\/\/www.stiftung-oekologie-u-demokratie.de\/T\/stiftung-fuer-oekologie-und-demokratie-e-v-erinnerte-an-kriegsende-vor-70-jahren\/#primaryimage\",\"url\":\"https:\/\/www.stiftung-oekologie-u-demokratie.de\/T\/wp-content\/uploads\/2015\/06\/P5112033-scaled.jpg\",\"contentUrl\":\"https:\/\/www.stiftung-oekologie-u-demokratie.de\/T\/wp-content\/uploads\/2015\/06\/P5112033-scaled.jpg\",\"width\":2560,\"height\":1920},{\"@type\":\"BreadcrumbList\",\"@id\":\"https:\/\/www.stiftung-oekologie-u-demokratie.de\/T\/stiftung-fuer-oekologie-und-demokratie-e-v-erinnerte-an-kriegsende-vor-70-jahren\/#breadcrumb\",\"itemListElement\":[{\"@type\":\"ListItem\",\"position\":1,\"name\":\"Home\",\"item\":\"https:\/\/www.stiftung-oekologie-u-demokratie.de\/T\/\"},{\"@type\":\"ListItem\",\"position\":2,\"name\":\"Stiftung f\u00fcr \u00d6kologie und Demokratie e.V. erinnerte an Kriegsende vor 70 Jahren\"}]},{\"@type\":\"WebSite\",\"@id\":\"https:\/\/www.stiftung-oekologie-u-demokratie.de\/T\/#website\",\"url\":\"https:\/\/www.stiftung-oekologie-u-demokratie.de\/T\/\",\"name\":\"Stiftung f\u00fcr \u00d6kologie und Demokratie e.V.\",\"description\":\"Stiftung f\u00fcr \u00d6kologie und Demokratie e.V.\",\"potentialAction\":[{\"@type\":\"SearchAction\",\"target\":{\"@type\":\"EntryPoint\",\"urlTemplate\":\"https:\/\/www.stiftung-oekologie-u-demokratie.de\/T\/?s={search_term_string}\"},\"query-input\":{\"@type\":\"PropertyValueSpecification\",\"valueRequired\":true,\"valueName\":\"search_term_string\"}}],\"inLanguage\":\"de\"},{\"@type\":\"Person\",\"@id\":\"https:\/\/www.stiftung-oekologie-u-demokratie.de\/T\/#\/schema\/person\/d256d4d56b82b746a9ccff0c5bf259e3\",\"name\":\"admin\",\"url\":\"https:\/\/www.stiftung-oekologie-u-demokratie.de\/T\/author\/admin\/\"}]}<\/script>\n<!-- \/ Yoast SEO plugin. -->","yoast_head_json":{"title":"Stiftung f\u00fcr Demokratie \u00d6kologie e.V. - Kriegsende vor 70 Jahren","description":"Die Stiftung f\u00fcr \u00d6kologie und Demokratie ist eine gemeinn\u00fctzige Organisation, ein auf Bundesebene von der Bundeszentrale f\u00fcr politische Bildung (BpB) anerkannter Tr\u00e4ger der politischen Bildung, der sich vor allem f\u00fcr Umwelt und die politische \u00d6kologie einsetzt.","robots":{"index":"index","follow":"follow","max-snippet":"max-snippet:-1","max-image-preview":"max-image-preview:large","max-video-preview":"max-video-preview:-1"},"canonical":"https:\/\/www.stiftung-oekologie-u-demokratie.de\/T\/stiftung-fuer-oekologie-und-demokratie-e-v-erinnerte-an-kriegsende-vor-70-jahren\/","og_locale":"de_DE","og_type":"article","og_title":"Stiftung f\u00fcr Demokratie \u00d6kologie e.V. - Kriegsende vor 70 Jahren","og_description":"Die Stiftung f\u00fcr \u00d6kologie und Demokratie ist eine gemeinn\u00fctzige Organisation, ein auf Bundesebene von der Bundeszentrale f\u00fcr politische Bildung (BpB) anerkannter Tr\u00e4ger der politischen Bildung, der sich vor allem f\u00fcr Umwelt und die politische \u00d6kologie einsetzt.","og_url":"https:\/\/www.stiftung-oekologie-u-demokratie.de\/T\/stiftung-fuer-oekologie-und-demokratie-e-v-erinnerte-an-kriegsende-vor-70-jahren\/","og_site_name":"Stiftung f\u00fcr \u00d6kologie und Demokratie e.V.","article_published_time":"2015-05-13T15:04:49+00:00","article_modified_time":"2021-01-05T14:43:57+00:00","og_image":[{"width":2560,"height":1920,"url":"https:\/\/www.stiftung-oekologie-u-demokratie.de\/T\/wp-content\/uploads\/2015\/06\/P5112033-scaled.jpg","type":"image\/jpeg"}],"author":"admin","twitter_card":"summary_large_image","twitter_misc":{"Verfasst von":"admin","Gesch\u00e4tzte Lesezeit":"2\u00a0Minuten"},"schema":{"@context":"https:\/\/schema.org","@graph":[{"@type":"WebPage","@id":"https:\/\/www.stiftung-oekologie-u-demokratie.de\/T\/stiftung-fuer-oekologie-und-demokratie-e-v-erinnerte-an-kriegsende-vor-70-jahren\/","url":"https:\/\/www.stiftung-oekologie-u-demokratie.de\/T\/stiftung-fuer-oekologie-und-demokratie-e-v-erinnerte-an-kriegsende-vor-70-jahren\/","name":"Stiftung f\u00fcr Demokratie \u00d6kologie e.V. - Kriegsende vor 70 Jahren","isPartOf":{"@id":"https:\/\/www.stiftung-oekologie-u-demokratie.de\/T\/#website"},"primaryImageOfPage":{"@id":"https:\/\/www.stiftung-oekologie-u-demokratie.de\/T\/stiftung-fuer-oekologie-und-demokratie-e-v-erinnerte-an-kriegsende-vor-70-jahren\/#primaryimage"},"image":{"@id":"https:\/\/www.stiftung-oekologie-u-demokratie.de\/T\/stiftung-fuer-oekologie-und-demokratie-e-v-erinnerte-an-kriegsende-vor-70-jahren\/#primaryimage"},"thumbnailUrl":"https:\/\/www.stiftung-oekologie-u-demokratie.de\/T\/wp-content\/uploads\/2015\/06\/P5112033-scaled.jpg","datePublished":"2015-05-13T15:04:49+00:00","dateModified":"2021-01-05T14:43:57+00:00","author":{"@id":"https:\/\/www.stiftung-oekologie-u-demokratie.de\/T\/#\/schema\/person\/d256d4d56b82b746a9ccff0c5bf259e3"},"description":"Die Stiftung f\u00fcr \u00d6kologie und Demokratie ist eine gemeinn\u00fctzige Organisation, ein auf Bundesebene von der Bundeszentrale f\u00fcr politische Bildung (BpB) anerkannter Tr\u00e4ger der politischen Bildung, der sich vor allem f\u00fcr Umwelt und die politische \u00d6kologie einsetzt.","breadcrumb":{"@id":"https:\/\/www.stiftung-oekologie-u-demokratie.de\/T\/stiftung-fuer-oekologie-und-demokratie-e-v-erinnerte-an-kriegsende-vor-70-jahren\/#breadcrumb"},"inLanguage":"de","potentialAction":[{"@type":"ReadAction","target":["https:\/\/www.stiftung-oekologie-u-demokratie.de\/T\/stiftung-fuer-oekologie-und-demokratie-e-v-erinnerte-an-kriegsende-vor-70-jahren\/"]}]},{"@type":"ImageObject","inLanguage":"de","@id":"https:\/\/www.stiftung-oekologie-u-demokratie.de\/T\/stiftung-fuer-oekologie-und-demokratie-e-v-erinnerte-an-kriegsende-vor-70-jahren\/#primaryimage","url":"https:\/\/www.stiftung-oekologie-u-demokratie.de\/T\/wp-content\/uploads\/2015\/06\/P5112033-scaled.jpg","contentUrl":"https:\/\/www.stiftung-oekologie-u-demokratie.de\/T\/wp-content\/uploads\/2015\/06\/P5112033-scaled.jpg","width":2560,"height":1920},{"@type":"BreadcrumbList","@id":"https:\/\/www.stiftung-oekologie-u-demokratie.de\/T\/stiftung-fuer-oekologie-und-demokratie-e-v-erinnerte-an-kriegsende-vor-70-jahren\/#breadcrumb","itemListElement":[{"@type":"ListItem","position":1,"name":"Home","item":"https:\/\/www.stiftung-oekologie-u-demokratie.de\/T\/"},{"@type":"ListItem","position":2,"name":"Stiftung f\u00fcr \u00d6kologie und Demokratie e.V. erinnerte an Kriegsende vor 70 Jahren"}]},{"@type":"WebSite","@id":"https:\/\/www.stiftung-oekologie-u-demokratie.de\/T\/#website","url":"https:\/\/www.stiftung-oekologie-u-demokratie.de\/T\/","name":"Stiftung f\u00fcr \u00d6kologie und Demokratie e.V.","description":"Stiftung f\u00fcr \u00d6kologie und Demokratie e.V.","potentialAction":[{"@type":"SearchAction","target":{"@type":"EntryPoint","urlTemplate":"https:\/\/www.stiftung-oekologie-u-demokratie.de\/T\/?s={search_term_string}"},"query-input":{"@type":"PropertyValueSpecification","valueRequired":true,"valueName":"search_term_string"}}],"inLanguage":"de"},{"@type":"Person","@id":"https:\/\/www.stiftung-oekologie-u-demokratie.de\/T\/#\/schema\/person\/d256d4d56b82b746a9ccff0c5bf259e3","name":"admin","url":"https:\/\/www.stiftung-oekologie-u-demokratie.de\/T\/author\/admin\/"}]}},"_links":{"self":[{"href":"https:\/\/www.stiftung-oekologie-u-demokratie.de\/T\/wp-json\/wp\/v2\/posts\/544","targetHints":{"allow":["GET"]}}],"collection":[{"href":"https:\/\/www.stiftung-oekologie-u-demokratie.de\/T\/wp-json\/wp\/v2\/posts"}],"about":[{"href":"https:\/\/www.stiftung-oekologie-u-demokratie.de\/T\/wp-json\/wp\/v2\/types\/post"}],"author":[{"embeddable":true,"href":"https:\/\/www.stiftung-oekologie-u-demokratie.de\/T\/wp-json\/wp\/v2\/users\/1"}],"replies":[{"embeddable":true,"href":"https:\/\/www.stiftung-oekologie-u-demokratie.de\/T\/wp-json\/wp\/v2\/comments?post=544"}],"version-history":[{"count":6,"href":"https:\/\/www.stiftung-oekologie-u-demokratie.de\/T\/wp-json\/wp\/v2\/posts\/544\/revisions"}],"predecessor-version":[{"id":57627,"href":"https:\/\/www.stiftung-oekologie-u-demokratie.de\/T\/wp-json\/wp\/v2\/posts\/544\/revisions\/57627"}],"wp:featuredmedia":[{"embeddable":true,"href":"https:\/\/www.stiftung-oekologie-u-demokratie.de\/T\/wp-json\/wp\/v2\/media\/541"}],"wp:attachment":[{"href":"https:\/\/www.stiftung-oekologie-u-demokratie.de\/T\/wp-json\/wp\/v2\/media?parent=544"}],"wp:term":[{"taxonomy":"category","embeddable":true,"href":"https:\/\/www.stiftung-oekologie-u-demokratie.de\/T\/wp-json\/wp\/v2\/categories?post=544"},{"taxonomy":"post_tag","embeddable":true,"href":"https:\/\/www.stiftung-oekologie-u-demokratie.de\/T\/wp-json\/wp\/v2\/tags?post=544"}],"curies":[{"name":"wp","href":"https:\/\/api.w.org\/{rel}","templated":true}]}}