{"id":447,"date":"2014-11-29T13:01:10","date_gmt":"2014-11-29T11:01:10","guid":{"rendered":"https:\/\/www.stiftung-oekologie-u-demokratie.de\/T\/?p=447"},"modified":"2015-09-05T21:13:05","modified_gmt":"2015-09-05T19:13:05","slug":"stiftungsvorsitzender-hans-joachim-ritter-pflanzte-am-grab-von-jose-lutzenberger-einen-baum","status":"publish","type":"post","link":"https:\/\/www.stiftung-oekologie-u-demokratie.de\/T\/stiftungsvorsitzender-hans-joachim-ritter-pflanzte-am-grab-von-jose-lutzenberger-einen-baum\/","title":{"rendered":"Stiftungsvorsitzender Hans-Joachim Ritter pflanzte am Grab von Jos\u00e9 Lutzenberger einen Baum"},"content":{"rendered":"<p>Am Grab des fr\u00fcheren brasilianischen Umweltministers und Kuratoriumsmitglied unserer Stiftung, Jos\u00e9 Lutzenberger, das sich auf einem H\u00fcgel auf der Farm Rincao Gaia (125 km westlich von Porto Alegre) befindet, hat der Stiftungsvorsitzende Hans-Joachim Ritter einen Baum gepflanzt, einen &#8222;Ipe Roko&#8220;. Dieser wird pr\u00e4chtig rosafarbig bl\u00fchen. Er soll an den gro\u00dfartigen Umweltpionier und fr\u00fcheren brasilianischen Umweltminister der Jahre 1990 &#8211; 92 erinnern.<\/p>\n","protected":false},"excerpt":{"rendered":"<p>Am Grab des fr\u00fcheren brasilianischen Umweltministers und Kuratoriumsmitglied unserer Stiftung, Jos\u00e9 Lutzenberger, das sich auf einem H\u00fcgel auf der Farm Rincao Gaia (125 km westlich von Porto Alegre) befindet, hat der Stiftungsvorsitzende Hans-Joachim Ritter einen Baum gepflanzt, einen &#8222;Ipe Roko&#8220;. Dieser wird pr\u00e4chtig rosafarbig bl\u00fchen. Er soll an den gro\u00dfartigen Umweltpionier und fr\u00fcheren brasilianischen Umweltminister&hellip;<\/p>\n","protected":false},"author":1,"featured_media":448,"comment_status":"closed","ping_status":"closed","sticky":false,"template":"","format":"standard","meta":[],"categories":[3],"tags":[],"class_list":["post-447","post","type-post","status-publish","format-standard","has-post-thumbnail","hentry","category-aktuell","category-3","description-off"],"yoast_head":"<!-- This site is optimized with the Yoast SEO plugin v25.9 - https:\/\/yoast.com\/wordpress\/plugins\/seo\/ -->\n<title>Stiftung f\u00fcr Demokratie \u00d6kologie e.V. - Jos\u00e9 Lutzenberger geehrt<\/title>\n<meta name=\"description\" content=\"Die Stiftung f\u00fcr \u00d6kologie und Demokratie ist eine gemeinn\u00fctzige Organisation, ein auf Bundesebene von der Bundeszentrale f\u00fcr politische Bildung (BpB) anerkannter Tr\u00e4ger der politischen Bildung, der sich vor allem f\u00fcr Umwelt und die politische \u00d6kologie einsetzt.\" \/>\n<meta name=\"robots\" content=\"index, follow, max-snippet:-1, max-image-preview:large, max-video-preview:-1\" \/>\n<link rel=\"canonical\" href=\"https:\/\/www.stiftung-oekologie-u-demokratie.de\/T\/stiftungsvorsitzender-hans-joachim-ritter-pflanzte-am-grab-von-jose-lutzenberger-einen-baum\/\" \/>\n<meta property=\"og:locale\" content=\"de_DE\" \/>\n<meta property=\"og:type\" content=\"article\" \/>\n<meta property=\"og:title\" content=\"Stiftung f\u00fcr Demokratie \u00d6kologie e.V. - Jos\u00e9 Lutzenberger geehrt\" \/>\n<meta property=\"og:description\" content=\"Die Stiftung f\u00fcr \u00d6kologie und Demokratie ist eine gemeinn\u00fctzige Organisation, ein auf Bundesebene von der Bundeszentrale f\u00fcr politische Bildung (BpB) anerkannter Tr\u00e4ger der politischen Bildung, der sich vor allem f\u00fcr Umwelt und die politische \u00d6kologie einsetzt.\" \/>\n<meta property=\"og:url\" content=\"https:\/\/www.stiftung-oekologie-u-demokratie.de\/T\/stiftungsvorsitzender-hans-joachim-ritter-pflanzte-am-grab-von-jose-lutzenberger-einen-baum\/\" \/>\n<meta property=\"og:site_name\" content=\"Stiftung f\u00fcr \u00d6kologie und Demokratie e.V.\" \/>\n<meta property=\"article:published_time\" content=\"2014-11-29T11:01:10+00:00\" \/>\n<meta property=\"article:modified_time\" content=\"2015-09-05T19:13:05+00:00\" \/>\n<meta property=\"og:image\" content=\"https:\/\/www.stiftung-oekologie-u-demokratie.de\/T\/wp-content\/uploads\/2015\/05\/Lutzenberger.jpg\" \/>\n\t<meta property=\"og:image:width\" content=\"550\" \/>\n\t<meta property=\"og:image:height\" content=\"733\" \/>\n\t<meta property=\"og:image:type\" content=\"image\/jpeg\" \/>\n<meta name=\"author\" content=\"admin\" \/>\n<meta name=\"twitter:card\" content=\"summary_large_image\" \/>\n<meta name=\"twitter:label1\" content=\"Verfasst von\" \/>\n\t<meta name=\"twitter:data1\" content=\"admin\" \/>\n<script type=\"application\/ld+json\" class=\"yoast-schema-graph\">{\"@context\":\"https:\/\/schema.org\",\"@graph\":[{\"@type\":\"WebPage\",\"@id\":\"https:\/\/www.stiftung-oekologie-u-demokratie.de\/T\/stiftungsvorsitzender-hans-joachim-ritter-pflanzte-am-grab-von-jose-lutzenberger-einen-baum\/\",\"url\":\"https:\/\/www.stiftung-oekologie-u-demokratie.de\/T\/stiftungsvorsitzender-hans-joachim-ritter-pflanzte-am-grab-von-jose-lutzenberger-einen-baum\/\",\"name\":\"Stiftung f\u00fcr Demokratie \u00d6kologie e.V. - Jos\u00e9 Lutzenberger geehrt\",\"isPartOf\":{\"@id\":\"https:\/\/www.stiftung-oekologie-u-demokratie.de\/T\/#website\"},\"primaryImageOfPage\":{\"@id\":\"https:\/\/www.stiftung-oekologie-u-demokratie.de\/T\/stiftungsvorsitzender-hans-joachim-ritter-pflanzte-am-grab-von-jose-lutzenberger-einen-baum\/#primaryimage\"},\"image\":{\"@id\":\"https:\/\/www.stiftung-oekologie-u-demokratie.de\/T\/stiftungsvorsitzender-hans-joachim-ritter-pflanzte-am-grab-von-jose-lutzenberger-einen-baum\/#primaryimage\"},\"thumbnailUrl\":\"https:\/\/www.stiftung-oekologie-u-demokratie.de\/T\/wp-content\/uploads\/2015\/05\/Lutzenberger.jpg\",\"datePublished\":\"2014-11-29T11:01:10+00:00\",\"dateModified\":\"2015-09-05T19:13:05+00:00\",\"author\":{\"@id\":\"https:\/\/www.stiftung-oekologie-u-demokratie.de\/T\/#\/schema\/person\/d256d4d56b82b746a9ccff0c5bf259e3\"},\"description\":\"Die Stiftung f\u00fcr \u00d6kologie und Demokratie ist eine gemeinn\u00fctzige Organisation, ein auf Bundesebene von der Bundeszentrale f\u00fcr politische Bildung (BpB) anerkannter Tr\u00e4ger der politischen Bildung, der sich vor allem f\u00fcr Umwelt und die politische \u00d6kologie einsetzt.\",\"breadcrumb\":{\"@id\":\"https:\/\/www.stiftung-oekologie-u-demokratie.de\/T\/stiftungsvorsitzender-hans-joachim-ritter-pflanzte-am-grab-von-jose-lutzenberger-einen-baum\/#breadcrumb\"},\"inLanguage\":\"de\",\"potentialAction\":[{\"@type\":\"ReadAction\",\"target\":[\"https:\/\/www.stiftung-oekologie-u-demokratie.de\/T\/stiftungsvorsitzender-hans-joachim-ritter-pflanzte-am-grab-von-jose-lutzenberger-einen-baum\/\"]}]},{\"@type\":\"ImageObject\",\"inLanguage\":\"de\",\"@id\":\"https:\/\/www.stiftung-oekologie-u-demokratie.de\/T\/stiftungsvorsitzender-hans-joachim-ritter-pflanzte-am-grab-von-jose-lutzenberger-einen-baum\/#primaryimage\",\"url\":\"https:\/\/www.stiftung-oekologie-u-demokratie.de\/T\/wp-content\/uploads\/2015\/05\/Lutzenberger.jpg\",\"contentUrl\":\"https:\/\/www.stiftung-oekologie-u-demokratie.de\/T\/wp-content\/uploads\/2015\/05\/Lutzenberger.jpg\",\"width\":550,\"height\":733},{\"@type\":\"BreadcrumbList\",\"@id\":\"https:\/\/www.stiftung-oekologie-u-demokratie.de\/T\/stiftungsvorsitzender-hans-joachim-ritter-pflanzte-am-grab-von-jose-lutzenberger-einen-baum\/#breadcrumb\",\"itemListElement\":[{\"@type\":\"ListItem\",\"position\":1,\"name\":\"Home\",\"item\":\"https:\/\/www.stiftung-oekologie-u-demokratie.de\/T\/\"},{\"@type\":\"ListItem\",\"position\":2,\"name\":\"Stiftungsvorsitzender Hans-Joachim Ritter pflanzte am Grab von Jos\u00e9 Lutzenberger einen Baum\"}]},{\"@type\":\"WebSite\",\"@id\":\"https:\/\/www.stiftung-oekologie-u-demokratie.de\/T\/#website\",\"url\":\"https:\/\/www.stiftung-oekologie-u-demokratie.de\/T\/\",\"name\":\"Stiftung f\u00fcr \u00d6kologie und Demokratie e.V.\",\"description\":\"Stiftung f\u00fcr \u00d6kologie und Demokratie e.V.\",\"potentialAction\":[{\"@type\":\"SearchAction\",\"target\":{\"@type\":\"EntryPoint\",\"urlTemplate\":\"https:\/\/www.stiftung-oekologie-u-demokratie.de\/T\/?s={search_term_string}\"},\"query-input\":{\"@type\":\"PropertyValueSpecification\",\"valueRequired\":true,\"valueName\":\"search_term_string\"}}],\"inLanguage\":\"de\"},{\"@type\":\"Person\",\"@id\":\"https:\/\/www.stiftung-oekologie-u-demokratie.de\/T\/#\/schema\/person\/d256d4d56b82b746a9ccff0c5bf259e3\",\"name\":\"admin\",\"url\":\"https:\/\/www.stiftung-oekologie-u-demokratie.de\/T\/author\/admin\/\"}]}<\/script>\n<!-- \/ Yoast SEO plugin. -->","yoast_head_json":{"title":"Stiftung f\u00fcr Demokratie \u00d6kologie e.V. - Jos\u00e9 Lutzenberger geehrt","description":"Die Stiftung f\u00fcr \u00d6kologie und Demokratie ist eine gemeinn\u00fctzige Organisation, ein auf Bundesebene von der Bundeszentrale f\u00fcr politische Bildung (BpB) anerkannter Tr\u00e4ger der politischen Bildung, der sich vor allem f\u00fcr Umwelt und die politische \u00d6kologie einsetzt.","robots":{"index":"index","follow":"follow","max-snippet":"max-snippet:-1","max-image-preview":"max-image-preview:large","max-video-preview":"max-video-preview:-1"},"canonical":"https:\/\/www.stiftung-oekologie-u-demokratie.de\/T\/stiftungsvorsitzender-hans-joachim-ritter-pflanzte-am-grab-von-jose-lutzenberger-einen-baum\/","og_locale":"de_DE","og_type":"article","og_title":"Stiftung f\u00fcr Demokratie \u00d6kologie e.V. - Jos\u00e9 Lutzenberger geehrt","og_description":"Die Stiftung f\u00fcr \u00d6kologie und Demokratie ist eine gemeinn\u00fctzige Organisation, ein auf Bundesebene von der Bundeszentrale f\u00fcr politische Bildung (BpB) anerkannter Tr\u00e4ger der politischen Bildung, der sich vor allem f\u00fcr Umwelt und die politische \u00d6kologie einsetzt.","og_url":"https:\/\/www.stiftung-oekologie-u-demokratie.de\/T\/stiftungsvorsitzender-hans-joachim-ritter-pflanzte-am-grab-von-jose-lutzenberger-einen-baum\/","og_site_name":"Stiftung f\u00fcr \u00d6kologie und Demokratie e.V.","article_published_time":"2014-11-29T11:01:10+00:00","article_modified_time":"2015-09-05T19:13:05+00:00","og_image":[{"width":550,"height":733,"url":"https:\/\/www.stiftung-oekologie-u-demokratie.de\/T\/wp-content\/uploads\/2015\/05\/Lutzenberger.jpg","type":"image\/jpeg"}],"author":"admin","twitter_card":"summary_large_image","twitter_misc":{"Verfasst von":"admin"},"schema":{"@context":"https:\/\/schema.org","@graph":[{"@type":"WebPage","@id":"https:\/\/www.stiftung-oekologie-u-demokratie.de\/T\/stiftungsvorsitzender-hans-joachim-ritter-pflanzte-am-grab-von-jose-lutzenberger-einen-baum\/","url":"https:\/\/www.stiftung-oekologie-u-demokratie.de\/T\/stiftungsvorsitzender-hans-joachim-ritter-pflanzte-am-grab-von-jose-lutzenberger-einen-baum\/","name":"Stiftung f\u00fcr Demokratie \u00d6kologie e.V. - Jos\u00e9 Lutzenberger geehrt","isPartOf":{"@id":"https:\/\/www.stiftung-oekologie-u-demokratie.de\/T\/#website"},"primaryImageOfPage":{"@id":"https:\/\/www.stiftung-oekologie-u-demokratie.de\/T\/stiftungsvorsitzender-hans-joachim-ritter-pflanzte-am-grab-von-jose-lutzenberger-einen-baum\/#primaryimage"},"image":{"@id":"https:\/\/www.stiftung-oekologie-u-demokratie.de\/T\/stiftungsvorsitzender-hans-joachim-ritter-pflanzte-am-grab-von-jose-lutzenberger-einen-baum\/#primaryimage"},"thumbnailUrl":"https:\/\/www.stiftung-oekologie-u-demokratie.de\/T\/wp-content\/uploads\/2015\/05\/Lutzenberger.jpg","datePublished":"2014-11-29T11:01:10+00:00","dateModified":"2015-09-05T19:13:05+00:00","author":{"@id":"https:\/\/www.stiftung-oekologie-u-demokratie.de\/T\/#\/schema\/person\/d256d4d56b82b746a9ccff0c5bf259e3"},"description":"Die Stiftung f\u00fcr \u00d6kologie und Demokratie ist eine gemeinn\u00fctzige Organisation, ein auf Bundesebene von der Bundeszentrale f\u00fcr politische Bildung (BpB) anerkannter Tr\u00e4ger der politischen Bildung, der sich vor allem f\u00fcr Umwelt und die politische \u00d6kologie einsetzt.","breadcrumb":{"@id":"https:\/\/www.stiftung-oekologie-u-demokratie.de\/T\/stiftungsvorsitzender-hans-joachim-ritter-pflanzte-am-grab-von-jose-lutzenberger-einen-baum\/#breadcrumb"},"inLanguage":"de","potentialAction":[{"@type":"ReadAction","target":["https:\/\/www.stiftung-oekologie-u-demokratie.de\/T\/stiftungsvorsitzender-hans-joachim-ritter-pflanzte-am-grab-von-jose-lutzenberger-einen-baum\/"]}]},{"@type":"ImageObject","inLanguage":"de","@id":"https:\/\/www.stiftung-oekologie-u-demokratie.de\/T\/stiftungsvorsitzender-hans-joachim-ritter-pflanzte-am-grab-von-jose-lutzenberger-einen-baum\/#primaryimage","url":"https:\/\/www.stiftung-oekologie-u-demokratie.de\/T\/wp-content\/uploads\/2015\/05\/Lutzenberger.jpg","contentUrl":"https:\/\/www.stiftung-oekologie-u-demokratie.de\/T\/wp-content\/uploads\/2015\/05\/Lutzenberger.jpg","width":550,"height":733},{"@type":"BreadcrumbList","@id":"https:\/\/www.stiftung-oekologie-u-demokratie.de\/T\/stiftungsvorsitzender-hans-joachim-ritter-pflanzte-am-grab-von-jose-lutzenberger-einen-baum\/#breadcrumb","itemListElement":[{"@type":"ListItem","position":1,"name":"Home","item":"https:\/\/www.stiftung-oekologie-u-demokratie.de\/T\/"},{"@type":"ListItem","position":2,"name":"Stiftungsvorsitzender Hans-Joachim Ritter pflanzte am Grab von Jos\u00e9 Lutzenberger einen Baum"}]},{"@type":"WebSite","@id":"https:\/\/www.stiftung-oekologie-u-demokratie.de\/T\/#website","url":"https:\/\/www.stiftung-oekologie-u-demokratie.de\/T\/","name":"Stiftung f\u00fcr \u00d6kologie und Demokratie e.V.","description":"Stiftung f\u00fcr \u00d6kologie und Demokratie e.V.","potentialAction":[{"@type":"SearchAction","target":{"@type":"EntryPoint","urlTemplate":"https:\/\/www.stiftung-oekologie-u-demokratie.de\/T\/?s={search_term_string}"},"query-input":{"@type":"PropertyValueSpecification","valueRequired":true,"valueName":"search_term_string"}}],"inLanguage":"de"},{"@type":"Person","@id":"https:\/\/www.stiftung-oekologie-u-demokratie.de\/T\/#\/schema\/person\/d256d4d56b82b746a9ccff0c5bf259e3","name":"admin","url":"https:\/\/www.stiftung-oekologie-u-demokratie.de\/T\/author\/admin\/"}]}},"_links":{"self":[{"href":"https:\/\/www.stiftung-oekologie-u-demokratie.de\/T\/wp-json\/wp\/v2\/posts\/447","targetHints":{"allow":["GET"]}}],"collection":[{"href":"https:\/\/www.stiftung-oekologie-u-demokratie.de\/T\/wp-json\/wp\/v2\/posts"}],"about":[{"href":"https:\/\/www.stiftung-oekologie-u-demokratie.de\/T\/wp-json\/wp\/v2\/types\/post"}],"author":[{"embeddable":true,"href":"https:\/\/www.stiftung-oekologie-u-demokratie.de\/T\/wp-json\/wp\/v2\/users\/1"}],"replies":[{"embeddable":true,"href":"https:\/\/www.stiftung-oekologie-u-demokratie.de\/T\/wp-json\/wp\/v2\/comments?post=447"}],"version-history":[{"count":1,"href":"https:\/\/www.stiftung-oekologie-u-demokratie.de\/T\/wp-json\/wp\/v2\/posts\/447\/revisions"}],"predecessor-version":[{"id":449,"href":"https:\/\/www.stiftung-oekologie-u-demokratie.de\/T\/wp-json\/wp\/v2\/posts\/447\/revisions\/449"}],"wp:featuredmedia":[{"embeddable":true,"href":"https:\/\/www.stiftung-oekologie-u-demokratie.de\/T\/wp-json\/wp\/v2\/media\/448"}],"wp:attachment":[{"href":"https:\/\/www.stiftung-oekologie-u-demokratie.de\/T\/wp-json\/wp\/v2\/media?parent=447"}],"wp:term":[{"taxonomy":"category","embeddable":true,"href":"https:\/\/www.stiftung-oekologie-u-demokratie.de\/T\/wp-json\/wp\/v2\/categories?post=447"},{"taxonomy":"post_tag","embeddable":true,"href":"https:\/\/www.stiftung-oekologie-u-demokratie.de\/T\/wp-json\/wp\/v2\/tags?post=447"}],"curies":[{"name":"wp","href":"https:\/\/api.w.org\/{rel}","templated":true}]}}