{"id":435,"date":"2011-05-29T12:25:17","date_gmt":"2011-05-29T10:25:17","guid":{"rendered":"https:\/\/www.stiftung-oekologie-u-demokratie.de\/T\/?p=435"},"modified":"2021-01-05T16:54:14","modified_gmt":"2021-01-05T14:54:14","slug":"oekologia-2011","status":"publish","type":"post","link":"https:\/\/www.stiftung-oekologie-u-demokratie.de\/T\/oekologia-2011\/","title":{"rendered":"\u00d6kologia 2011"},"content":{"rendered":"<p>Prof. Dr. Claudia Kemfert, Abteilungsleiterin beim Deutschen Institut f\u00fcr Wirtschaftsforschung (DIW), Berlin, \u00fcbernahm die Funktion der \u00d6kologia.<\/p>\n<div>&nbsp;<i>&#8222;W\u00e4hle einen Beruf, den Du liebst, und Du brauchst niemals in Deinem Leben zu arbeiten.&#8220;<\/i><span class=\"small\"> Konfuzius<\/span><\/p>\n<p>Seit 2004 leite ich die Abteilung &#8222;Energie, Verkehr, Umwelt&#8220; am Deutschen Institut f\u00fcr Wirtschaftsforschung (DIW Berlin) und bin Professorin f\u00fcr Energie\u00f6konomie und Nachhaltigkeit an der privaten Universit\u00e4t, der Hertie School of Governance, in Berlin. Von 2004 bis 2009 hatte ich die Professur f\u00fcr Umwelt\u00f6konomie an der Humboldt-Universit\u00e4t inne und bin im April 2009 an die Hertie School of Governance, gewechselt, wo ich die Professur f\u00fcr Energiewirtschaft und Nachhaltigkeit innehabe.<\/p>\n<p>Als Gutachterin und Politikberaterin bin ich Mitglied in verschiedenen Nachhaltigkeitsbeir\u00e4ten und Kommissionen. Im Rahmen der High Level Group on Energy and Climate habe ich EU-Kommissionspr\u00e4sident Jos\u00e9 Manuel Barroso beraten. Ich bin Gutachterin des Intergovernmental Panel of Climate Change (IPCC), und Mitglied im Wissenschaftlichen Beirat des WIFO und des Energieinstitutes der Universit\u00e4t Linz, des Kulturwissenschaftlichen Instituts in Essen sowie des EUREF Instituts in Berlin. Ich bin als Jurorin zahlreicher Preise t\u00e4tig wie zum Beispiel f\u00fcr den deutschen Nachhaltigkeitspreis oder den deutschen Umweltpreis.<\/p>\n<p>Studiert habe ich Wirtschaftswissenschaften an den Universit\u00e4ten von Bielefeld, Oldenburg und Stanford. Im Anschluss an meine Promotion 1998 an der Universit\u00e4t Oldenburg forschte ich an der Fondazione Eni Enrico Mattei (FEEM) in Mailand. In dieser Zeit war ich zwischen Rom und Bonn erstmals als Politikberaterin im Einsatz.<\/p>\n<p>Zur\u00fcck in Deutschland leitete ich zun\u00e4chst eine Forschernachwuchs-Gruppe am Institut f\u00fcr rationelle Energieanwendung an der Universit\u00e4t Stuttgart. Dann wurde ich Juniorprofessorin und leitete von 2000 bis 2004 eine Forschungsgruppe an der Universit\u00e4t Oldenburg. 2004 erhielt ich den Ruf nach Berlin, ich wurde als erste Juniorprofessorin Deutschlands auf eine Professur berufen. Als Gastprofessorin lehrte ich in St. Petersburg, Moskau und Siena. Im Jahr 2006 wurde ich von der Deutschen Forschungsgemeinschaft, der Helmholtz- und der Leibniz-Gesellschaft als Spitzenforscherin ausgezeichnet, zudem bin ich Preistr\u00e4gerin des DAAD. Ich ver\u00f6ffentliche meine Forschungsergebnisse regelm\u00e4\u00dfig in hochrangigen Fachzeitschriften, B\u00fcchern sowie in Tagesmedien.<\/p>\n<p>Ich wurde 1968 in Delmenhorst geboren, bin verheiratet und lebe in Oldenburg und Berlin.<\/p>\n<\/div>\n","protected":false},"excerpt":{"rendered":"<p>Prof. Dr. Claudia Kemfert, Abteilungsleiterin beim Deutschen Institut f\u00fcr Wirtschaftsforschung (DIW), Berlin, \u00fcbernahm die Funktion der \u00d6kologia. &nbsp;&#8222;W\u00e4hle einen Beruf, den Du liebst, und Du brauchst niemals in Deinem Leben zu arbeiten.&#8220; Konfuzius Seit 2004 leite ich die Abteilung &#8222;Energie, Verkehr, Umwelt&#8220; am Deutschen Institut f\u00fcr Wirtschaftsforschung (DIW Berlin) und bin Professorin f\u00fcr Energie\u00f6konomie und&hellip;<\/p>\n","protected":false},"author":1,"featured_media":429,"comment_status":"closed","ping_status":"closed","sticky":false,"template":"","format":"standard","meta":[],"categories":[3,7],"tags":[],"class_list":["post-435","post","type-post","status-publish","format-standard","has-post-thumbnail","hentry","category-aktuell","category-oekologia","category-3","category-7","description-off"],"yoast_head":"<!-- This site is optimized with the Yoast SEO plugin v25.9 - https:\/\/yoast.com\/wordpress\/plugins\/seo\/ -->\n<title>Stiftung f\u00fcr Demokratie \u00d6kologie e.V. - \u00d6kologia 2011<\/title>\n<meta name=\"description\" content=\"Die Stiftung f\u00fcr \u00d6kologie und Demokratie ist eine gemeinn\u00fctzige Organisation, ein auf Bundesebene von der Bundeszentrale f\u00fcr politische Bildung (BpB) anerkannter Tr\u00e4ger der politischen Bildung, der sich vor allem f\u00fcr Umwelt und die politische \u00d6kologie einsetzt.\" \/>\n<meta name=\"robots\" content=\"index, follow, max-snippet:-1, max-image-preview:large, max-video-preview:-1\" \/>\n<link rel=\"canonical\" href=\"https:\/\/www.stiftung-oekologie-u-demokratie.de\/T\/oekologia-2011\/\" \/>\n<meta property=\"og:locale\" content=\"de_DE\" \/>\n<meta property=\"og:type\" content=\"article\" \/>\n<meta property=\"og:title\" content=\"Stiftung f\u00fcr Demokratie \u00d6kologie e.V. - \u00d6kologia 2011\" \/>\n<meta property=\"og:description\" content=\"Die Stiftung f\u00fcr \u00d6kologie und Demokratie ist eine gemeinn\u00fctzige Organisation, ein auf Bundesebene von der Bundeszentrale f\u00fcr politische Bildung (BpB) anerkannter Tr\u00e4ger der politischen Bildung, der sich vor allem f\u00fcr Umwelt und die politische \u00d6kologie einsetzt.\" \/>\n<meta property=\"og:url\" content=\"https:\/\/www.stiftung-oekologie-u-demokratie.de\/T\/oekologia-2011\/\" \/>\n<meta property=\"og:site_name\" content=\"Stiftung f\u00fcr \u00d6kologie und Demokratie e.V.\" \/>\n<meta property=\"article:published_time\" content=\"2011-05-29T10:25:17+00:00\" \/>\n<meta property=\"article:modified_time\" content=\"2021-01-05T14:54:14+00:00\" \/>\n<meta property=\"og:image\" content=\"https:\/\/www.stiftung-oekologie-u-demokratie.de\/T\/wp-content\/uploads\/2015\/05\/claudia_kemfert-e1609858442852.jpg\" \/>\n\t<meta property=\"og:image:width\" content=\"205\" \/>\n\t<meta property=\"og:image:height\" content=\"146\" \/>\n\t<meta property=\"og:image:type\" content=\"image\/jpeg\" \/>\n<meta name=\"author\" content=\"admin\" \/>\n<meta name=\"twitter:card\" content=\"summary_large_image\" \/>\n<meta name=\"twitter:label1\" content=\"Verfasst von\" \/>\n\t<meta name=\"twitter:data1\" content=\"admin\" \/>\n\t<meta name=\"twitter:label2\" content=\"Gesch\u00e4tzte Lesezeit\" \/>\n\t<meta name=\"twitter:data2\" content=\"2\u00a0Minuten\" \/>\n<script type=\"application\/ld+json\" class=\"yoast-schema-graph\">{\"@context\":\"https:\/\/schema.org\",\"@graph\":[{\"@type\":\"WebPage\",\"@id\":\"https:\/\/www.stiftung-oekologie-u-demokratie.de\/T\/oekologia-2011\/\",\"url\":\"https:\/\/www.stiftung-oekologie-u-demokratie.de\/T\/oekologia-2011\/\",\"name\":\"Stiftung f\u00fcr Demokratie \u00d6kologie e.V. - \u00d6kologia 2011\",\"isPartOf\":{\"@id\":\"https:\/\/www.stiftung-oekologie-u-demokratie.de\/T\/#website\"},\"primaryImageOfPage\":{\"@id\":\"https:\/\/www.stiftung-oekologie-u-demokratie.de\/T\/oekologia-2011\/#primaryimage\"},\"image\":{\"@id\":\"https:\/\/www.stiftung-oekologie-u-demokratie.de\/T\/oekologia-2011\/#primaryimage\"},\"thumbnailUrl\":\"https:\/\/www.stiftung-oekologie-u-demokratie.de\/T\/wp-content\/uploads\/2015\/05\/claudia_kemfert-e1609858442852.jpg\",\"datePublished\":\"2011-05-29T10:25:17+00:00\",\"dateModified\":\"2021-01-05T14:54:14+00:00\",\"author\":{\"@id\":\"https:\/\/www.stiftung-oekologie-u-demokratie.de\/T\/#\/schema\/person\/d256d4d56b82b746a9ccff0c5bf259e3\"},\"description\":\"Die Stiftung f\u00fcr \u00d6kologie und Demokratie ist eine gemeinn\u00fctzige Organisation, ein auf Bundesebene von der Bundeszentrale f\u00fcr politische Bildung (BpB) anerkannter Tr\u00e4ger der politischen Bildung, der sich vor allem f\u00fcr Umwelt und die politische \u00d6kologie einsetzt.\",\"breadcrumb\":{\"@id\":\"https:\/\/www.stiftung-oekologie-u-demokratie.de\/T\/oekologia-2011\/#breadcrumb\"},\"inLanguage\":\"de\",\"potentialAction\":[{\"@type\":\"ReadAction\",\"target\":[\"https:\/\/www.stiftung-oekologie-u-demokratie.de\/T\/oekologia-2011\/\"]}]},{\"@type\":\"ImageObject\",\"inLanguage\":\"de\",\"@id\":\"https:\/\/www.stiftung-oekologie-u-demokratie.de\/T\/oekologia-2011\/#primaryimage\",\"url\":\"https:\/\/www.stiftung-oekologie-u-demokratie.de\/T\/wp-content\/uploads\/2015\/05\/claudia_kemfert-e1609858442852.jpg\",\"contentUrl\":\"https:\/\/www.stiftung-oekologie-u-demokratie.de\/T\/wp-content\/uploads\/2015\/05\/claudia_kemfert-e1609858442852.jpg\",\"width\":205,\"height\":146},{\"@type\":\"BreadcrumbList\",\"@id\":\"https:\/\/www.stiftung-oekologie-u-demokratie.de\/T\/oekologia-2011\/#breadcrumb\",\"itemListElement\":[{\"@type\":\"ListItem\",\"position\":1,\"name\":\"Home\",\"item\":\"https:\/\/www.stiftung-oekologie-u-demokratie.de\/T\/\"},{\"@type\":\"ListItem\",\"position\":2,\"name\":\"\u00d6kologia 2011\"}]},{\"@type\":\"WebSite\",\"@id\":\"https:\/\/www.stiftung-oekologie-u-demokratie.de\/T\/#website\",\"url\":\"https:\/\/www.stiftung-oekologie-u-demokratie.de\/T\/\",\"name\":\"Stiftung f\u00fcr \u00d6kologie und Demokratie e.V.\",\"description\":\"Stiftung f\u00fcr \u00d6kologie und Demokratie e.V.\",\"potentialAction\":[{\"@type\":\"SearchAction\",\"target\":{\"@type\":\"EntryPoint\",\"urlTemplate\":\"https:\/\/www.stiftung-oekologie-u-demokratie.de\/T\/?s={search_term_string}\"},\"query-input\":{\"@type\":\"PropertyValueSpecification\",\"valueRequired\":true,\"valueName\":\"search_term_string\"}}],\"inLanguage\":\"de\"},{\"@type\":\"Person\",\"@id\":\"https:\/\/www.stiftung-oekologie-u-demokratie.de\/T\/#\/schema\/person\/d256d4d56b82b746a9ccff0c5bf259e3\",\"name\":\"admin\",\"url\":\"https:\/\/www.stiftung-oekologie-u-demokratie.de\/T\/author\/admin\/\"}]}<\/script>\n<!-- \/ Yoast SEO plugin. -->","yoast_head_json":{"title":"Stiftung f\u00fcr Demokratie \u00d6kologie e.V. - \u00d6kologia 2011","description":"Die Stiftung f\u00fcr \u00d6kologie und Demokratie ist eine gemeinn\u00fctzige Organisation, ein auf Bundesebene von der Bundeszentrale f\u00fcr politische Bildung (BpB) anerkannter Tr\u00e4ger der politischen Bildung, der sich vor allem f\u00fcr Umwelt und die politische \u00d6kologie einsetzt.","robots":{"index":"index","follow":"follow","max-snippet":"max-snippet:-1","max-image-preview":"max-image-preview:large","max-video-preview":"max-video-preview:-1"},"canonical":"https:\/\/www.stiftung-oekologie-u-demokratie.de\/T\/oekologia-2011\/","og_locale":"de_DE","og_type":"article","og_title":"Stiftung f\u00fcr Demokratie \u00d6kologie e.V. - \u00d6kologia 2011","og_description":"Die Stiftung f\u00fcr \u00d6kologie und Demokratie ist eine gemeinn\u00fctzige Organisation, ein auf Bundesebene von der Bundeszentrale f\u00fcr politische Bildung (BpB) anerkannter Tr\u00e4ger der politischen Bildung, der sich vor allem f\u00fcr Umwelt und die politische \u00d6kologie einsetzt.","og_url":"https:\/\/www.stiftung-oekologie-u-demokratie.de\/T\/oekologia-2011\/","og_site_name":"Stiftung f\u00fcr \u00d6kologie und Demokratie e.V.","article_published_time":"2011-05-29T10:25:17+00:00","article_modified_time":"2021-01-05T14:54:14+00:00","og_image":[{"width":205,"height":146,"url":"https:\/\/www.stiftung-oekologie-u-demokratie.de\/T\/wp-content\/uploads\/2015\/05\/claudia_kemfert-e1609858442852.jpg","type":"image\/jpeg"}],"author":"admin","twitter_card":"summary_large_image","twitter_misc":{"Verfasst von":"admin","Gesch\u00e4tzte Lesezeit":"2\u00a0Minuten"},"schema":{"@context":"https:\/\/schema.org","@graph":[{"@type":"WebPage","@id":"https:\/\/www.stiftung-oekologie-u-demokratie.de\/T\/oekologia-2011\/","url":"https:\/\/www.stiftung-oekologie-u-demokratie.de\/T\/oekologia-2011\/","name":"Stiftung f\u00fcr Demokratie \u00d6kologie e.V. - \u00d6kologia 2011","isPartOf":{"@id":"https:\/\/www.stiftung-oekologie-u-demokratie.de\/T\/#website"},"primaryImageOfPage":{"@id":"https:\/\/www.stiftung-oekologie-u-demokratie.de\/T\/oekologia-2011\/#primaryimage"},"image":{"@id":"https:\/\/www.stiftung-oekologie-u-demokratie.de\/T\/oekologia-2011\/#primaryimage"},"thumbnailUrl":"https:\/\/www.stiftung-oekologie-u-demokratie.de\/T\/wp-content\/uploads\/2015\/05\/claudia_kemfert-e1609858442852.jpg","datePublished":"2011-05-29T10:25:17+00:00","dateModified":"2021-01-05T14:54:14+00:00","author":{"@id":"https:\/\/www.stiftung-oekologie-u-demokratie.de\/T\/#\/schema\/person\/d256d4d56b82b746a9ccff0c5bf259e3"},"description":"Die Stiftung f\u00fcr \u00d6kologie und Demokratie ist eine gemeinn\u00fctzige Organisation, ein auf Bundesebene von der Bundeszentrale f\u00fcr politische Bildung (BpB) anerkannter Tr\u00e4ger der politischen Bildung, der sich vor allem f\u00fcr Umwelt und die politische \u00d6kologie einsetzt.","breadcrumb":{"@id":"https:\/\/www.stiftung-oekologie-u-demokratie.de\/T\/oekologia-2011\/#breadcrumb"},"inLanguage":"de","potentialAction":[{"@type":"ReadAction","target":["https:\/\/www.stiftung-oekologie-u-demokratie.de\/T\/oekologia-2011\/"]}]},{"@type":"ImageObject","inLanguage":"de","@id":"https:\/\/www.stiftung-oekologie-u-demokratie.de\/T\/oekologia-2011\/#primaryimage","url":"https:\/\/www.stiftung-oekologie-u-demokratie.de\/T\/wp-content\/uploads\/2015\/05\/claudia_kemfert-e1609858442852.jpg","contentUrl":"https:\/\/www.stiftung-oekologie-u-demokratie.de\/T\/wp-content\/uploads\/2015\/05\/claudia_kemfert-e1609858442852.jpg","width":205,"height":146},{"@type":"BreadcrumbList","@id":"https:\/\/www.stiftung-oekologie-u-demokratie.de\/T\/oekologia-2011\/#breadcrumb","itemListElement":[{"@type":"ListItem","position":1,"name":"Home","item":"https:\/\/www.stiftung-oekologie-u-demokratie.de\/T\/"},{"@type":"ListItem","position":2,"name":"\u00d6kologia 2011"}]},{"@type":"WebSite","@id":"https:\/\/www.stiftung-oekologie-u-demokratie.de\/T\/#website","url":"https:\/\/www.stiftung-oekologie-u-demokratie.de\/T\/","name":"Stiftung f\u00fcr \u00d6kologie und Demokratie e.V.","description":"Stiftung f\u00fcr \u00d6kologie und Demokratie e.V.","potentialAction":[{"@type":"SearchAction","target":{"@type":"EntryPoint","urlTemplate":"https:\/\/www.stiftung-oekologie-u-demokratie.de\/T\/?s={search_term_string}"},"query-input":{"@type":"PropertyValueSpecification","valueRequired":true,"valueName":"search_term_string"}}],"inLanguage":"de"},{"@type":"Person","@id":"https:\/\/www.stiftung-oekologie-u-demokratie.de\/T\/#\/schema\/person\/d256d4d56b82b746a9ccff0c5bf259e3","name":"admin","url":"https:\/\/www.stiftung-oekologie-u-demokratie.de\/T\/author\/admin\/"}]}},"_links":{"self":[{"href":"https:\/\/www.stiftung-oekologie-u-demokratie.de\/T\/wp-json\/wp\/v2\/posts\/435","targetHints":{"allow":["GET"]}}],"collection":[{"href":"https:\/\/www.stiftung-oekologie-u-demokratie.de\/T\/wp-json\/wp\/v2\/posts"}],"about":[{"href":"https:\/\/www.stiftung-oekologie-u-demokratie.de\/T\/wp-json\/wp\/v2\/types\/post"}],"author":[{"embeddable":true,"href":"https:\/\/www.stiftung-oekologie-u-demokratie.de\/T\/wp-json\/wp\/v2\/users\/1"}],"replies":[{"embeddable":true,"href":"https:\/\/www.stiftung-oekologie-u-demokratie.de\/T\/wp-json\/wp\/v2\/comments?post=435"}],"version-history":[{"count":7,"href":"https:\/\/www.stiftung-oekologie-u-demokratie.de\/T\/wp-json\/wp\/v2\/posts\/435\/revisions"}],"predecessor-version":[{"id":57629,"href":"https:\/\/www.stiftung-oekologie-u-demokratie.de\/T\/wp-json\/wp\/v2\/posts\/435\/revisions\/57629"}],"wp:featuredmedia":[{"embeddable":true,"href":"https:\/\/www.stiftung-oekologie-u-demokratie.de\/T\/wp-json\/wp\/v2\/media\/429"}],"wp:attachment":[{"href":"https:\/\/www.stiftung-oekologie-u-demokratie.de\/T\/wp-json\/wp\/v2\/media?parent=435"}],"wp:term":[{"taxonomy":"category","embeddable":true,"href":"https:\/\/www.stiftung-oekologie-u-demokratie.de\/T\/wp-json\/wp\/v2\/categories?post=435"},{"taxonomy":"post_tag","embeddable":true,"href":"https:\/\/www.stiftung-oekologie-u-demokratie.de\/T\/wp-json\/wp\/v2\/tags?post=435"}],"curies":[{"name":"wp","href":"https:\/\/api.w.org\/{rel}","templated":true}]}}