{"id":433,"date":"2012-05-29T12:23:27","date_gmt":"2012-05-29T10:23:27","guid":{"rendered":"https:\/\/www.stiftung-oekologie-u-demokratie.de\/T\/?p=433"},"modified":"2015-09-05T21:23:25","modified_gmt":"2015-09-05T19:23:25","slug":"oekologia-2012","status":"publish","type":"post","link":"https:\/\/www.stiftung-oekologie-u-demokratie.de\/T\/oekologia-2012\/","title":{"rendered":"\u00d6kologia 2012"},"content":{"rendered":"<h4>Staatsministerin Evelin Lemke<\/h4>\n<p>vom Ministerim f\u00fcr Wirtschaft, Klimaschutz, Energie und Landesplanung Rheinland-Pfalz, Mainz, \u00fcbernahm von Professorin Dr. Claudia Kemfert, Berlin, die Funktion der \u00d6kologia im Rahmen einer Pressekonferenz in Mainz.<\/p>\n<div>\n<div class=\"floatleft\"><\/div>\n<div class=\"floatleft\"><b>Lebenslauf<\/b><\/p>\n<ul>\n<li>Geboren 1964 in Hamburg<\/li>\n<li>Verheiratet, 4 Kinder<\/li>\n<li>Ausbildung, beruflicher Werdegang:<\/li>\n<li>1981 High-School-Diplom, Vermont\/USA<\/li>\n<li>1984 Abitur<\/li>\n<li>1985 Staatlich gepr\u00fcfte Fremdsprachensekret\u00e4rin<\/li>\n<li>1987 Kauffrau im Gro\u00df- und Au\u00dfenhandel<\/li>\n<li>1991 Studium der Wirtschaftswissenschaften und Umweltsystemmanagement, Universit\u00e4t Hannover und Fernuni Hagen<\/li>\n<li>2001 &#8211; 2007 Unternehmensberaterin<\/li>\n<\/ul>\n<p><b>Politische Funktionen &amp; Ehrenamtliche T\u00e4tigkeiten<\/b><\/p>\n<ul>\n<li>Seit 1995 bei B\u00fcndnis 90 \/ Die Gr\u00fcnen aktiv<\/li>\n<li>2001 &#8211; 2005 Fraktionsvorsitzende Gemeindevertretung Neu-Anspach \/ Hessen<\/li>\n<li>2006 &#8211; 2007 Mitglied im Vorstand von B\u00fcndnis 90 \/ Die Gr\u00fcnen, KV Altenkirchen<\/li>\n<li>2006 &#8211; Mai 2011 Landesvorstandssprecherin B\u00fcndnis 90\/Die Gr\u00fcnen Rheinland-Pfalz<\/li>\n<li>2008 &#8211; 2010 Beisitzerin im Vorstand B\u00fcndnis 90\/Die Gr\u00fcnen Kreisverband Ahrweiler<\/li>\n<li>2010 Kreisvorstandssprecherin B\u00fcndnis 90\/Die Gr\u00fcnen Ahrweiler<\/li>\n<\/ul>\n<p><b>Ehrenamtliche T\u00e4tigkeiten<\/b><\/p>\n<ul>\n<li>2004 &#8211; 2005 Mitglied des Kreistages im Hochtaunuskreis<\/li>\n<li>2004 &#8211; 2005 Stellvertretende Vorsitzende des F\u00f6rdervereins N.A.p.S.e.V.<\/li>\n<li>2001 &#8211; 2005 Vorsitzende der Arbeitsgemeinschaft Soziale Unterst\u00fctzung e.V.<\/li>\n<li>2001 &#8211; 2005 Mitglied des Wirtschaftsbeirates der Gemeinde Neu-Anspach \/ Hessen<\/li>\n<li>2000 &#8211; 2005 Schatzmeisterin B\u00fcndnis 90 \/ Die Gr\u00fcnen KV Hochtaunuskreis<\/li>\n<li>2001 &#8211; 2005 Mitglied der Verbandsversammlung Abwasserverband Usatal und der Verbandsversammlung Wasserbeschaffung Usatal<\/li>\n<\/ul>\n<\/div>\n<\/div>\n","protected":false},"excerpt":{"rendered":"<p>Staatsministerin Evelin Lemke vom Ministerim f\u00fcr Wirtschaft, Klimaschutz, Energie und Landesplanung Rheinland-Pfalz, Mainz, \u00fcbernahm von Professorin Dr. Claudia Kemfert, Berlin, die Funktion der \u00d6kologia im Rahmen einer Pressekonferenz in Mainz. Lebenslauf Geboren 1964 in Hamburg Verheiratet, 4 Kinder Ausbildung, beruflicher Werdegang: 1981 High-School-Diplom, Vermont\/USA 1984 Abitur 1985 Staatlich gepr\u00fcfte Fremdsprachensekret\u00e4rin 1987 Kauffrau im Gro\u00df- und&hellip;<\/p>\n","protected":false},"author":1,"featured_media":431,"comment_status":"closed","ping_status":"closed","sticky":false,"template":"","format":"standard","meta":[],"categories":[3,7],"tags":[],"class_list":["post-433","post","type-post","status-publish","format-standard","has-post-thumbnail","hentry","category-aktuell","category-oekologia","category-3","category-7","description-off"],"yoast_head":"<!-- This site is optimized with the Yoast SEO plugin v25.9 - https:\/\/yoast.com\/wordpress\/plugins\/seo\/ -->\n<title>Stiftung f\u00fcr Demokratie \u00d6kologie e.V. - \u00d6kologia 2012<\/title>\n<meta name=\"description\" content=\"Die Stiftung f\u00fcr \u00d6kologie und Demokratie ist eine gemeinn\u00fctzige Organisation, ein auf Bundesebene von der Bundeszentrale f\u00fcr politische Bildung (BpB) anerkannter Tr\u00e4ger der politischen Bildung, der sich vor allem f\u00fcr Umwelt und die politische \u00d6kologie einsetzt.\" \/>\n<meta name=\"robots\" content=\"index, follow, max-snippet:-1, max-image-preview:large, max-video-preview:-1\" \/>\n<link rel=\"canonical\" href=\"https:\/\/www.stiftung-oekologie-u-demokratie.de\/T\/oekologia-2012\/\" \/>\n<meta property=\"og:locale\" content=\"de_DE\" \/>\n<meta property=\"og:type\" content=\"article\" \/>\n<meta property=\"og:title\" content=\"Stiftung f\u00fcr Demokratie \u00d6kologie e.V. - \u00d6kologia 2012\" \/>\n<meta property=\"og:description\" content=\"Die Stiftung f\u00fcr \u00d6kologie und Demokratie ist eine gemeinn\u00fctzige Organisation, ein auf Bundesebene von der Bundeszentrale f\u00fcr politische Bildung (BpB) anerkannter Tr\u00e4ger der politischen Bildung, der sich vor allem f\u00fcr Umwelt und die politische \u00d6kologie einsetzt.\" \/>\n<meta property=\"og:url\" content=\"https:\/\/www.stiftung-oekologie-u-demokratie.de\/T\/oekologia-2012\/\" \/>\n<meta property=\"og:site_name\" content=\"Stiftung f\u00fcr \u00d6kologie und Demokratie e.V.\" \/>\n<meta property=\"article:published_time\" content=\"2012-05-29T10:23:27+00:00\" \/>\n<meta property=\"article:modified_time\" content=\"2015-09-05T19:23:25+00:00\" \/>\n<meta property=\"og:image\" content=\"https:\/\/www.stiftung-oekologie-u-demokratie.de\/T\/wp-content\/uploads\/2015\/05\/evelin_lemke-e1433167145544.jpg\" \/>\n\t<meta property=\"og:image:width\" content=\"205\" \/>\n\t<meta property=\"og:image:height\" content=\"223\" \/>\n\t<meta property=\"og:image:type\" content=\"image\/jpeg\" \/>\n<meta name=\"author\" content=\"admin\" \/>\n<meta name=\"twitter:card\" content=\"summary_large_image\" \/>\n<meta name=\"twitter:label1\" content=\"Verfasst von\" \/>\n\t<meta name=\"twitter:data1\" content=\"admin\" \/>\n\t<meta name=\"twitter:label2\" content=\"Gesch\u00e4tzte Lesezeit\" \/>\n\t<meta name=\"twitter:data2\" content=\"1\u00a0Minute\" \/>\n<script type=\"application\/ld+json\" class=\"yoast-schema-graph\">{\"@context\":\"https:\/\/schema.org\",\"@graph\":[{\"@type\":\"WebPage\",\"@id\":\"https:\/\/www.stiftung-oekologie-u-demokratie.de\/T\/oekologia-2012\/\",\"url\":\"https:\/\/www.stiftung-oekologie-u-demokratie.de\/T\/oekologia-2012\/\",\"name\":\"Stiftung f\u00fcr Demokratie \u00d6kologie e.V. - \u00d6kologia 2012\",\"isPartOf\":{\"@id\":\"https:\/\/www.stiftung-oekologie-u-demokratie.de\/T\/#website\"},\"primaryImageOfPage\":{\"@id\":\"https:\/\/www.stiftung-oekologie-u-demokratie.de\/T\/oekologia-2012\/#primaryimage\"},\"image\":{\"@id\":\"https:\/\/www.stiftung-oekologie-u-demokratie.de\/T\/oekologia-2012\/#primaryimage\"},\"thumbnailUrl\":\"https:\/\/www.stiftung-oekologie-u-demokratie.de\/T\/wp-content\/uploads\/2015\/05\/evelin_lemke-e1433167145544.jpg\",\"datePublished\":\"2012-05-29T10:23:27+00:00\",\"dateModified\":\"2015-09-05T19:23:25+00:00\",\"author\":{\"@id\":\"https:\/\/www.stiftung-oekologie-u-demokratie.de\/T\/#\/schema\/person\/d256d4d56b82b746a9ccff0c5bf259e3\"},\"description\":\"Die Stiftung f\u00fcr \u00d6kologie und Demokratie ist eine gemeinn\u00fctzige Organisation, ein auf Bundesebene von der Bundeszentrale f\u00fcr politische Bildung (BpB) anerkannter Tr\u00e4ger der politischen Bildung, der sich vor allem f\u00fcr Umwelt und die politische \u00d6kologie einsetzt.\",\"breadcrumb\":{\"@id\":\"https:\/\/www.stiftung-oekologie-u-demokratie.de\/T\/oekologia-2012\/#breadcrumb\"},\"inLanguage\":\"de\",\"potentialAction\":[{\"@type\":\"ReadAction\",\"target\":[\"https:\/\/www.stiftung-oekologie-u-demokratie.de\/T\/oekologia-2012\/\"]}]},{\"@type\":\"ImageObject\",\"inLanguage\":\"de\",\"@id\":\"https:\/\/www.stiftung-oekologie-u-demokratie.de\/T\/oekologia-2012\/#primaryimage\",\"url\":\"https:\/\/www.stiftung-oekologie-u-demokratie.de\/T\/wp-content\/uploads\/2015\/05\/evelin_lemke-e1433167145544.jpg\",\"contentUrl\":\"https:\/\/www.stiftung-oekologie-u-demokratie.de\/T\/wp-content\/uploads\/2015\/05\/evelin_lemke-e1433167145544.jpg\",\"width\":205,\"height\":223},{\"@type\":\"BreadcrumbList\",\"@id\":\"https:\/\/www.stiftung-oekologie-u-demokratie.de\/T\/oekologia-2012\/#breadcrumb\",\"itemListElement\":[{\"@type\":\"ListItem\",\"position\":1,\"name\":\"Home\",\"item\":\"https:\/\/www.stiftung-oekologie-u-demokratie.de\/T\/\"},{\"@type\":\"ListItem\",\"position\":2,\"name\":\"\u00d6kologia 2012\"}]},{\"@type\":\"WebSite\",\"@id\":\"https:\/\/www.stiftung-oekologie-u-demokratie.de\/T\/#website\",\"url\":\"https:\/\/www.stiftung-oekologie-u-demokratie.de\/T\/\",\"name\":\"Stiftung f\u00fcr \u00d6kologie und Demokratie e.V.\",\"description\":\"Stiftung f\u00fcr \u00d6kologie und Demokratie e.V.\",\"potentialAction\":[{\"@type\":\"SearchAction\",\"target\":{\"@type\":\"EntryPoint\",\"urlTemplate\":\"https:\/\/www.stiftung-oekologie-u-demokratie.de\/T\/?s={search_term_string}\"},\"query-input\":{\"@type\":\"PropertyValueSpecification\",\"valueRequired\":true,\"valueName\":\"search_term_string\"}}],\"inLanguage\":\"de\"},{\"@type\":\"Person\",\"@id\":\"https:\/\/www.stiftung-oekologie-u-demokratie.de\/T\/#\/schema\/person\/d256d4d56b82b746a9ccff0c5bf259e3\",\"name\":\"admin\",\"url\":\"https:\/\/www.stiftung-oekologie-u-demokratie.de\/T\/author\/admin\/\"}]}<\/script>\n<!-- \/ Yoast SEO plugin. -->","yoast_head_json":{"title":"Stiftung f\u00fcr Demokratie \u00d6kologie e.V. - \u00d6kologia 2012","description":"Die Stiftung f\u00fcr \u00d6kologie und Demokratie ist eine gemeinn\u00fctzige Organisation, ein auf Bundesebene von der Bundeszentrale f\u00fcr politische Bildung (BpB) anerkannter Tr\u00e4ger der politischen Bildung, der sich vor allem f\u00fcr Umwelt und die politische \u00d6kologie einsetzt.","robots":{"index":"index","follow":"follow","max-snippet":"max-snippet:-1","max-image-preview":"max-image-preview:large","max-video-preview":"max-video-preview:-1"},"canonical":"https:\/\/www.stiftung-oekologie-u-demokratie.de\/T\/oekologia-2012\/","og_locale":"de_DE","og_type":"article","og_title":"Stiftung f\u00fcr Demokratie \u00d6kologie e.V. - \u00d6kologia 2012","og_description":"Die Stiftung f\u00fcr \u00d6kologie und Demokratie ist eine gemeinn\u00fctzige Organisation, ein auf Bundesebene von der Bundeszentrale f\u00fcr politische Bildung (BpB) anerkannter Tr\u00e4ger der politischen Bildung, der sich vor allem f\u00fcr Umwelt und die politische \u00d6kologie einsetzt.","og_url":"https:\/\/www.stiftung-oekologie-u-demokratie.de\/T\/oekologia-2012\/","og_site_name":"Stiftung f\u00fcr \u00d6kologie und Demokratie e.V.","article_published_time":"2012-05-29T10:23:27+00:00","article_modified_time":"2015-09-05T19:23:25+00:00","og_image":[{"width":205,"height":223,"url":"https:\/\/www.stiftung-oekologie-u-demokratie.de\/T\/wp-content\/uploads\/2015\/05\/evelin_lemke-e1433167145544.jpg","type":"image\/jpeg"}],"author":"admin","twitter_card":"summary_large_image","twitter_misc":{"Verfasst von":"admin","Gesch\u00e4tzte Lesezeit":"1\u00a0Minute"},"schema":{"@context":"https:\/\/schema.org","@graph":[{"@type":"WebPage","@id":"https:\/\/www.stiftung-oekologie-u-demokratie.de\/T\/oekologia-2012\/","url":"https:\/\/www.stiftung-oekologie-u-demokratie.de\/T\/oekologia-2012\/","name":"Stiftung f\u00fcr Demokratie \u00d6kologie e.V. - \u00d6kologia 2012","isPartOf":{"@id":"https:\/\/www.stiftung-oekologie-u-demokratie.de\/T\/#website"},"primaryImageOfPage":{"@id":"https:\/\/www.stiftung-oekologie-u-demokratie.de\/T\/oekologia-2012\/#primaryimage"},"image":{"@id":"https:\/\/www.stiftung-oekologie-u-demokratie.de\/T\/oekologia-2012\/#primaryimage"},"thumbnailUrl":"https:\/\/www.stiftung-oekologie-u-demokratie.de\/T\/wp-content\/uploads\/2015\/05\/evelin_lemke-e1433167145544.jpg","datePublished":"2012-05-29T10:23:27+00:00","dateModified":"2015-09-05T19:23:25+00:00","author":{"@id":"https:\/\/www.stiftung-oekologie-u-demokratie.de\/T\/#\/schema\/person\/d256d4d56b82b746a9ccff0c5bf259e3"},"description":"Die Stiftung f\u00fcr \u00d6kologie und Demokratie ist eine gemeinn\u00fctzige Organisation, ein auf Bundesebene von der Bundeszentrale f\u00fcr politische Bildung (BpB) anerkannter Tr\u00e4ger der politischen Bildung, der sich vor allem f\u00fcr Umwelt und die politische \u00d6kologie einsetzt.","breadcrumb":{"@id":"https:\/\/www.stiftung-oekologie-u-demokratie.de\/T\/oekologia-2012\/#breadcrumb"},"inLanguage":"de","potentialAction":[{"@type":"ReadAction","target":["https:\/\/www.stiftung-oekologie-u-demokratie.de\/T\/oekologia-2012\/"]}]},{"@type":"ImageObject","inLanguage":"de","@id":"https:\/\/www.stiftung-oekologie-u-demokratie.de\/T\/oekologia-2012\/#primaryimage","url":"https:\/\/www.stiftung-oekologie-u-demokratie.de\/T\/wp-content\/uploads\/2015\/05\/evelin_lemke-e1433167145544.jpg","contentUrl":"https:\/\/www.stiftung-oekologie-u-demokratie.de\/T\/wp-content\/uploads\/2015\/05\/evelin_lemke-e1433167145544.jpg","width":205,"height":223},{"@type":"BreadcrumbList","@id":"https:\/\/www.stiftung-oekologie-u-demokratie.de\/T\/oekologia-2012\/#breadcrumb","itemListElement":[{"@type":"ListItem","position":1,"name":"Home","item":"https:\/\/www.stiftung-oekologie-u-demokratie.de\/T\/"},{"@type":"ListItem","position":2,"name":"\u00d6kologia 2012"}]},{"@type":"WebSite","@id":"https:\/\/www.stiftung-oekologie-u-demokratie.de\/T\/#website","url":"https:\/\/www.stiftung-oekologie-u-demokratie.de\/T\/","name":"Stiftung f\u00fcr \u00d6kologie und Demokratie e.V.","description":"Stiftung f\u00fcr \u00d6kologie und Demokratie e.V.","potentialAction":[{"@type":"SearchAction","target":{"@type":"EntryPoint","urlTemplate":"https:\/\/www.stiftung-oekologie-u-demokratie.de\/T\/?s={search_term_string}"},"query-input":{"@type":"PropertyValueSpecification","valueRequired":true,"valueName":"search_term_string"}}],"inLanguage":"de"},{"@type":"Person","@id":"https:\/\/www.stiftung-oekologie-u-demokratie.de\/T\/#\/schema\/person\/d256d4d56b82b746a9ccff0c5bf259e3","name":"admin","url":"https:\/\/www.stiftung-oekologie-u-demokratie.de\/T\/author\/admin\/"}]}},"_links":{"self":[{"href":"https:\/\/www.stiftung-oekologie-u-demokratie.de\/T\/wp-json\/wp\/v2\/posts\/433","targetHints":{"allow":["GET"]}}],"collection":[{"href":"https:\/\/www.stiftung-oekologie-u-demokratie.de\/T\/wp-json\/wp\/v2\/posts"}],"about":[{"href":"https:\/\/www.stiftung-oekologie-u-demokratie.de\/T\/wp-json\/wp\/v2\/types\/post"}],"author":[{"embeddable":true,"href":"https:\/\/www.stiftung-oekologie-u-demokratie.de\/T\/wp-json\/wp\/v2\/users\/1"}],"replies":[{"embeddable":true,"href":"https:\/\/www.stiftung-oekologie-u-demokratie.de\/T\/wp-json\/wp\/v2\/comments?post=433"}],"version-history":[{"count":7,"href":"https:\/\/www.stiftung-oekologie-u-demokratie.de\/T\/wp-json\/wp\/v2\/posts\/433\/revisions"}],"predecessor-version":[{"id":572,"href":"https:\/\/www.stiftung-oekologie-u-demokratie.de\/T\/wp-json\/wp\/v2\/posts\/433\/revisions\/572"}],"wp:featuredmedia":[{"embeddable":true,"href":"https:\/\/www.stiftung-oekologie-u-demokratie.de\/T\/wp-json\/wp\/v2\/media\/431"}],"wp:attachment":[{"href":"https:\/\/www.stiftung-oekologie-u-demokratie.de\/T\/wp-json\/wp\/v2\/media?parent=433"}],"wp:term":[{"taxonomy":"category","embeddable":true,"href":"https:\/\/www.stiftung-oekologie-u-demokratie.de\/T\/wp-json\/wp\/v2\/categories?post=433"},{"taxonomy":"post_tag","embeddable":true,"href":"https:\/\/www.stiftung-oekologie-u-demokratie.de\/T\/wp-json\/wp\/v2\/tags?post=433"}],"curies":[{"name":"wp","href":"https:\/\/api.w.org\/{rel}","templated":true}]}}