{"id":427,"date":"2013-01-11T12:22:47","date_gmt":"2013-01-11T10:22:47","guid":{"rendered":"https:\/\/www.stiftung-oekologie-u-demokratie.de\/T\/?p=427"},"modified":"2015-09-05T21:22:16","modified_gmt":"2015-09-05T19:22:16","slug":"oekologia-2013","status":"publish","type":"post","link":"https:\/\/www.stiftung-oekologie-u-demokratie.de\/T\/oekologia-2013\/","title":{"rendered":"\u00d6kologia 2013"},"content":{"rendered":"<p>Sr. Philippa Rath, Benediktinerin der Abtei St. Hildegard, R\u00fcdesheim-Eibingen \u00fcbernahm bei der &#8222;\u00d6kologia&#8220;-Amts\u00fcbergabe am 11.01.2013 von Frau Staatsministerin Evelin Lemke, &#8222;\u00d6kologia 2012&#8220;, die Funktion der \u00d6kologia 2013. <\/p>\n<h4>Schwester Philippa Rath<\/h4>\n<p>Benediktinerin der Abtei St. Hildegard, R\u00fcdesheim-Eibingen<\/p>\n<div>\n<div class=\"floatleft\"><img decoding=\"async\" src=\"http:\/\/stiftung-oekologie-u-demokratie.de\/contentimages\/oekologia\/2013_philippa_rath.jpg\" alt=\"\" border=\"0\" \/><\/div>\n<div class=\"floatleft\"><b>Lebenslauf<\/b><\/p>\n<ul>\n<li>geb. 1955 in D\u00fcsseldorf<\/li>\n<li>1975-1981: Studium der Politischen Wissenschaften, Geschichte und Theologie in Bonn<\/li>\n<li>1981: Magister Artium<\/li>\n<li>1981-1983: Journalistisches Volontariat<\/li>\n<li>1983-1984: Redakteurin beim Deutschlandfunk, K\u00f6ln<\/li>\n<li>1984-1990: Lektorin und Marketingleiterin im Herder Verlag, Freiburg<\/li>\n<li>1984-1990: Nebenberufliche journalistische T\u00e4tigkeit bei verschiedenen Medien<\/li>\n<li>1990 Eintritt in die Abtei St. Hildegard, R\u00fcdesheim-Eibingen<\/li>\n<li>1990-1994: Wissenschaftliche Mitarbeit in der Hildegard-Forschung<\/li>\n<li>1995-1998: Zus\u00e4tzlich: Vorbereitung und Durchf\u00fchrung des Hildegard-Jubil\u00e4umsjahres 1997\/1998 (900 Jahre Hildegard von Bingen)<\/li>\n<li>1998-2006: \u00dcbernahme des Amtes der &#8222;Cellerarin&#8220;, d.h. verantwortlich f\u00fcr Wirtschaft\/Finanzen\/Verwaltung der Abtei St. Hildegard<\/li>\n<li>2007-2009: Zusatzstudium der Logotherapie und Existenzanalyse in Wien\/T\u00fcbingen<\/li>\n<li>Seit 2009: T\u00e4tigkeit in der therapeutischen und geistlichen Begleitung von Menschen in Krisen- und Konfliktsituationen<\/li>\n<li>Seit 2009: Stiftungsvorstand der Klosterstiftung Sankt Hildegard<\/li>\n<li>2011\/2012: Zus\u00e4tzlich: verantwortlich f\u00fcr die Organisation und Durchf\u00fchrung des Heiligsprechungsverfahrens Hildegards von Bingen<\/li>\n<\/ul>\n<\/div>\n<\/div>\n<div class=\"nofloat\"><\/div>\n<p>Am 11.01.2013 fand in der Benediktinerinnenabtei St. Hildegard R\u00fcdesheim-Eibingen die &#8222;\u00d6kologia&#8220;-Amts\u00fcbergabe von Frau Staatsministerin Eveline Lemke an die Benediktinerin Sr. Philippa Rath statt.<br \/>\n<a href=\"http:\/\/stiftung-oekologie-u-demokratie.de\/pdf\/2013\/2013-01-11_Grusswort.pdf\" target=\"_blank\">Rede von Sr. Philippa<\/a><\/p>\n","protected":false},"excerpt":{"rendered":"<p>Sr. Philippa Rath, Benediktinerin der Abtei St. Hildegard, R\u00fcdesheim-Eibingen \u00fcbernahm bei der &#8222;\u00d6kologia&#8220;-Amts\u00fcbergabe am 11.01.2013 von Frau Staatsministerin Evelin Lemke, &#8222;\u00d6kologia 2012&#8220;, die Funktion der \u00d6kologia 2013. Schwester Philippa Rath Benediktinerin der Abtei St. Hildegard, R\u00fcdesheim-Eibingen Lebenslauf geb. 1955 in D\u00fcsseldorf 1975-1981: Studium der Politischen Wissenschaften, Geschichte und Theologie in Bonn 1981: Magister Artium 1981-1983:&hellip;<\/p>\n","protected":false},"author":1,"featured_media":477,"comment_status":"closed","ping_status":"closed","sticky":false,"template":"","format":"standard","meta":[],"categories":[3,7],"tags":[],"class_list":["post-427","post","type-post","status-publish","format-standard","has-post-thumbnail","hentry","category-aktuell","category-oekologia","category-3","category-7","description-off"],"yoast_head":"<!-- This site is optimized with the Yoast SEO plugin v25.9 - https:\/\/yoast.com\/wordpress\/plugins\/seo\/ -->\n<title>Stiftung f\u00fcr Demokratie \u00d6kologie e.V. - \u00d6kologia 2013<\/title>\n<meta name=\"description\" content=\"Die Stiftung f\u00fcr \u00d6kologie und Demokratie ist eine gemeinn\u00fctzige Organisation, ein auf Bundesebene von der Bundeszentrale f\u00fcr politische Bildung (BpB) anerkannter Tr\u00e4ger der politischen Bildung, der sich vor allem f\u00fcr Umwelt und die politische \u00d6kologie einsetzt.\" \/>\n<meta name=\"robots\" content=\"index, follow, max-snippet:-1, max-image-preview:large, max-video-preview:-1\" \/>\n<link rel=\"canonical\" href=\"https:\/\/www.stiftung-oekologie-u-demokratie.de\/T\/oekologia-2013\/\" \/>\n<meta property=\"og:locale\" content=\"de_DE\" \/>\n<meta property=\"og:type\" content=\"article\" \/>\n<meta property=\"og:title\" content=\"Stiftung f\u00fcr Demokratie \u00d6kologie e.V. - \u00d6kologia 2013\" \/>\n<meta property=\"og:description\" content=\"Die Stiftung f\u00fcr \u00d6kologie und Demokratie ist eine gemeinn\u00fctzige Organisation, ein auf Bundesebene von der Bundeszentrale f\u00fcr politische Bildung (BpB) anerkannter Tr\u00e4ger der politischen Bildung, der sich vor allem f\u00fcr Umwelt und die politische \u00d6kologie einsetzt.\" \/>\n<meta property=\"og:url\" content=\"https:\/\/www.stiftung-oekologie-u-demokratie.de\/T\/oekologia-2013\/\" \/>\n<meta property=\"og:site_name\" content=\"Stiftung f\u00fcr \u00d6kologie und Demokratie e.V.\" \/>\n<meta property=\"article:published_time\" content=\"2013-01-11T10:22:47+00:00\" \/>\n<meta property=\"article:modified_time\" content=\"2015-09-05T19:22:16+00:00\" \/>\n<meta property=\"og:image\" content=\"https:\/\/www.stiftung-oekologie-u-demokratie.de\/T\/wp-content\/uploads\/2015\/06\/MG_5816-scaled.jpg\" \/>\n\t<meta property=\"og:image:width\" content=\"1707\" \/>\n\t<meta property=\"og:image:height\" content=\"2560\" \/>\n\t<meta property=\"og:image:type\" content=\"image\/jpeg\" \/>\n<meta name=\"author\" content=\"admin\" \/>\n<meta name=\"twitter:card\" content=\"summary_large_image\" \/>\n<meta name=\"twitter:label1\" content=\"Verfasst von\" \/>\n\t<meta name=\"twitter:data1\" content=\"admin\" \/>\n\t<meta name=\"twitter:label2\" content=\"Gesch\u00e4tzte Lesezeit\" \/>\n\t<meta name=\"twitter:data2\" content=\"1\u00a0Minute\" \/>\n<script type=\"application\/ld+json\" class=\"yoast-schema-graph\">{\"@context\":\"https:\/\/schema.org\",\"@graph\":[{\"@type\":\"WebPage\",\"@id\":\"https:\/\/www.stiftung-oekologie-u-demokratie.de\/T\/oekologia-2013\/\",\"url\":\"https:\/\/www.stiftung-oekologie-u-demokratie.de\/T\/oekologia-2013\/\",\"name\":\"Stiftung f\u00fcr Demokratie \u00d6kologie e.V. - \u00d6kologia 2013\",\"isPartOf\":{\"@id\":\"https:\/\/www.stiftung-oekologie-u-demokratie.de\/T\/#website\"},\"primaryImageOfPage\":{\"@id\":\"https:\/\/www.stiftung-oekologie-u-demokratie.de\/T\/oekologia-2013\/#primaryimage\"},\"image\":{\"@id\":\"https:\/\/www.stiftung-oekologie-u-demokratie.de\/T\/oekologia-2013\/#primaryimage\"},\"thumbnailUrl\":\"https:\/\/www.stiftung-oekologie-u-demokratie.de\/T\/wp-content\/uploads\/2015\/06\/MG_5816-scaled.jpg\",\"datePublished\":\"2013-01-11T10:22:47+00:00\",\"dateModified\":\"2015-09-05T19:22:16+00:00\",\"author\":{\"@id\":\"https:\/\/www.stiftung-oekologie-u-demokratie.de\/T\/#\/schema\/person\/d256d4d56b82b746a9ccff0c5bf259e3\"},\"description\":\"Die Stiftung f\u00fcr \u00d6kologie und Demokratie ist eine gemeinn\u00fctzige Organisation, ein auf Bundesebene von der Bundeszentrale f\u00fcr politische Bildung (BpB) anerkannter Tr\u00e4ger der politischen Bildung, der sich vor allem f\u00fcr Umwelt und die politische \u00d6kologie einsetzt.\",\"breadcrumb\":{\"@id\":\"https:\/\/www.stiftung-oekologie-u-demokratie.de\/T\/oekologia-2013\/#breadcrumb\"},\"inLanguage\":\"de\",\"potentialAction\":[{\"@type\":\"ReadAction\",\"target\":[\"https:\/\/www.stiftung-oekologie-u-demokratie.de\/T\/oekologia-2013\/\"]}]},{\"@type\":\"ImageObject\",\"inLanguage\":\"de\",\"@id\":\"https:\/\/www.stiftung-oekologie-u-demokratie.de\/T\/oekologia-2013\/#primaryimage\",\"url\":\"https:\/\/www.stiftung-oekologie-u-demokratie.de\/T\/wp-content\/uploads\/2015\/06\/MG_5816-scaled.jpg\",\"contentUrl\":\"https:\/\/www.stiftung-oekologie-u-demokratie.de\/T\/wp-content\/uploads\/2015\/06\/MG_5816-scaled.jpg\",\"width\":1707,\"height\":2560},{\"@type\":\"BreadcrumbList\",\"@id\":\"https:\/\/www.stiftung-oekologie-u-demokratie.de\/T\/oekologia-2013\/#breadcrumb\",\"itemListElement\":[{\"@type\":\"ListItem\",\"position\":1,\"name\":\"Home\",\"item\":\"https:\/\/www.stiftung-oekologie-u-demokratie.de\/T\/\"},{\"@type\":\"ListItem\",\"position\":2,\"name\":\"\u00d6kologia 2013\"}]},{\"@type\":\"WebSite\",\"@id\":\"https:\/\/www.stiftung-oekologie-u-demokratie.de\/T\/#website\",\"url\":\"https:\/\/www.stiftung-oekologie-u-demokratie.de\/T\/\",\"name\":\"Stiftung f\u00fcr \u00d6kologie und Demokratie e.V.\",\"description\":\"Stiftung f\u00fcr \u00d6kologie und Demokratie e.V.\",\"potentialAction\":[{\"@type\":\"SearchAction\",\"target\":{\"@type\":\"EntryPoint\",\"urlTemplate\":\"https:\/\/www.stiftung-oekologie-u-demokratie.de\/T\/?s={search_term_string}\"},\"query-input\":{\"@type\":\"PropertyValueSpecification\",\"valueRequired\":true,\"valueName\":\"search_term_string\"}}],\"inLanguage\":\"de\"},{\"@type\":\"Person\",\"@id\":\"https:\/\/www.stiftung-oekologie-u-demokratie.de\/T\/#\/schema\/person\/d256d4d56b82b746a9ccff0c5bf259e3\",\"name\":\"admin\",\"url\":\"https:\/\/www.stiftung-oekologie-u-demokratie.de\/T\/author\/admin\/\"}]}<\/script>\n<!-- \/ Yoast SEO plugin. -->","yoast_head_json":{"title":"Stiftung f\u00fcr Demokratie \u00d6kologie e.V. - \u00d6kologia 2013","description":"Die Stiftung f\u00fcr \u00d6kologie und Demokratie ist eine gemeinn\u00fctzige Organisation, ein auf Bundesebene von der Bundeszentrale f\u00fcr politische Bildung (BpB) anerkannter Tr\u00e4ger der politischen Bildung, der sich vor allem f\u00fcr Umwelt und die politische \u00d6kologie einsetzt.","robots":{"index":"index","follow":"follow","max-snippet":"max-snippet:-1","max-image-preview":"max-image-preview:large","max-video-preview":"max-video-preview:-1"},"canonical":"https:\/\/www.stiftung-oekologie-u-demokratie.de\/T\/oekologia-2013\/","og_locale":"de_DE","og_type":"article","og_title":"Stiftung f\u00fcr Demokratie \u00d6kologie e.V. - \u00d6kologia 2013","og_description":"Die Stiftung f\u00fcr \u00d6kologie und Demokratie ist eine gemeinn\u00fctzige Organisation, ein auf Bundesebene von der Bundeszentrale f\u00fcr politische Bildung (BpB) anerkannter Tr\u00e4ger der politischen Bildung, der sich vor allem f\u00fcr Umwelt und die politische \u00d6kologie einsetzt.","og_url":"https:\/\/www.stiftung-oekologie-u-demokratie.de\/T\/oekologia-2013\/","og_site_name":"Stiftung f\u00fcr \u00d6kologie und Demokratie e.V.","article_published_time":"2013-01-11T10:22:47+00:00","article_modified_time":"2015-09-05T19:22:16+00:00","og_image":[{"width":1707,"height":2560,"url":"https:\/\/www.stiftung-oekologie-u-demokratie.de\/T\/wp-content\/uploads\/2015\/06\/MG_5816-scaled.jpg","type":"image\/jpeg"}],"author":"admin","twitter_card":"summary_large_image","twitter_misc":{"Verfasst von":"admin","Gesch\u00e4tzte Lesezeit":"1\u00a0Minute"},"schema":{"@context":"https:\/\/schema.org","@graph":[{"@type":"WebPage","@id":"https:\/\/www.stiftung-oekologie-u-demokratie.de\/T\/oekologia-2013\/","url":"https:\/\/www.stiftung-oekologie-u-demokratie.de\/T\/oekologia-2013\/","name":"Stiftung f\u00fcr Demokratie \u00d6kologie e.V. - \u00d6kologia 2013","isPartOf":{"@id":"https:\/\/www.stiftung-oekologie-u-demokratie.de\/T\/#website"},"primaryImageOfPage":{"@id":"https:\/\/www.stiftung-oekologie-u-demokratie.de\/T\/oekologia-2013\/#primaryimage"},"image":{"@id":"https:\/\/www.stiftung-oekologie-u-demokratie.de\/T\/oekologia-2013\/#primaryimage"},"thumbnailUrl":"https:\/\/www.stiftung-oekologie-u-demokratie.de\/T\/wp-content\/uploads\/2015\/06\/MG_5816-scaled.jpg","datePublished":"2013-01-11T10:22:47+00:00","dateModified":"2015-09-05T19:22:16+00:00","author":{"@id":"https:\/\/www.stiftung-oekologie-u-demokratie.de\/T\/#\/schema\/person\/d256d4d56b82b746a9ccff0c5bf259e3"},"description":"Die Stiftung f\u00fcr \u00d6kologie und Demokratie ist eine gemeinn\u00fctzige Organisation, ein auf Bundesebene von der Bundeszentrale f\u00fcr politische Bildung (BpB) anerkannter Tr\u00e4ger der politischen Bildung, der sich vor allem f\u00fcr Umwelt und die politische \u00d6kologie einsetzt.","breadcrumb":{"@id":"https:\/\/www.stiftung-oekologie-u-demokratie.de\/T\/oekologia-2013\/#breadcrumb"},"inLanguage":"de","potentialAction":[{"@type":"ReadAction","target":["https:\/\/www.stiftung-oekologie-u-demokratie.de\/T\/oekologia-2013\/"]}]},{"@type":"ImageObject","inLanguage":"de","@id":"https:\/\/www.stiftung-oekologie-u-demokratie.de\/T\/oekologia-2013\/#primaryimage","url":"https:\/\/www.stiftung-oekologie-u-demokratie.de\/T\/wp-content\/uploads\/2015\/06\/MG_5816-scaled.jpg","contentUrl":"https:\/\/www.stiftung-oekologie-u-demokratie.de\/T\/wp-content\/uploads\/2015\/06\/MG_5816-scaled.jpg","width":1707,"height":2560},{"@type":"BreadcrumbList","@id":"https:\/\/www.stiftung-oekologie-u-demokratie.de\/T\/oekologia-2013\/#breadcrumb","itemListElement":[{"@type":"ListItem","position":1,"name":"Home","item":"https:\/\/www.stiftung-oekologie-u-demokratie.de\/T\/"},{"@type":"ListItem","position":2,"name":"\u00d6kologia 2013"}]},{"@type":"WebSite","@id":"https:\/\/www.stiftung-oekologie-u-demokratie.de\/T\/#website","url":"https:\/\/www.stiftung-oekologie-u-demokratie.de\/T\/","name":"Stiftung f\u00fcr \u00d6kologie und Demokratie e.V.","description":"Stiftung f\u00fcr \u00d6kologie und Demokratie e.V.","potentialAction":[{"@type":"SearchAction","target":{"@type":"EntryPoint","urlTemplate":"https:\/\/www.stiftung-oekologie-u-demokratie.de\/T\/?s={search_term_string}"},"query-input":{"@type":"PropertyValueSpecification","valueRequired":true,"valueName":"search_term_string"}}],"inLanguage":"de"},{"@type":"Person","@id":"https:\/\/www.stiftung-oekologie-u-demokratie.de\/T\/#\/schema\/person\/d256d4d56b82b746a9ccff0c5bf259e3","name":"admin","url":"https:\/\/www.stiftung-oekologie-u-demokratie.de\/T\/author\/admin\/"}]}},"_links":{"self":[{"href":"https:\/\/www.stiftung-oekologie-u-demokratie.de\/T\/wp-json\/wp\/v2\/posts\/427","targetHints":{"allow":["GET"]}}],"collection":[{"href":"https:\/\/www.stiftung-oekologie-u-demokratie.de\/T\/wp-json\/wp\/v2\/posts"}],"about":[{"href":"https:\/\/www.stiftung-oekologie-u-demokratie.de\/T\/wp-json\/wp\/v2\/types\/post"}],"author":[{"embeddable":true,"href":"https:\/\/www.stiftung-oekologie-u-demokratie.de\/T\/wp-json\/wp\/v2\/users\/1"}],"replies":[{"embeddable":true,"href":"https:\/\/www.stiftung-oekologie-u-demokratie.de\/T\/wp-json\/wp\/v2\/comments?post=427"}],"version-history":[{"count":5,"href":"https:\/\/www.stiftung-oekologie-u-demokratie.de\/T\/wp-json\/wp\/v2\/posts\/427\/revisions"}],"predecessor-version":[{"id":561,"href":"https:\/\/www.stiftung-oekologie-u-demokratie.de\/T\/wp-json\/wp\/v2\/posts\/427\/revisions\/561"}],"wp:featuredmedia":[{"embeddable":true,"href":"https:\/\/www.stiftung-oekologie-u-demokratie.de\/T\/wp-json\/wp\/v2\/media\/477"}],"wp:attachment":[{"href":"https:\/\/www.stiftung-oekologie-u-demokratie.de\/T\/wp-json\/wp\/v2\/media?parent=427"}],"wp:term":[{"taxonomy":"category","embeddable":true,"href":"https:\/\/www.stiftung-oekologie-u-demokratie.de\/T\/wp-json\/wp\/v2\/categories?post=427"},{"taxonomy":"post_tag","embeddable":true,"href":"https:\/\/www.stiftung-oekologie-u-demokratie.de\/T\/wp-json\/wp\/v2\/tags?post=427"}],"curies":[{"name":"wp","href":"https:\/\/api.w.org\/{rel}","templated":true}]}}