{"id":419,"date":"2010-09-12T23:15:25","date_gmt":"2010-09-12T21:15:25","guid":{"rendered":"https:\/\/www.stiftung-oekologie-u-demokratie.de\/T\/?p=419"},"modified":"2015-09-05T21:25:09","modified_gmt":"2015-09-05T19:25:09","slug":"tag-der-oekologisch-sozialen-marktwirtschaft-2010","status":"publish","type":"post","link":"https:\/\/www.stiftung-oekologie-u-demokratie.de\/T\/tag-der-oekologisch-sozialen-marktwirtschaft-2010\/","title":{"rendered":"Tag der \u00f6kologisch-sozialen Marktwirtschaft 2010"},"content":{"rendered":"<p style=\"text-align: left;\">Der Vorsitzende der Stiftung f\u00fcr \u00d6kologie und Demokratie e.V., Hans-Joachim Ritter gab zusammen mit dem Vizepr\u00e4sident des Umweltbundesamtes, Thoams Holzmann, am 10.9.2010 in Dessau eine Pressekonferenz zum &#8222;Tag der \u00d6kologisch-Sozialen Marktwirtschaft&#8220;.<\/p>\n<p style=\"text-align: left;\">Hier die <a href=\"https:\/\/www.stiftung-oekologie-u-demokratie.de\/T\/wp-content\/uploads\/2015\/05\/Tag_der-Sozialen_markwirtschaft_dessau.pdf\">Presseerkl\u00e4rung der Stiftung f\u00fcr \u00d6kologie und Demokratie e.V.<\/a><\/p>\n<div style=\"text-align: center;\">Presserkl\u00e4rungzum<b>&#8222;Tag der \u00d6kologisch-Sozialen Marktwirtschaft&#8220;<\/b><br \/>\n(12. September)Stiftung f\u00fcr \u00d6kologie und Demokratie pl\u00e4diert f\u00fcr<br \/>\n\u00d6kologisch-Soziale Marktwirtschaft als globales Modell<\/p>\n<\/div>\n<p>Anl\u00e4sslich des diesj\u00e4hrigen Tages der \u00d6kologisch-Sozialen Marktwirtschaft (12. September) erkl\u00e4rte der Vorsitzende der Stiftung f\u00fcr \u00d6kologie und Demokratie, Hans-Joachim Ritter, es sei ein Gebot der Stunde, angesichts der globalen sozialen und \u00f6kologischen Herausforderungen die Soziale Marktwirtschaft zu einer \u00d6kologisch-Sozialen Marktwirtschaft als weltweites Modell fortzuentwickeln.<\/p>\n<p>Mit Instrumenten wie einer \u00d6kologischen Steuerreform, durch das die Preise die \u00f6kologische Wahrheit sagen, dem Handel von Emissionsrechten oder der Einf\u00fchrung von Einspeiseverg\u00fctungen f\u00fcr Strom aus erneuerbare Energien, ein deutsches Modell, das mittlerweile von 40 L\u00e4ndern \u00fcbernommen worden sei, kommen mit marktwirtschaftlicher Dynamik \u00d6kologie und \u00d6konomie in Schwung, erkl\u00e4rte Ritter in Bonn. Desweiteren forderte Ritter die Abschaffung umweltsch\u00e4dlicher Subventionen.<\/p>\n<p>Auch Bundesminister a.D. Dr. Norbert Bl\u00fcm, Mitglied des Stiftungskuratoriums, betonte: &#8222;Die Marktwirtschaft ist nur als sozial-\u00f6kologische funktionsf\u00e4hig.&#8220;<\/p>\n<p>Erst nachdem die Absicherung der elementaren Lebensrisiken: Invalidit\u00e4t, Krankheit, Unfall, sp\u00e4ter Arbeitslosigkeit und Pflege, aus dem Betrieb externalisiert und vom Sozialstaat \u00fcbernommen worden sei, sei eine unternehmerische Ratio, die sich im Wettbewerb bew\u00e4hrte und am Gewinn orientiert habe, m\u00f6glich gewesen, betonte Bl\u00fcm. Solange der Betrieb Familie war, habe sich keine Produktivit\u00e4t entwickeln k\u00f6nnen. Die mittelalterliche Feudalwirtschaft wie die Zunftordnungen h\u00e4tten kein Fundament f\u00fcr ein marktwirtschaftliches System geboten. Erst der Sozialstaat mache die Marktwirtschaft \u00fcberlebensf\u00e4hig.<\/p>\n<p>Nach Auffasung des fr\u00fcheren Bundesministers m\u00fcsse auch das \u00f6kologische Element ber\u00fccksichtigt werden, denn: &#8222;Eine Marktwirtschaft, die nur Gegenwartsnachfragen befriedigt, verst\u00f6\u00dft gegen die \u00dcberlebensbedingungen der Menschheit. Sie raubt der Marktwirtschaft die Voraussetzung, von der sie lebt, n\u00e4mlich eine intakte Umwelt. Wenn die Ressourcen der Menschheit r\u00fccksichtslos verbraucht werden, hat die Marktwirtschaft keine Zukunft.&#8220;<\/p>\n","protected":false},"excerpt":{"rendered":"<p>Der Vorsitzende der Stiftung f\u00fcr \u00d6kologie und Demokratie e.V., Hans-Joachim Ritter gab zusammen mit dem Vizepr\u00e4sident des Umweltbundesamtes, Thoams Holzmann, am 10.9.2010 in Dessau eine Pressekonferenz zum &#8222;Tag der \u00d6kologisch-Sozialen Marktwirtschaft&#8220;. Hier die Presseerkl\u00e4rung der Stiftung f\u00fcr \u00d6kologie und Demokratie e.V. Presserkl\u00e4rungzum&#8222;Tag der \u00d6kologisch-Sozialen Marktwirtschaft&#8220; (12. September)Stiftung f\u00fcr \u00d6kologie und Demokratie pl\u00e4diert f\u00fcr \u00d6kologisch-Soziale Marktwirtschaft&hellip;<\/p>\n","protected":false},"author":1,"featured_media":0,"comment_status":"closed","ping_status":"closed","sticky":false,"template":"","format":"standard","meta":[],"categories":[9],"tags":[],"class_list":["post-419","post","type-post","status-publish","format-standard","hentry","category-oekologisch-soziale-marktwirtschaft","category-9","description-off"],"yoast_head":"<!-- This site is optimized with the Yoast SEO plugin v25.9 - https:\/\/yoast.com\/wordpress\/plugins\/seo\/ -->\n<title>Stiftung f\u00fcr Demokratie \u00d6kologie e.V. - Tag der \u00f6kologisch-sozialen Marktwirtschaft 2010<\/title>\n<meta name=\"description\" content=\"Die Stiftung f\u00fcr \u00d6kologie und Demokratie ist eine gemeinn\u00fctzige Organisation, ein auf Bundesebene von der Bundeszentrale f\u00fcr politische Bildung (BpB) anerkannter Tr\u00e4ger der politischen Bildung, der sich vor allem f\u00fcr Umwelt und die politische \u00d6kologie einsetzt.\" \/>\n<meta name=\"robots\" content=\"index, follow, max-snippet:-1, max-image-preview:large, max-video-preview:-1\" \/>\n<link rel=\"canonical\" href=\"https:\/\/www.stiftung-oekologie-u-demokratie.de\/T\/tag-der-oekologisch-sozialen-marktwirtschaft-2010\/\" \/>\n<meta property=\"og:locale\" content=\"de_DE\" \/>\n<meta property=\"og:type\" content=\"article\" \/>\n<meta property=\"og:title\" content=\"Stiftung f\u00fcr Demokratie \u00d6kologie e.V. - Tag der \u00f6kologisch-sozialen Marktwirtschaft 2010\" \/>\n<meta property=\"og:description\" content=\"Die Stiftung f\u00fcr \u00d6kologie und Demokratie ist eine gemeinn\u00fctzige Organisation, ein auf Bundesebene von der Bundeszentrale f\u00fcr politische Bildung (BpB) anerkannter Tr\u00e4ger der politischen Bildung, der sich vor allem f\u00fcr Umwelt und die politische \u00d6kologie einsetzt.\" \/>\n<meta property=\"og:url\" content=\"https:\/\/www.stiftung-oekologie-u-demokratie.de\/T\/tag-der-oekologisch-sozialen-marktwirtschaft-2010\/\" \/>\n<meta property=\"og:site_name\" content=\"Stiftung f\u00fcr \u00d6kologie und Demokratie e.V.\" \/>\n<meta property=\"article:published_time\" content=\"2010-09-12T21:15:25+00:00\" \/>\n<meta property=\"article:modified_time\" content=\"2015-09-05T19:25:09+00:00\" \/>\n<meta name=\"author\" content=\"admin\" \/>\n<meta name=\"twitter:card\" content=\"summary_large_image\" \/>\n<meta name=\"twitter:label1\" content=\"Verfasst von\" \/>\n\t<meta name=\"twitter:data1\" content=\"admin\" \/>\n\t<meta name=\"twitter:label2\" content=\"Gesch\u00e4tzte Lesezeit\" \/>\n\t<meta name=\"twitter:data2\" content=\"2\u00a0Minuten\" \/>\n<script type=\"application\/ld+json\" class=\"yoast-schema-graph\">{\"@context\":\"https:\/\/schema.org\",\"@graph\":[{\"@type\":\"WebPage\",\"@id\":\"https:\/\/www.stiftung-oekologie-u-demokratie.de\/T\/tag-der-oekologisch-sozialen-marktwirtschaft-2010\/\",\"url\":\"https:\/\/www.stiftung-oekologie-u-demokratie.de\/T\/tag-der-oekologisch-sozialen-marktwirtschaft-2010\/\",\"name\":\"Stiftung f\u00fcr Demokratie \u00d6kologie e.V. - Tag der \u00f6kologisch-sozialen Marktwirtschaft 2010\",\"isPartOf\":{\"@id\":\"https:\/\/www.stiftung-oekologie-u-demokratie.de\/T\/#website\"},\"datePublished\":\"2010-09-12T21:15:25+00:00\",\"dateModified\":\"2015-09-05T19:25:09+00:00\",\"author\":{\"@id\":\"https:\/\/www.stiftung-oekologie-u-demokratie.de\/T\/#\/schema\/person\/d256d4d56b82b746a9ccff0c5bf259e3\"},\"description\":\"Die Stiftung f\u00fcr \u00d6kologie und Demokratie ist eine gemeinn\u00fctzige Organisation, ein auf Bundesebene von der Bundeszentrale f\u00fcr politische Bildung (BpB) anerkannter Tr\u00e4ger der politischen Bildung, der sich vor allem f\u00fcr Umwelt und die politische \u00d6kologie einsetzt.\",\"breadcrumb\":{\"@id\":\"https:\/\/www.stiftung-oekologie-u-demokratie.de\/T\/tag-der-oekologisch-sozialen-marktwirtschaft-2010\/#breadcrumb\"},\"inLanguage\":\"de\",\"potentialAction\":[{\"@type\":\"ReadAction\",\"target\":[\"https:\/\/www.stiftung-oekologie-u-demokratie.de\/T\/tag-der-oekologisch-sozialen-marktwirtschaft-2010\/\"]}]},{\"@type\":\"BreadcrumbList\",\"@id\":\"https:\/\/www.stiftung-oekologie-u-demokratie.de\/T\/tag-der-oekologisch-sozialen-marktwirtschaft-2010\/#breadcrumb\",\"itemListElement\":[{\"@type\":\"ListItem\",\"position\":1,\"name\":\"Home\",\"item\":\"https:\/\/www.stiftung-oekologie-u-demokratie.de\/T\/\"},{\"@type\":\"ListItem\",\"position\":2,\"name\":\"Tag der \u00f6kologisch-sozialen Marktwirtschaft 2010\"}]},{\"@type\":\"WebSite\",\"@id\":\"https:\/\/www.stiftung-oekologie-u-demokratie.de\/T\/#website\",\"url\":\"https:\/\/www.stiftung-oekologie-u-demokratie.de\/T\/\",\"name\":\"Stiftung f\u00fcr \u00d6kologie und Demokratie e.V.\",\"description\":\"Stiftung f\u00fcr \u00d6kologie und Demokratie e.V.\",\"potentialAction\":[{\"@type\":\"SearchAction\",\"target\":{\"@type\":\"EntryPoint\",\"urlTemplate\":\"https:\/\/www.stiftung-oekologie-u-demokratie.de\/T\/?s={search_term_string}\"},\"query-input\":{\"@type\":\"PropertyValueSpecification\",\"valueRequired\":true,\"valueName\":\"search_term_string\"}}],\"inLanguage\":\"de\"},{\"@type\":\"Person\",\"@id\":\"https:\/\/www.stiftung-oekologie-u-demokratie.de\/T\/#\/schema\/person\/d256d4d56b82b746a9ccff0c5bf259e3\",\"name\":\"admin\",\"url\":\"https:\/\/www.stiftung-oekologie-u-demokratie.de\/T\/author\/admin\/\"}]}<\/script>\n<!-- \/ Yoast SEO plugin. -->","yoast_head_json":{"title":"Stiftung f\u00fcr Demokratie \u00d6kologie e.V. - Tag der \u00f6kologisch-sozialen Marktwirtschaft 2010","description":"Die Stiftung f\u00fcr \u00d6kologie und Demokratie ist eine gemeinn\u00fctzige Organisation, ein auf Bundesebene von der Bundeszentrale f\u00fcr politische Bildung (BpB) anerkannter Tr\u00e4ger der politischen Bildung, der sich vor allem f\u00fcr Umwelt und die politische \u00d6kologie einsetzt.","robots":{"index":"index","follow":"follow","max-snippet":"max-snippet:-1","max-image-preview":"max-image-preview:large","max-video-preview":"max-video-preview:-1"},"canonical":"https:\/\/www.stiftung-oekologie-u-demokratie.de\/T\/tag-der-oekologisch-sozialen-marktwirtschaft-2010\/","og_locale":"de_DE","og_type":"article","og_title":"Stiftung f\u00fcr Demokratie \u00d6kologie e.V. - Tag der \u00f6kologisch-sozialen Marktwirtschaft 2010","og_description":"Die Stiftung f\u00fcr \u00d6kologie und Demokratie ist eine gemeinn\u00fctzige Organisation, ein auf Bundesebene von der Bundeszentrale f\u00fcr politische Bildung (BpB) anerkannter Tr\u00e4ger der politischen Bildung, der sich vor allem f\u00fcr Umwelt und die politische \u00d6kologie einsetzt.","og_url":"https:\/\/www.stiftung-oekologie-u-demokratie.de\/T\/tag-der-oekologisch-sozialen-marktwirtschaft-2010\/","og_site_name":"Stiftung f\u00fcr \u00d6kologie und Demokratie e.V.","article_published_time":"2010-09-12T21:15:25+00:00","article_modified_time":"2015-09-05T19:25:09+00:00","author":"admin","twitter_card":"summary_large_image","twitter_misc":{"Verfasst von":"admin","Gesch\u00e4tzte Lesezeit":"2\u00a0Minuten"},"schema":{"@context":"https:\/\/schema.org","@graph":[{"@type":"WebPage","@id":"https:\/\/www.stiftung-oekologie-u-demokratie.de\/T\/tag-der-oekologisch-sozialen-marktwirtschaft-2010\/","url":"https:\/\/www.stiftung-oekologie-u-demokratie.de\/T\/tag-der-oekologisch-sozialen-marktwirtschaft-2010\/","name":"Stiftung f\u00fcr Demokratie \u00d6kologie e.V. - Tag der \u00f6kologisch-sozialen Marktwirtschaft 2010","isPartOf":{"@id":"https:\/\/www.stiftung-oekologie-u-demokratie.de\/T\/#website"},"datePublished":"2010-09-12T21:15:25+00:00","dateModified":"2015-09-05T19:25:09+00:00","author":{"@id":"https:\/\/www.stiftung-oekologie-u-demokratie.de\/T\/#\/schema\/person\/d256d4d56b82b746a9ccff0c5bf259e3"},"description":"Die Stiftung f\u00fcr \u00d6kologie und Demokratie ist eine gemeinn\u00fctzige Organisation, ein auf Bundesebene von der Bundeszentrale f\u00fcr politische Bildung (BpB) anerkannter Tr\u00e4ger der politischen Bildung, der sich vor allem f\u00fcr Umwelt und die politische \u00d6kologie einsetzt.","breadcrumb":{"@id":"https:\/\/www.stiftung-oekologie-u-demokratie.de\/T\/tag-der-oekologisch-sozialen-marktwirtschaft-2010\/#breadcrumb"},"inLanguage":"de","potentialAction":[{"@type":"ReadAction","target":["https:\/\/www.stiftung-oekologie-u-demokratie.de\/T\/tag-der-oekologisch-sozialen-marktwirtschaft-2010\/"]}]},{"@type":"BreadcrumbList","@id":"https:\/\/www.stiftung-oekologie-u-demokratie.de\/T\/tag-der-oekologisch-sozialen-marktwirtschaft-2010\/#breadcrumb","itemListElement":[{"@type":"ListItem","position":1,"name":"Home","item":"https:\/\/www.stiftung-oekologie-u-demokratie.de\/T\/"},{"@type":"ListItem","position":2,"name":"Tag der \u00f6kologisch-sozialen Marktwirtschaft 2010"}]},{"@type":"WebSite","@id":"https:\/\/www.stiftung-oekologie-u-demokratie.de\/T\/#website","url":"https:\/\/www.stiftung-oekologie-u-demokratie.de\/T\/","name":"Stiftung f\u00fcr \u00d6kologie und Demokratie e.V.","description":"Stiftung f\u00fcr \u00d6kologie und Demokratie e.V.","potentialAction":[{"@type":"SearchAction","target":{"@type":"EntryPoint","urlTemplate":"https:\/\/www.stiftung-oekologie-u-demokratie.de\/T\/?s={search_term_string}"},"query-input":{"@type":"PropertyValueSpecification","valueRequired":true,"valueName":"search_term_string"}}],"inLanguage":"de"},{"@type":"Person","@id":"https:\/\/www.stiftung-oekologie-u-demokratie.de\/T\/#\/schema\/person\/d256d4d56b82b746a9ccff0c5bf259e3","name":"admin","url":"https:\/\/www.stiftung-oekologie-u-demokratie.de\/T\/author\/admin\/"}]}},"_links":{"self":[{"href":"https:\/\/www.stiftung-oekologie-u-demokratie.de\/T\/wp-json\/wp\/v2\/posts\/419","targetHints":{"allow":["GET"]}}],"collection":[{"href":"https:\/\/www.stiftung-oekologie-u-demokratie.de\/T\/wp-json\/wp\/v2\/posts"}],"about":[{"href":"https:\/\/www.stiftung-oekologie-u-demokratie.de\/T\/wp-json\/wp\/v2\/types\/post"}],"author":[{"embeddable":true,"href":"https:\/\/www.stiftung-oekologie-u-demokratie.de\/T\/wp-json\/wp\/v2\/users\/1"}],"replies":[{"embeddable":true,"href":"https:\/\/www.stiftung-oekologie-u-demokratie.de\/T\/wp-json\/wp\/v2\/comments?post=419"}],"version-history":[{"count":4,"href":"https:\/\/www.stiftung-oekologie-u-demokratie.de\/T\/wp-json\/wp\/v2\/posts\/419\/revisions"}],"predecessor-version":[{"id":424,"href":"https:\/\/www.stiftung-oekologie-u-demokratie.de\/T\/wp-json\/wp\/v2\/posts\/419\/revisions\/424"}],"wp:attachment":[{"href":"https:\/\/www.stiftung-oekologie-u-demokratie.de\/T\/wp-json\/wp\/v2\/media?parent=419"}],"wp:term":[{"taxonomy":"category","embeddable":true,"href":"https:\/\/www.stiftung-oekologie-u-demokratie.de\/T\/wp-json\/wp\/v2\/categories?post=419"},{"taxonomy":"post_tag","embeddable":true,"href":"https:\/\/www.stiftung-oekologie-u-demokratie.de\/T\/wp-json\/wp\/v2\/tags?post=419"}],"curies":[{"name":"wp","href":"https:\/\/api.w.org\/{rel}","templated":true}]}}