{"id":1213,"date":"2020-05-06T00:05:04","date_gmt":"2020-05-05T22:05:04","guid":{"rendered":"https:\/\/www.stiftung-oekologie-u-demokratie.de\/T\/?p=1213"},"modified":"2021-01-05T19:10:34","modified_gmt":"2021-01-05T17:10:34","slug":"die-stftung-fuer-oekologie-und-demokratie-e-v-trauert-um-jacqueline-kraege","status":"publish","type":"post","link":"https:\/\/www.stiftung-oekologie-u-demokratie.de\/T\/die-stftung-fuer-oekologie-und-demokratie-e-v-trauert-um-jacqueline-kraege\/","title":{"rendered":"Die Stiftung f\u00fcr \u00d6kologie und Demokratie e.V. trauert um Jacqueline Kraege"},"content":{"rendered":"<p>J\u00e4hrlich beruft die Stiftung f\u00fcr \u00d6kologie und Demokratie e.V. eine<br \/>\nDame mit Ausstrahlung und \u00f6kologischer Kompetenz als \u201e\u00d6kologia\u201c \u2013<br \/>\nBotschafterin der \u00d6kologie, um auf sympathische Art und Weise f\u00fcr<br \/>\ndie \u00d6kologie zu werben. Im Jahre 2010 war dies die damalige Staatssekret\u00e4rin<br \/>\nim Ministerium f\u00fcr Umwelt, Forsten und Verbraucherschutz<br \/>\nRheinland-Pfalz, Jacqueline Kraege, die nach langer und schwerer<br \/>\nKrankheit im Alter von 59 Jahren verstarb.<\/p>\n<p>\u201eW\u00e4hrend ihrer Amtszeit als \u201e\u00d6kologia\u201c hat sie sich f\u00fcr die Stiftung<br \/>\nsehr stark engagiert, indem sie zahlreiche Termine stets mit gro\u00dfer<br \/>\nBegeisterung wahrgenommen hat, u.a. am 24.9.2010 die Verleihung<br \/>\ndes \u201e\u00d6kologia\u201c-Preises an die Mainau GmbH auf der Insel Mainau\u201c,<br \/>\nerkl\u00e4rte der Stiftungsvorsitzende Hans-Joachim Ritter. Die Stiftung<br \/>\ntrauert um Jacqueline Kraege, die ihr stets ein ehrendes Andenken<br \/>\nbewahren wird.<\/p>\n","protected":false},"excerpt":{"rendered":"<p>J\u00e4hrlich beruft die Stiftung f\u00fcr \u00d6kologie und Demokratie e.V. eine Dame mit Ausstrahlung und \u00f6kologischer Kompetenz als \u201e\u00d6kologia\u201c \u2013 Botschafterin der \u00d6kologie, um auf sympathische Art und Weise f\u00fcr die \u00d6kologie zu werben. Im Jahre 2010 war dies die damalige Staatssekret\u00e4rin im Ministerium f\u00fcr Umwelt, Forsten und Verbraucherschutz Rheinland-Pfalz, Jacqueline Kraege, die nach langer und&hellip;<\/p>\n","protected":false},"author":1,"featured_media":496,"comment_status":"closed","ping_status":"open","sticky":false,"template":"","format":"standard","meta":[],"categories":[3],"tags":[],"class_list":["post-1213","post","type-post","status-publish","format-standard","has-post-thumbnail","hentry","category-aktuell","category-3","description-off"],"yoast_head":"<!-- This site is optimized with the Yoast SEO plugin v25.9 - https:\/\/yoast.com\/wordpress\/plugins\/seo\/ -->\n<title>Die Stiftung f\u00fcr \u00d6kologie und Demokratie e.V. trauert um Jacqueline Kraege - Stiftung f\u00fcr \u00d6kologie und Demokratie e.V.<\/title>\n<meta name=\"description\" content=\"Die Stiftung f\u00fcr \u00d6kologie und Demokratie ist eine gemeinn\u00fctzige Organisation, ein auf Bundesebene von der Bundeszentrale f\u00fcr politische Bildung (BpB) anerkannter Tr\u00e4ger der politischen Bildung, der sich vor allem f\u00fcr Umwelt und die politische \u00d6kologie einsetzt.\" \/>\n<meta name=\"robots\" content=\"index, follow, max-snippet:-1, max-image-preview:large, max-video-preview:-1\" \/>\n<link rel=\"canonical\" href=\"https:\/\/www.stiftung-oekologie-u-demokratie.de\/T\/die-stftung-fuer-oekologie-und-demokratie-e-v-trauert-um-jacqueline-kraege\/\" \/>\n<meta property=\"og:locale\" content=\"de_DE\" \/>\n<meta property=\"og:type\" content=\"article\" \/>\n<meta property=\"og:title\" content=\"Die Stiftung f\u00fcr \u00d6kologie und Demokratie e.V. trauert um Jacqueline Kraege - Stiftung f\u00fcr \u00d6kologie und Demokratie e.V.\" \/>\n<meta property=\"og:description\" content=\"Die Stiftung f\u00fcr \u00d6kologie und Demokratie ist eine gemeinn\u00fctzige Organisation, ein auf Bundesebene von der Bundeszentrale f\u00fcr politische Bildung (BpB) anerkannter Tr\u00e4ger der politischen Bildung, der sich vor allem f\u00fcr Umwelt und die politische \u00d6kologie einsetzt.\" \/>\n<meta property=\"og:url\" content=\"https:\/\/www.stiftung-oekologie-u-demokratie.de\/T\/die-stftung-fuer-oekologie-und-demokratie-e-v-trauert-um-jacqueline-kraege\/\" \/>\n<meta property=\"og:site_name\" content=\"Stiftung f\u00fcr \u00d6kologie und Demokratie e.V.\" \/>\n<meta property=\"article:published_time\" content=\"2020-05-05T22:05:04+00:00\" \/>\n<meta property=\"article:modified_time\" content=\"2021-01-05T17:10:34+00:00\" \/>\n<meta property=\"og:image\" content=\"https:\/\/www.stiftung-oekologie-u-demokratie.de\/T\/wp-content\/uploads\/2015\/06\/kologia-Preis-1-flh-e1609866617911.jpg\" \/>\n\t<meta property=\"og:image:width\" content=\"713\" \/>\n\t<meta property=\"og:image:height\" content=\"720\" \/>\n\t<meta property=\"og:image:type\" content=\"image\/jpeg\" \/>\n<meta name=\"author\" content=\"admin\" \/>\n<meta name=\"twitter:card\" content=\"summary_large_image\" \/>\n<meta name=\"twitter:label1\" content=\"Verfasst von\" \/>\n\t<meta name=\"twitter:data1\" content=\"admin\" \/>\n\t<meta name=\"twitter:label2\" content=\"Gesch\u00e4tzte Lesezeit\" \/>\n\t<meta name=\"twitter:data2\" content=\"1\u00a0Minute\" \/>\n<script type=\"application\/ld+json\" class=\"yoast-schema-graph\">{\"@context\":\"https:\/\/schema.org\",\"@graph\":[{\"@type\":\"WebPage\",\"@id\":\"https:\/\/www.stiftung-oekologie-u-demokratie.de\/T\/die-stftung-fuer-oekologie-und-demokratie-e-v-trauert-um-jacqueline-kraege\/\",\"url\":\"https:\/\/www.stiftung-oekologie-u-demokratie.de\/T\/die-stftung-fuer-oekologie-und-demokratie-e-v-trauert-um-jacqueline-kraege\/\",\"name\":\"Die Stiftung f\u00fcr \u00d6kologie und Demokratie e.V. trauert um Jacqueline Kraege - Stiftung f\u00fcr \u00d6kologie und Demokratie e.V.\",\"isPartOf\":{\"@id\":\"https:\/\/www.stiftung-oekologie-u-demokratie.de\/T\/#website\"},\"primaryImageOfPage\":{\"@id\":\"https:\/\/www.stiftung-oekologie-u-demokratie.de\/T\/die-stftung-fuer-oekologie-und-demokratie-e-v-trauert-um-jacqueline-kraege\/#primaryimage\"},\"image\":{\"@id\":\"https:\/\/www.stiftung-oekologie-u-demokratie.de\/T\/die-stftung-fuer-oekologie-und-demokratie-e-v-trauert-um-jacqueline-kraege\/#primaryimage\"},\"thumbnailUrl\":\"https:\/\/www.stiftung-oekologie-u-demokratie.de\/T\/wp-content\/uploads\/2015\/06\/kologia-Preis-1-flh-e1609866617911.jpg\",\"datePublished\":\"2020-05-05T22:05:04+00:00\",\"dateModified\":\"2021-01-05T17:10:34+00:00\",\"author\":{\"@id\":\"https:\/\/www.stiftung-oekologie-u-demokratie.de\/T\/#\/schema\/person\/d256d4d56b82b746a9ccff0c5bf259e3\"},\"description\":\"Die Stiftung f\u00fcr \u00d6kologie und Demokratie ist eine gemeinn\u00fctzige Organisation, ein auf Bundesebene von der Bundeszentrale f\u00fcr politische Bildung (BpB) anerkannter Tr\u00e4ger der politischen Bildung, der sich vor allem f\u00fcr Umwelt und die politische \u00d6kologie einsetzt.\",\"breadcrumb\":{\"@id\":\"https:\/\/www.stiftung-oekologie-u-demokratie.de\/T\/die-stftung-fuer-oekologie-und-demokratie-e-v-trauert-um-jacqueline-kraege\/#breadcrumb\"},\"inLanguage\":\"de\",\"potentialAction\":[{\"@type\":\"ReadAction\",\"target\":[\"https:\/\/www.stiftung-oekologie-u-demokratie.de\/T\/die-stftung-fuer-oekologie-und-demokratie-e-v-trauert-um-jacqueline-kraege\/\"]}]},{\"@type\":\"ImageObject\",\"inLanguage\":\"de\",\"@id\":\"https:\/\/www.stiftung-oekologie-u-demokratie.de\/T\/die-stftung-fuer-oekologie-und-demokratie-e-v-trauert-um-jacqueline-kraege\/#primaryimage\",\"url\":\"https:\/\/www.stiftung-oekologie-u-demokratie.de\/T\/wp-content\/uploads\/2015\/06\/kologia-Preis-1-flh-e1609866617911.jpg\",\"contentUrl\":\"https:\/\/www.stiftung-oekologie-u-demokratie.de\/T\/wp-content\/uploads\/2015\/06\/kologia-Preis-1-flh-e1609866617911.jpg\",\"width\":713,\"height\":720},{\"@type\":\"BreadcrumbList\",\"@id\":\"https:\/\/www.stiftung-oekologie-u-demokratie.de\/T\/die-stftung-fuer-oekologie-und-demokratie-e-v-trauert-um-jacqueline-kraege\/#breadcrumb\",\"itemListElement\":[{\"@type\":\"ListItem\",\"position\":1,\"name\":\"Home\",\"item\":\"https:\/\/www.stiftung-oekologie-u-demokratie.de\/T\/\"},{\"@type\":\"ListItem\",\"position\":2,\"name\":\"Die Stiftung f\u00fcr \u00d6kologie und Demokratie e.V. trauert um Jacqueline Kraege\"}]},{\"@type\":\"WebSite\",\"@id\":\"https:\/\/www.stiftung-oekologie-u-demokratie.de\/T\/#website\",\"url\":\"https:\/\/www.stiftung-oekologie-u-demokratie.de\/T\/\",\"name\":\"Stiftung f\u00fcr \u00d6kologie und Demokratie e.V.\",\"description\":\"Stiftung f\u00fcr \u00d6kologie und Demokratie e.V.\",\"potentialAction\":[{\"@type\":\"SearchAction\",\"target\":{\"@type\":\"EntryPoint\",\"urlTemplate\":\"https:\/\/www.stiftung-oekologie-u-demokratie.de\/T\/?s={search_term_string}\"},\"query-input\":{\"@type\":\"PropertyValueSpecification\",\"valueRequired\":true,\"valueName\":\"search_term_string\"}}],\"inLanguage\":\"de\"},{\"@type\":\"Person\",\"@id\":\"https:\/\/www.stiftung-oekologie-u-demokratie.de\/T\/#\/schema\/person\/d256d4d56b82b746a9ccff0c5bf259e3\",\"name\":\"admin\",\"url\":\"https:\/\/www.stiftung-oekologie-u-demokratie.de\/T\/author\/admin\/\"}]}<\/script>\n<!-- \/ Yoast SEO plugin. -->","yoast_head_json":{"title":"Die Stiftung f\u00fcr \u00d6kologie und Demokratie e.V. trauert um Jacqueline Kraege - Stiftung f\u00fcr \u00d6kologie und Demokratie e.V.","description":"Die Stiftung f\u00fcr \u00d6kologie und Demokratie ist eine gemeinn\u00fctzige Organisation, ein auf Bundesebene von der Bundeszentrale f\u00fcr politische Bildung (BpB) anerkannter Tr\u00e4ger der politischen Bildung, der sich vor allem f\u00fcr Umwelt und die politische \u00d6kologie einsetzt.","robots":{"index":"index","follow":"follow","max-snippet":"max-snippet:-1","max-image-preview":"max-image-preview:large","max-video-preview":"max-video-preview:-1"},"canonical":"https:\/\/www.stiftung-oekologie-u-demokratie.de\/T\/die-stftung-fuer-oekologie-und-demokratie-e-v-trauert-um-jacqueline-kraege\/","og_locale":"de_DE","og_type":"article","og_title":"Die Stiftung f\u00fcr \u00d6kologie und Demokratie e.V. trauert um Jacqueline Kraege - Stiftung f\u00fcr \u00d6kologie und Demokratie e.V.","og_description":"Die Stiftung f\u00fcr \u00d6kologie und Demokratie ist eine gemeinn\u00fctzige Organisation, ein auf Bundesebene von der Bundeszentrale f\u00fcr politische Bildung (BpB) anerkannter Tr\u00e4ger der politischen Bildung, der sich vor allem f\u00fcr Umwelt und die politische \u00d6kologie einsetzt.","og_url":"https:\/\/www.stiftung-oekologie-u-demokratie.de\/T\/die-stftung-fuer-oekologie-und-demokratie-e-v-trauert-um-jacqueline-kraege\/","og_site_name":"Stiftung f\u00fcr \u00d6kologie und Demokratie e.V.","article_published_time":"2020-05-05T22:05:04+00:00","article_modified_time":"2021-01-05T17:10:34+00:00","og_image":[{"width":713,"height":720,"url":"https:\/\/www.stiftung-oekologie-u-demokratie.de\/T\/wp-content\/uploads\/2015\/06\/kologia-Preis-1-flh-e1609866617911.jpg","type":"image\/jpeg"}],"author":"admin","twitter_card":"summary_large_image","twitter_misc":{"Verfasst von":"admin","Gesch\u00e4tzte Lesezeit":"1\u00a0Minute"},"schema":{"@context":"https:\/\/schema.org","@graph":[{"@type":"WebPage","@id":"https:\/\/www.stiftung-oekologie-u-demokratie.de\/T\/die-stftung-fuer-oekologie-und-demokratie-e-v-trauert-um-jacqueline-kraege\/","url":"https:\/\/www.stiftung-oekologie-u-demokratie.de\/T\/die-stftung-fuer-oekologie-und-demokratie-e-v-trauert-um-jacqueline-kraege\/","name":"Die Stiftung f\u00fcr \u00d6kologie und Demokratie e.V. trauert um Jacqueline Kraege - Stiftung f\u00fcr \u00d6kologie und Demokratie e.V.","isPartOf":{"@id":"https:\/\/www.stiftung-oekologie-u-demokratie.de\/T\/#website"},"primaryImageOfPage":{"@id":"https:\/\/www.stiftung-oekologie-u-demokratie.de\/T\/die-stftung-fuer-oekologie-und-demokratie-e-v-trauert-um-jacqueline-kraege\/#primaryimage"},"image":{"@id":"https:\/\/www.stiftung-oekologie-u-demokratie.de\/T\/die-stftung-fuer-oekologie-und-demokratie-e-v-trauert-um-jacqueline-kraege\/#primaryimage"},"thumbnailUrl":"https:\/\/www.stiftung-oekologie-u-demokratie.de\/T\/wp-content\/uploads\/2015\/06\/kologia-Preis-1-flh-e1609866617911.jpg","datePublished":"2020-05-05T22:05:04+00:00","dateModified":"2021-01-05T17:10:34+00:00","author":{"@id":"https:\/\/www.stiftung-oekologie-u-demokratie.de\/T\/#\/schema\/person\/d256d4d56b82b746a9ccff0c5bf259e3"},"description":"Die Stiftung f\u00fcr \u00d6kologie und Demokratie ist eine gemeinn\u00fctzige Organisation, ein auf Bundesebene von der Bundeszentrale f\u00fcr politische Bildung (BpB) anerkannter Tr\u00e4ger der politischen Bildung, der sich vor allem f\u00fcr Umwelt und die politische \u00d6kologie einsetzt.","breadcrumb":{"@id":"https:\/\/www.stiftung-oekologie-u-demokratie.de\/T\/die-stftung-fuer-oekologie-und-demokratie-e-v-trauert-um-jacqueline-kraege\/#breadcrumb"},"inLanguage":"de","potentialAction":[{"@type":"ReadAction","target":["https:\/\/www.stiftung-oekologie-u-demokratie.de\/T\/die-stftung-fuer-oekologie-und-demokratie-e-v-trauert-um-jacqueline-kraege\/"]}]},{"@type":"ImageObject","inLanguage":"de","@id":"https:\/\/www.stiftung-oekologie-u-demokratie.de\/T\/die-stftung-fuer-oekologie-und-demokratie-e-v-trauert-um-jacqueline-kraege\/#primaryimage","url":"https:\/\/www.stiftung-oekologie-u-demokratie.de\/T\/wp-content\/uploads\/2015\/06\/kologia-Preis-1-flh-e1609866617911.jpg","contentUrl":"https:\/\/www.stiftung-oekologie-u-demokratie.de\/T\/wp-content\/uploads\/2015\/06\/kologia-Preis-1-flh-e1609866617911.jpg","width":713,"height":720},{"@type":"BreadcrumbList","@id":"https:\/\/www.stiftung-oekologie-u-demokratie.de\/T\/die-stftung-fuer-oekologie-und-demokratie-e-v-trauert-um-jacqueline-kraege\/#breadcrumb","itemListElement":[{"@type":"ListItem","position":1,"name":"Home","item":"https:\/\/www.stiftung-oekologie-u-demokratie.de\/T\/"},{"@type":"ListItem","position":2,"name":"Die Stiftung f\u00fcr \u00d6kologie und Demokratie e.V. trauert um Jacqueline Kraege"}]},{"@type":"WebSite","@id":"https:\/\/www.stiftung-oekologie-u-demokratie.de\/T\/#website","url":"https:\/\/www.stiftung-oekologie-u-demokratie.de\/T\/","name":"Stiftung f\u00fcr \u00d6kologie und Demokratie e.V.","description":"Stiftung f\u00fcr \u00d6kologie und Demokratie e.V.","potentialAction":[{"@type":"SearchAction","target":{"@type":"EntryPoint","urlTemplate":"https:\/\/www.stiftung-oekologie-u-demokratie.de\/T\/?s={search_term_string}"},"query-input":{"@type":"PropertyValueSpecification","valueRequired":true,"valueName":"search_term_string"}}],"inLanguage":"de"},{"@type":"Person","@id":"https:\/\/www.stiftung-oekologie-u-demokratie.de\/T\/#\/schema\/person\/d256d4d56b82b746a9ccff0c5bf259e3","name":"admin","url":"https:\/\/www.stiftung-oekologie-u-demokratie.de\/T\/author\/admin\/"}]}},"_links":{"self":[{"href":"https:\/\/www.stiftung-oekologie-u-demokratie.de\/T\/wp-json\/wp\/v2\/posts\/1213","targetHints":{"allow":["GET"]}}],"collection":[{"href":"https:\/\/www.stiftung-oekologie-u-demokratie.de\/T\/wp-json\/wp\/v2\/posts"}],"about":[{"href":"https:\/\/www.stiftung-oekologie-u-demokratie.de\/T\/wp-json\/wp\/v2\/types\/post"}],"author":[{"embeddable":true,"href":"https:\/\/www.stiftung-oekologie-u-demokratie.de\/T\/wp-json\/wp\/v2\/users\/1"}],"replies":[{"embeddable":true,"href":"https:\/\/www.stiftung-oekologie-u-demokratie.de\/T\/wp-json\/wp\/v2\/comments?post=1213"}],"version-history":[{"count":5,"href":"https:\/\/www.stiftung-oekologie-u-demokratie.de\/T\/wp-json\/wp\/v2\/posts\/1213\/revisions"}],"predecessor-version":[{"id":1223,"href":"https:\/\/www.stiftung-oekologie-u-demokratie.de\/T\/wp-json\/wp\/v2\/posts\/1213\/revisions\/1223"}],"wp:featuredmedia":[{"embeddable":true,"href":"https:\/\/www.stiftung-oekologie-u-demokratie.de\/T\/wp-json\/wp\/v2\/media\/496"}],"wp:attachment":[{"href":"https:\/\/www.stiftung-oekologie-u-demokratie.de\/T\/wp-json\/wp\/v2\/media?parent=1213"}],"wp:term":[{"taxonomy":"category","embeddable":true,"href":"https:\/\/www.stiftung-oekologie-u-demokratie.de\/T\/wp-json\/wp\/v2\/categories?post=1213"},{"taxonomy":"post_tag","embeddable":true,"href":"https:\/\/www.stiftung-oekologie-u-demokratie.de\/T\/wp-json\/wp\/v2\/tags?post=1213"}],"curies":[{"name":"wp","href":"https:\/\/api.w.org\/{rel}","templated":true}]}}