{"id":1200,"date":"2020-04-24T22:49:35","date_gmt":"2020-04-24T20:49:35","guid":{"rendered":"https:\/\/www.stiftung-oekologie-u-demokratie.de\/T\/?p=1200"},"modified":"2020-04-24T22:50:25","modified_gmt":"2020-04-24T20:50:25","slug":"nachruf-der-stiftung-fuer-oekologie-und-demokratie-e-v-zum-tode-ihres-kuratoriumsmitglieds-herrn-bundesminister-a-d-dr-norbert-bluem","status":"publish","type":"post","link":"https:\/\/www.stiftung-oekologie-u-demokratie.de\/T\/nachruf-der-stiftung-fuer-oekologie-und-demokratie-e-v-zum-tode-ihres-kuratoriumsmitglieds-herrn-bundesminister-a-d-dr-norbert-bluem\/","title":{"rendered":"Nachruf der Stiftung f\u00fcr \u00d6kologie und Demokratie e.V. zum Tode ihres Kuratoriumsmitglieds Herrn Bundesminister a.D. Dr. Norbert Bl\u00fcm"},"content":{"rendered":"<p>Die Stiftung f\u00fcr \u00d6kologie und Demokratie e.V. trauert um ihr Kuratoriumsmitglied Herrn Bundesminister a.D. Dr. Norbert Bl\u00fcm, der am 24. April 2020 im Alter von 84 Jahren verstorben ist.<\/p>\n<p>Seit dem 17.8.2005, also nahezu 15 Jahren, geh\u00f6rte er dem Kuratorium der Stiftung f\u00fcr \u00d6kologie und Demokratie e.V. an. Am 3.9.2015 zeichnete ihn die Stiftung im Rahmen einer Feierstunde in Bonn f\u00fcr sein gesellschaftspolitisches Lebenswerk mit dem Preis \u201eGoldenen Baum\u201c aus.<\/p>\n<p>Der Stiftungsvorsitzende Hans-Joachim Ritter w\u00fcrdigt das vielf\u00e4ltige Lebenswerk des Politikers Norbert Bl\u00fcm wie folgt:<\/p>\n<p>Wer war Norbert Bl\u00fcm? Was hat ihn gepr\u00e4gt? \u2013 Im Jahre 1935, also im sog. Dritten Reich, als Sohn des KfZ-Schlossers und Busfahrers Christian Bl\u00fcm und dessen Frau Margarete Bl\u00fcm in R\u00fcsselsheim geboren, besuchte w\u00e4hrend des Krieges die Volksschule und absolvierte anschlie\u00dfend eine Lehre bei der Adam OPEL AG als Werkzeugmacher, war dann nach der Lehre als solcher dort t\u00e4tig und bereitete sich auf dem Abendgymnasium in Mainz auf das Abitur vor, das er 1961 ablegte. Anschlie\u00dfend studierte er in Bonn und K\u00f6ln Philosophie, Germanistik, Geschichte, Theologie bei Joseph Ratzinger, dem sp\u00e4teren Papst Benedikt XVI., und Soziologie. Er promovierte im Jahre 1967.<\/p>\n<p>Seit dem Jahre 1950 engagiert er sich in der CDU, hier vor allem in den Sozialaussch\u00fcssen, der CDA. Er war aber auch \u00fcber viele Jahre stellvertretender CDUBundesvorsitzender (1981 \u2013 1990 und erneut von 1992 \u2013 2000). Von 1972 \u2013 1981 sowie von 1983 \u2013 2002 war Dr. Bl\u00fcm Mitglied des Deutschen Bundestages. Hier war er von 1980 \u2013 1981 stellvertretender Vorsitzender der CDU\/CSU-Bundestagsfraktion. Von 1981 \u2013 1982 war er Mitglied des Abgeordnetenhauses Berlin. W\u00e4hrend der gesamten 16-j\u00e4hrigen Regierungszeit von Helmut Kohl (1982 \u2013 1998) war er<br \/>\nBundesminister f\u00fcr Arbeit und Sozialordnung.<\/p>\n<p>Gepr\u00e4gt durch ein christliches Elternhaus und durch die kath. Soziallehre setzte sich der ehem. Messdiener immer wieder f\u00fcr den sozialen Ausgleich und Gerechtigkeit ein. Kein Wunder, dass ihm seine sozialpolitischen Anst\u00f6\u00dfe den Spitznamen \u201eHerz-Jesu-Marxist\u201c einbrachten. Er galt in den schwarz-gelben Koalitionen stets als \u201esoziales Feigenblatt\u201c und wortgewaltiger Vertreter des Arbeitnehmerfl\u00fcgels.<\/p>\n<p>Seine wichtigsten Reformgesetze seiner Regierungszeit waren:<\/p>\n<p>Rentengesetzgebung (1983)<br \/>\n1984: Hinterbliebenenrente wurde neu geregelt, Kindererziehungsjahr in der Rentenversicherung<br \/>\n1988: Gesundheitsreform<br \/>\n1989: Rentenreform<br \/>\n1990\/91: Sozialgesetzgebung Deutsche Einheit<br \/>\n1998: Besch\u00e4ftigungsf\u00f6rderungsgesetz, Gesetz zur Sicherung der Neutralit\u00e4t der Bundesanstalt f\u00fcr Arbeitsk\u00e4mpfen<br \/>\n1994: Pflegeversicherung<br \/>\n1997: Reform des Arbeitsf\u00f6rderungsgesetzes<br \/>\n1998: Rentenreform (demografische Komponente)<\/p>\n<p>Im Nachhinein betrachtet war die Einf\u00fchrung der Pflegeversicherung ein gro\u00dfer Wurf. Auch hat sich sein ber\u00fchmt gewordener Satz \u201eDie Rente ist sicher\u201c, mit dem er zum Teil l\u00e4cherlich gemacht wurde, bewahrheitet. Ja die umlagefinanzierte, staatliche Rente ist in der Tat verl\u00e4sslicher als die versicherungsgedeckte Riesterrente.<\/p>\n<p>Im Jahr 1984 wurde zwar die Kindererziehungskomponente durch Norbert Bl\u00fcm in die Rentenversicherung eingef\u00fchrt. Bez\u00fcglich der Rentenregelung aufgrund der Deutschen Einigung ist Folgendes anzumerken: Das Bundesverfassungsgericht verwarf am 23.6.2004 die Begrenzung der Bl\u00fcm\u2018schen Gesetzgebung f\u00fcr DDR-Spitzenverdiener von 1996. Dies sei \u2013 so das Bundesverfassungsgericht \u2013verfassungswidrig, weil mit dem Gleichheitsgebot nach Artikel 3 des Grundgesetzes nicht vereinbar. Vom Bundestag verlangte es, die gesetzlichen Regelungen unverz\u00fcglich zu \u00e4ndern. Sollten sie nicht innerhalb eines Jahres novelliert worden sein, w\u00fcrden sie v\u00f6llig nichtig, setzten die Karlsruher Verfassungsrichter die Volksvertreter die Pistole auf die Brust. Im Juni 2005 beschloss der Bundestag deshalb eine abermalige \u00c4nderung des AA\u00dcG (Anwartschafts\u00fcberf\u00fchrungs\u00c4nderungsgesetzes).<br \/>\nBis zu 25.000 Spitzenverdiener des Partei- und Staatsapparates mit mehr als 30.000 Mark unterlagen jetzt bei der Rente keinen Beschr\u00e4nkungen<br \/>\nmehr. Die Abgeordnete beschlich allerdings ein mulmiges Gef\u00fchl bei der Vorstellung, dass Stasi-Mitarbeiter weiterhin nur ein DDR-Durchschnittseinkommen angerechnet bek\u00e4men, ihre Auftraggeber aus der SED dagegen nicht. Deshalb legte der Bundestag fest, dass wenigstens die Befehlsgeber der Stasi nicht besser gestellt werden d\u00fcrften als normale Mitarbeiter der Ministerium f\u00fcr Staatssicherheit \u2013 zum Beispiel Egon Krenz, der als ZK-Sekret\u00e4r f\u00fcr Sicherheit die politische Aufsicht \u00fcber<br \/>\nden Staatssicherheitsdienst ausge\u00fcbt hatte. Es ist ein Hohn der Geschichte, dass bis auf die Mitarbeiter des Staatssicherheitsdienstes und einige hundert Funktion\u00e4re durch das ge\u00e4nderte Gesetz alle Tr\u00e4ger des SED-Regimes ihre alten Privilegien zur\u00fcckerhalten haben.<\/p>\n<p>Nach seinem aktiven Politikerleben trat Norbert Bl\u00fcm immer wieder in Talkshows auf, machte aber vielfach ganz andere Dinge. Beispielsweise wirkte er in Werbespots und Sendungen der volkst\u00fcmlichen Unterhaltung (z. B. Die Krone der Volksmusik) im Fernsehen mit. Von 2000 bis 2005 war er im Rateteam bei Was bin ich? auf kabel eins. Au\u00dferdem schrieb er Kinderb\u00fccher (z. B. Die Gl\u00fccksmargerite).<\/p>\n<p>Bl\u00fcm besuchte mehrmals den Irak nach dem zweiten Golfkrieg. Seit 2002 setzte er sich verst\u00e4rkt f\u00fcr die Pal\u00e4stinenser im Nahostkonflikt ein und unternahm aus diesem Grund mehrere Reisen, zusammen mit Cap-Anamur-Gr\u00fcnder Rupert Neudeck, in die Pal\u00e4stinensischen Autonomiegebiete. Anl\u00e4sslich seiner pointierten Kritik an Israels Politik wird Norbert Bl\u00fcm gelegentlich der Vorwurf des Antisemitismus gemacht, den er kategorisch zur\u00fcckweist.<\/p>\n<p>Norbert Bl\u00fcm war Mitglied im Kuratorium der Jungen Presse Nordrhein-Westfalen und der Hilfsorganisation Gr\u00fcnhelme e.V..<\/p>\n<p>Zusammen mit dem Schauspieler Peter Sodann ging Bl\u00fcm im Herbst 2007 auf Tournee durch kleinere Hallen. Gespielt wurde ein eigenes Kabarettprogramm mit dem Titel Ost-West-Vis-\u00e0-Vis.<\/p>\n<p>Bl\u00fcm war Vorsitzender des Vereins Xertifix, der sich gegen Kinderarbeit in der Natursteinbranche engagiert und mit dem gleichnamigen Label Natursteine aus Indien auszeichnet, die nachweislich ohne Kinder- und Sklavenarbeit produziert wurden. Weiterhin engagierte sich Bl\u00fcm als ehrenamtlicher Botschafter der Stiftung Kinderhospiz Mitteldeutschland Nordhausen e. V. in Tambach-Dietharz.<\/p>\n<p>Bl\u00fcm war langj\u00e4hriger Unterst\u00fctzer der Kindernothilfe. Dort fungierte er als<br \/>\nBotschafter und Vorsitzender des Stiftungsrates der Kindernothilfe- Stiftung. Seinen Enkelkindern schenkte Norbert Bl\u00fcm zur Einschulung eine Patenschaft des Hilfswerks f\u00fcr ein gleichaltriges Kind in einem armen Land.<\/p>\n<p>Er war zweiter Vorsitzender des Vereins GesichtZeigen! F\u00fcr ein weltoffenes<br \/>\nDeutschland e. V.<\/p>\n<p>Im Sommersemester 2010 \u00fcbernahm er die Hemmerle-Professur am Lehrstuhl f\u00fcr Systematische Theologie der RWTH Aachen und hielt zwei Vorlesungen und ein Seminar. In seiner Vorlesung am 21. Juli 2010 \u2013 seinem 75. Geburtstag \u2013 dozierte er \u00fcber eine \u201egro\u00dfe Idee im Tiefschlaf: die Christliche Soziallehre\u201c Im M\u00e4rz 2012 ver\u00f6ffentlichte Bl\u00fcm eine Streitschrift \u201e\u00dcber die Enteignung der Kindheit und die Verstaatlichung der Familie\u201c, in der er beklagt, dass sich \u201edas allseits geforderte umfassende staatliche Betreuungsangebot&#8230; hinterr\u00fccks als Waffe gegen das Recht auf Erziehung, das das Grundgesetz zuv\u00f6rderst den Eltern sichert\u201c entpuppt.<\/p>\n<p>Im Januar 2014 greift Bl\u00fcm in einem Artikel die Gleichstellung homosexueller verpartnerter Paare sowie die seit 2001 vorherrschende st\u00e4ndige Rechtsprechung des Bundesverfassungsgerichtes in einem Artikel f\u00fcr die Zeitung F.A.S. an. Der Theologe kritisierte, dass das Bundesverfassungsgericht dem Artikel 6 zu wenig Gewichtung zumisst und eine Gleichheit herbeif\u00fchren will, die er als Rhetorischen Trick bezeichnet und bezweifelt indirekt die starke Gewichtung des Artikels 3 seit der Einf\u00fchrung des Lebenspartnerschaftsgesetzes, das er in einem Vergleich aus dem Stra\u00dfenverkehr als unfalltr\u00e4chtiger ansieht, des Weiteren kritisierte er die darin enthaltene Entscheidung zum Ehegattensplitting als Bruch in der langj\u00e4hrigen Rechtsprechung des Gerichtes.<\/p>\n<p>Norbert Bl\u00fcm war immer ein volksnaher und sozial engagierter Politiker, der sich besonders daf\u00fcr eingesetzt hat, dass das Wort \u201esozial\u201c im Begriff \u201eSoziale Marktwirtschaft\u201c keine Alibifunktion hatte. Nach Bl\u00fcms Meinung ist die Arbeit wichtiger als das Kapital. Die reine Marktwirtschaft m\u00fcsse durch Sozialpolitik in der Sozialen Marktwirtschaft gez\u00fcgelt werden. Dabei sei die Sozialpolitik kein \u201eLazarettwagen\u201c, der hinter der Wirtschaftsentwicklung herlaufe und die Fu\u00dfkranken aufsammle. Unter den Bedingungen einer rasenden Beschleunigung, die sich als Fortschritt tarne, werde Bewahren zur Lebensrettung der Humanit\u00e4t. Progressiv erweist sich als konservativ.<\/p>\n<p>Nach Auffassung von Dr. Bl\u00fcm liegen die konservativen Aufgaben der&nbsp; christlichen Sozialbewegung darin:<\/p>\n<p>\u2022 den Menschen vor einem genmanipulierten Humankulus zu bewahren,<\/p>\n<p>\u2022 die Arbeitnehmer davor bewahren, zu Jobhoppern zu degenerieren, die sich der Familie, Freundschaft, Nachbarschaft und Heimat entledigen m\u00fcssen, um jederzeit und allerorts verf\u00fcgbar zu sein,<br \/>\n\u2022 Arbeit und Eigentum zu bewahren vor einer Spekulationswirtschaft, die sich von der Wertsch\u00f6pfung abgekoppelt hat,<br \/>\n\u2022 Unternehmen davor zu bewahren, eine Filiale der B\u00f6rse zu werden,<br \/>\n\u2022 die Sch\u00f6pfung vor Raubbau zu bewahren,<br \/>\n\u2022 den Menschen vor der grenzenlosen Machbarkeit zu bewahren<\/p>\n<p>&nbsp;<\/p>\n<p>In diesem Sinne sprach er sich auch aus f\u00fcr die Fortentwicklung der sozialen Marktwirtschaft zu einer \u00f6kologisch-sozialen Marktwirtschaft, was auch zentrales Ziel unserer Stiftung ist. \u201eDie Marktwirtschaft ist nur als sozial-\u00f6kologische funktionsf\u00e4hig\u201c,betonte Herr Dr. Bl\u00fcm. Weiter erkl\u00e4rte er: Erst nachdem die Absicherung der elementaren Lebensrisiken Invalidit\u00e4t, Krankheit, Unfall, sp\u00e4ter Arbeitslosigkeit und Pflege, aus dem Betrieb externalisiert und vom Sozialstaat \u00fcbernommen werde, sei eine unternehmerische Ratio, die sich im Wettbewerb bew\u00e4hrte und am Gewinn<br \/>\norientiert habe, m\u00f6glich gewesen. Solange der Betrieb Familie war, habe sich keine Produktivit\u00e4t entwickeln k\u00f6nnen. Die mittelalterliche Feudalwirtschaft wie die Zunftordnungen h\u00e4tten kein Fundament f\u00fcr ein marktwirtschaftliches System geboten. Erst der Sozialstaat mache die Marktwirtschaft \u00fcberlebensf\u00e4hig.<\/p>\n<p>Aber auch das \u00f6kologische Element m\u00fcsse ber\u00fccksichtigt werden, denn: \u201eEine Marktwirtschaft, die nur Gegenwartsnachfragen befriedigt, verst\u00f6\u00dft gegen die \u00dcberlebensbedingungen der Menschheit. Sie raubt der Marktwirtschaft die Voraussetzung, von der sie lebt, n\u00e4mlich eine intakte Umwelt. Wenn die Ressourcen der Menschheit r\u00fccksichtslos verbraucht werden, hat die Marktwirtschaft keine Zukunft.\u201c Vielleicht liegt das Erfolgsrezept von Norbert Bl\u00fcm in seiner liebensw\u00fcrdigen und volkst\u00fcmlichen Art. Er ist und bleibt eine rheinhessische Frohnatur.<br \/>\nWer kann ihm schon b\u00f6se sein? \u2013 Niemand au\u00dfer Helmut Kohl, mit dem er eine langj\u00e4hrige Parteifreundschaft verband. Doch seit dem Parteispenden-Skandal (1999\/2000) war das Verh\u00e4ltnis zerr\u00fcttet, nachdem sich Bl\u00fcm von ihm distanzierte, was Kohl ihm nie verzieh. Die klare Haltung von Norbert Bl\u00fcm, dass eine Freundschaft Gesetzesbr\u00fcche nicht zudecken k\u00f6nne, ist respektabel.<\/p>\n<p>Im Jahre 2016 besuchte Norbert Bl\u00fcm ein Fl\u00fcchtlingslager. Stets setzte sich Norbert Bl\u00fcm f\u00fcr Benachteiligte ein.<\/p>\n<p>Als christlicher Politiker und Mensch konnte Norbert Bl\u00fcm viel bewegen zugunsten des sozialen Ausgleichs der Gesellschaft. Wir sind stolz, diesen Mann mit seiner ihm eigenen Art und mit seinem Humor in unserem Kuratorium fast 15 Jahre gehabt zu&nbsp;haben und werden ihm stets ein w\u00fcrdiges Andenken bewahren.<\/p>\n<p>&nbsp;<\/p>\n<p>&nbsp;<\/p>\n","protected":false},"excerpt":{"rendered":"<p>Die Stiftung f\u00fcr \u00d6kologie und Demokratie e.V. trauert um ihr Kuratoriumsmitglied Herrn Bundesminister a.D. Dr. Norbert Bl\u00fcm, der am 24. April 2020 im Alter von 84 Jahren verstorben ist. Seit dem 17.8.2005, also nahezu 15 Jahren, geh\u00f6rte er dem Kuratorium der Stiftung f\u00fcr \u00d6kologie und Demokratie e.V. an. Am 3.9.2015 zeichnete ihn die Stiftung im&hellip;<\/p>\n","protected":false},"author":1,"featured_media":647,"comment_status":"closed","ping_status":"open","sticky":false,"template":"","format":"image","meta":[],"categories":[3],"tags":[],"class_list":["post-1200","post","type-post","status-publish","format-image","has-post-thumbnail","hentry","category-aktuell","post_format-post-format-image","category-3","description-off"],"yoast_head":"<!-- This site is optimized with the Yoast SEO plugin v25.9 - https:\/\/yoast.com\/wordpress\/plugins\/seo\/ -->\n<title>Nachruf der Stiftung f\u00fcr \u00d6kologie und Demokratie e.V. zum Tode ihres Kuratoriumsmitglieds Herrn Bundesminister a.D. Dr. Norbert Bl\u00fcm - Stiftung f\u00fcr \u00d6kologie und Demokratie e.V.<\/title>\n<meta name=\"description\" content=\"Die Stiftung f\u00fcr \u00d6kologie und Demokratie ist eine gemeinn\u00fctzige Organisation, ein auf Bundesebene von der Bundeszentrale f\u00fcr politische Bildung (BpB) anerkannter Tr\u00e4ger der politischen Bildung, der sich vor allem f\u00fcr Umwelt und die politische \u00d6kologie einsetzt.\" \/>\n<meta name=\"robots\" content=\"index, follow, max-snippet:-1, max-image-preview:large, max-video-preview:-1\" \/>\n<link rel=\"canonical\" href=\"https:\/\/www.stiftung-oekologie-u-demokratie.de\/T\/nachruf-der-stiftung-fuer-oekologie-und-demokratie-e-v-zum-tode-ihres-kuratoriumsmitglieds-herrn-bundesminister-a-d-dr-norbert-bluem\/\" \/>\n<meta property=\"og:locale\" content=\"de_DE\" \/>\n<meta property=\"og:type\" content=\"article\" \/>\n<meta property=\"og:title\" content=\"Nachruf der Stiftung f\u00fcr \u00d6kologie und Demokratie e.V. zum Tode ihres Kuratoriumsmitglieds Herrn Bundesminister a.D. Dr. Norbert Bl\u00fcm - Stiftung f\u00fcr \u00d6kologie und Demokratie e.V.\" \/>\n<meta property=\"og:description\" content=\"Die Stiftung f\u00fcr \u00d6kologie und Demokratie ist eine gemeinn\u00fctzige Organisation, ein auf Bundesebene von der Bundeszentrale f\u00fcr politische Bildung (BpB) anerkannter Tr\u00e4ger der politischen Bildung, der sich vor allem f\u00fcr Umwelt und die politische \u00d6kologie einsetzt.\" \/>\n<meta property=\"og:url\" content=\"https:\/\/www.stiftung-oekologie-u-demokratie.de\/T\/nachruf-der-stiftung-fuer-oekologie-und-demokratie-e-v-zum-tode-ihres-kuratoriumsmitglieds-herrn-bundesminister-a-d-dr-norbert-bluem\/\" \/>\n<meta property=\"og:site_name\" content=\"Stiftung f\u00fcr \u00d6kologie und Demokratie e.V.\" \/>\n<meta property=\"article:published_time\" content=\"2020-04-24T20:49:35+00:00\" \/>\n<meta property=\"article:modified_time\" content=\"2020-04-24T20:50:25+00:00\" \/>\n<meta property=\"og:image\" content=\"https:\/\/www.stiftung-oekologie-u-demokratie.de\/T\/wp-content\/uploads\/2015\/09\/15_37_BN_AuszeichnNorbertBluemGoldeneBaum_21-e1609856905984.jpg\" \/>\n\t<meta property=\"og:image:width\" content=\"579\" \/>\n\t<meta property=\"og:image:height\" content=\"423\" \/>\n\t<meta property=\"og:image:type\" content=\"image\/jpeg\" \/>\n<meta name=\"author\" content=\"admin\" \/>\n<meta name=\"twitter:card\" content=\"summary_large_image\" \/>\n<meta name=\"twitter:label1\" content=\"Verfasst von\" \/>\n\t<meta name=\"twitter:data1\" content=\"admin\" \/>\n\t<meta name=\"twitter:label2\" content=\"Gesch\u00e4tzte Lesezeit\" \/>\n\t<meta name=\"twitter:data2\" content=\"8\u00a0Minuten\" \/>\n<script type=\"application\/ld+json\" class=\"yoast-schema-graph\">{\"@context\":\"https:\/\/schema.org\",\"@graph\":[{\"@type\":\"WebPage\",\"@id\":\"https:\/\/www.stiftung-oekologie-u-demokratie.de\/T\/nachruf-der-stiftung-fuer-oekologie-und-demokratie-e-v-zum-tode-ihres-kuratoriumsmitglieds-herrn-bundesminister-a-d-dr-norbert-bluem\/\",\"url\":\"https:\/\/www.stiftung-oekologie-u-demokratie.de\/T\/nachruf-der-stiftung-fuer-oekologie-und-demokratie-e-v-zum-tode-ihres-kuratoriumsmitglieds-herrn-bundesminister-a-d-dr-norbert-bluem\/\",\"name\":\"Nachruf der Stiftung f\u00fcr \u00d6kologie und Demokratie e.V. zum Tode ihres Kuratoriumsmitglieds Herrn Bundesminister a.D. Dr. Norbert Bl\u00fcm - Stiftung f\u00fcr \u00d6kologie und Demokratie e.V.\",\"isPartOf\":{\"@id\":\"https:\/\/www.stiftung-oekologie-u-demokratie.de\/T\/#website\"},\"primaryImageOfPage\":{\"@id\":\"https:\/\/www.stiftung-oekologie-u-demokratie.de\/T\/nachruf-der-stiftung-fuer-oekologie-und-demokratie-e-v-zum-tode-ihres-kuratoriumsmitglieds-herrn-bundesminister-a-d-dr-norbert-bluem\/#primaryimage\"},\"image\":{\"@id\":\"https:\/\/www.stiftung-oekologie-u-demokratie.de\/T\/nachruf-der-stiftung-fuer-oekologie-und-demokratie-e-v-zum-tode-ihres-kuratoriumsmitglieds-herrn-bundesminister-a-d-dr-norbert-bluem\/#primaryimage\"},\"thumbnailUrl\":\"https:\/\/www.stiftung-oekologie-u-demokratie.de\/T\/wp-content\/uploads\/2015\/09\/15_37_BN_AuszeichnNorbertBluemGoldeneBaum_21-e1609856905984.jpg\",\"datePublished\":\"2020-04-24T20:49:35+00:00\",\"dateModified\":\"2020-04-24T20:50:25+00:00\",\"author\":{\"@id\":\"https:\/\/www.stiftung-oekologie-u-demokratie.de\/T\/#\/schema\/person\/d256d4d56b82b746a9ccff0c5bf259e3\"},\"description\":\"Die Stiftung f\u00fcr \u00d6kologie und Demokratie ist eine gemeinn\u00fctzige Organisation, ein auf Bundesebene von der Bundeszentrale f\u00fcr politische Bildung (BpB) anerkannter Tr\u00e4ger der politischen Bildung, der sich vor allem f\u00fcr Umwelt und die politische \u00d6kologie einsetzt.\",\"breadcrumb\":{\"@id\":\"https:\/\/www.stiftung-oekologie-u-demokratie.de\/T\/nachruf-der-stiftung-fuer-oekologie-und-demokratie-e-v-zum-tode-ihres-kuratoriumsmitglieds-herrn-bundesminister-a-d-dr-norbert-bluem\/#breadcrumb\"},\"inLanguage\":\"de\",\"potentialAction\":[{\"@type\":\"ReadAction\",\"target\":[\"https:\/\/www.stiftung-oekologie-u-demokratie.de\/T\/nachruf-der-stiftung-fuer-oekologie-und-demokratie-e-v-zum-tode-ihres-kuratoriumsmitglieds-herrn-bundesminister-a-d-dr-norbert-bluem\/\"]}]},{\"@type\":\"ImageObject\",\"inLanguage\":\"de\",\"@id\":\"https:\/\/www.stiftung-oekologie-u-demokratie.de\/T\/nachruf-der-stiftung-fuer-oekologie-und-demokratie-e-v-zum-tode-ihres-kuratoriumsmitglieds-herrn-bundesminister-a-d-dr-norbert-bluem\/#primaryimage\",\"url\":\"https:\/\/www.stiftung-oekologie-u-demokratie.de\/T\/wp-content\/uploads\/2015\/09\/15_37_BN_AuszeichnNorbertBluemGoldeneBaum_21-e1609856905984.jpg\",\"contentUrl\":\"https:\/\/www.stiftung-oekologie-u-demokratie.de\/T\/wp-content\/uploads\/2015\/09\/15_37_BN_AuszeichnNorbertBluemGoldeneBaum_21-e1609856905984.jpg\",\"width\":579,\"height\":423},{\"@type\":\"BreadcrumbList\",\"@id\":\"https:\/\/www.stiftung-oekologie-u-demokratie.de\/T\/nachruf-der-stiftung-fuer-oekologie-und-demokratie-e-v-zum-tode-ihres-kuratoriumsmitglieds-herrn-bundesminister-a-d-dr-norbert-bluem\/#breadcrumb\",\"itemListElement\":[{\"@type\":\"ListItem\",\"position\":1,\"name\":\"Home\",\"item\":\"https:\/\/www.stiftung-oekologie-u-demokratie.de\/T\/\"},{\"@type\":\"ListItem\",\"position\":2,\"name\":\"Nachruf der Stiftung f\u00fcr \u00d6kologie und Demokratie e.V. zum Tode ihres Kuratoriumsmitglieds Herrn Bundesminister a.D. Dr. Norbert Bl\u00fcm\"}]},{\"@type\":\"WebSite\",\"@id\":\"https:\/\/www.stiftung-oekologie-u-demokratie.de\/T\/#website\",\"url\":\"https:\/\/www.stiftung-oekologie-u-demokratie.de\/T\/\",\"name\":\"Stiftung f\u00fcr \u00d6kologie und Demokratie e.V.\",\"description\":\"Stiftung f\u00fcr \u00d6kologie und Demokratie e.V.\",\"potentialAction\":[{\"@type\":\"SearchAction\",\"target\":{\"@type\":\"EntryPoint\",\"urlTemplate\":\"https:\/\/www.stiftung-oekologie-u-demokratie.de\/T\/?s={search_term_string}\"},\"query-input\":{\"@type\":\"PropertyValueSpecification\",\"valueRequired\":true,\"valueName\":\"search_term_string\"}}],\"inLanguage\":\"de\"},{\"@type\":\"Person\",\"@id\":\"https:\/\/www.stiftung-oekologie-u-demokratie.de\/T\/#\/schema\/person\/d256d4d56b82b746a9ccff0c5bf259e3\",\"name\":\"admin\",\"url\":\"https:\/\/www.stiftung-oekologie-u-demokratie.de\/T\/author\/admin\/\"}]}<\/script>\n<!-- \/ Yoast SEO plugin. -->","yoast_head_json":{"title":"Nachruf der Stiftung f\u00fcr \u00d6kologie und Demokratie e.V. zum Tode ihres Kuratoriumsmitglieds Herrn Bundesminister a.D. Dr. Norbert Bl\u00fcm - Stiftung f\u00fcr \u00d6kologie und Demokratie e.V.","description":"Die Stiftung f\u00fcr \u00d6kologie und Demokratie ist eine gemeinn\u00fctzige Organisation, ein auf Bundesebene von der Bundeszentrale f\u00fcr politische Bildung (BpB) anerkannter Tr\u00e4ger der politischen Bildung, der sich vor allem f\u00fcr Umwelt und die politische \u00d6kologie einsetzt.","robots":{"index":"index","follow":"follow","max-snippet":"max-snippet:-1","max-image-preview":"max-image-preview:large","max-video-preview":"max-video-preview:-1"},"canonical":"https:\/\/www.stiftung-oekologie-u-demokratie.de\/T\/nachruf-der-stiftung-fuer-oekologie-und-demokratie-e-v-zum-tode-ihres-kuratoriumsmitglieds-herrn-bundesminister-a-d-dr-norbert-bluem\/","og_locale":"de_DE","og_type":"article","og_title":"Nachruf der Stiftung f\u00fcr \u00d6kologie und Demokratie e.V. zum Tode ihres Kuratoriumsmitglieds Herrn Bundesminister a.D. Dr. Norbert Bl\u00fcm - Stiftung f\u00fcr \u00d6kologie und Demokratie e.V.","og_description":"Die Stiftung f\u00fcr \u00d6kologie und Demokratie ist eine gemeinn\u00fctzige Organisation, ein auf Bundesebene von der Bundeszentrale f\u00fcr politische Bildung (BpB) anerkannter Tr\u00e4ger der politischen Bildung, der sich vor allem f\u00fcr Umwelt und die politische \u00d6kologie einsetzt.","og_url":"https:\/\/www.stiftung-oekologie-u-demokratie.de\/T\/nachruf-der-stiftung-fuer-oekologie-und-demokratie-e-v-zum-tode-ihres-kuratoriumsmitglieds-herrn-bundesminister-a-d-dr-norbert-bluem\/","og_site_name":"Stiftung f\u00fcr \u00d6kologie und Demokratie e.V.","article_published_time":"2020-04-24T20:49:35+00:00","article_modified_time":"2020-04-24T20:50:25+00:00","og_image":[{"width":579,"height":423,"url":"https:\/\/www.stiftung-oekologie-u-demokratie.de\/T\/wp-content\/uploads\/2015\/09\/15_37_BN_AuszeichnNorbertBluemGoldeneBaum_21-e1609856905984.jpg","type":"image\/jpeg"}],"author":"admin","twitter_card":"summary_large_image","twitter_misc":{"Verfasst von":"admin","Gesch\u00e4tzte Lesezeit":"8\u00a0Minuten"},"schema":{"@context":"https:\/\/schema.org","@graph":[{"@type":"WebPage","@id":"https:\/\/www.stiftung-oekologie-u-demokratie.de\/T\/nachruf-der-stiftung-fuer-oekologie-und-demokratie-e-v-zum-tode-ihres-kuratoriumsmitglieds-herrn-bundesminister-a-d-dr-norbert-bluem\/","url":"https:\/\/www.stiftung-oekologie-u-demokratie.de\/T\/nachruf-der-stiftung-fuer-oekologie-und-demokratie-e-v-zum-tode-ihres-kuratoriumsmitglieds-herrn-bundesminister-a-d-dr-norbert-bluem\/","name":"Nachruf der Stiftung f\u00fcr \u00d6kologie und Demokratie e.V. zum Tode ihres Kuratoriumsmitglieds Herrn Bundesminister a.D. Dr. Norbert Bl\u00fcm - Stiftung f\u00fcr \u00d6kologie und Demokratie e.V.","isPartOf":{"@id":"https:\/\/www.stiftung-oekologie-u-demokratie.de\/T\/#website"},"primaryImageOfPage":{"@id":"https:\/\/www.stiftung-oekologie-u-demokratie.de\/T\/nachruf-der-stiftung-fuer-oekologie-und-demokratie-e-v-zum-tode-ihres-kuratoriumsmitglieds-herrn-bundesminister-a-d-dr-norbert-bluem\/#primaryimage"},"image":{"@id":"https:\/\/www.stiftung-oekologie-u-demokratie.de\/T\/nachruf-der-stiftung-fuer-oekologie-und-demokratie-e-v-zum-tode-ihres-kuratoriumsmitglieds-herrn-bundesminister-a-d-dr-norbert-bluem\/#primaryimage"},"thumbnailUrl":"https:\/\/www.stiftung-oekologie-u-demokratie.de\/T\/wp-content\/uploads\/2015\/09\/15_37_BN_AuszeichnNorbertBluemGoldeneBaum_21-e1609856905984.jpg","datePublished":"2020-04-24T20:49:35+00:00","dateModified":"2020-04-24T20:50:25+00:00","author":{"@id":"https:\/\/www.stiftung-oekologie-u-demokratie.de\/T\/#\/schema\/person\/d256d4d56b82b746a9ccff0c5bf259e3"},"description":"Die Stiftung f\u00fcr \u00d6kologie und Demokratie ist eine gemeinn\u00fctzige Organisation, ein auf Bundesebene von der Bundeszentrale f\u00fcr politische Bildung (BpB) anerkannter Tr\u00e4ger der politischen Bildung, der sich vor allem f\u00fcr Umwelt und die politische \u00d6kologie einsetzt.","breadcrumb":{"@id":"https:\/\/www.stiftung-oekologie-u-demokratie.de\/T\/nachruf-der-stiftung-fuer-oekologie-und-demokratie-e-v-zum-tode-ihres-kuratoriumsmitglieds-herrn-bundesminister-a-d-dr-norbert-bluem\/#breadcrumb"},"inLanguage":"de","potentialAction":[{"@type":"ReadAction","target":["https:\/\/www.stiftung-oekologie-u-demokratie.de\/T\/nachruf-der-stiftung-fuer-oekologie-und-demokratie-e-v-zum-tode-ihres-kuratoriumsmitglieds-herrn-bundesminister-a-d-dr-norbert-bluem\/"]}]},{"@type":"ImageObject","inLanguage":"de","@id":"https:\/\/www.stiftung-oekologie-u-demokratie.de\/T\/nachruf-der-stiftung-fuer-oekologie-und-demokratie-e-v-zum-tode-ihres-kuratoriumsmitglieds-herrn-bundesminister-a-d-dr-norbert-bluem\/#primaryimage","url":"https:\/\/www.stiftung-oekologie-u-demokratie.de\/T\/wp-content\/uploads\/2015\/09\/15_37_BN_AuszeichnNorbertBluemGoldeneBaum_21-e1609856905984.jpg","contentUrl":"https:\/\/www.stiftung-oekologie-u-demokratie.de\/T\/wp-content\/uploads\/2015\/09\/15_37_BN_AuszeichnNorbertBluemGoldeneBaum_21-e1609856905984.jpg","width":579,"height":423},{"@type":"BreadcrumbList","@id":"https:\/\/www.stiftung-oekologie-u-demokratie.de\/T\/nachruf-der-stiftung-fuer-oekologie-und-demokratie-e-v-zum-tode-ihres-kuratoriumsmitglieds-herrn-bundesminister-a-d-dr-norbert-bluem\/#breadcrumb","itemListElement":[{"@type":"ListItem","position":1,"name":"Home","item":"https:\/\/www.stiftung-oekologie-u-demokratie.de\/T\/"},{"@type":"ListItem","position":2,"name":"Nachruf der Stiftung f\u00fcr \u00d6kologie und Demokratie e.V. zum Tode ihres Kuratoriumsmitglieds Herrn Bundesminister a.D. Dr. Norbert Bl\u00fcm"}]},{"@type":"WebSite","@id":"https:\/\/www.stiftung-oekologie-u-demokratie.de\/T\/#website","url":"https:\/\/www.stiftung-oekologie-u-demokratie.de\/T\/","name":"Stiftung f\u00fcr \u00d6kologie und Demokratie e.V.","description":"Stiftung f\u00fcr \u00d6kologie und Demokratie e.V.","potentialAction":[{"@type":"SearchAction","target":{"@type":"EntryPoint","urlTemplate":"https:\/\/www.stiftung-oekologie-u-demokratie.de\/T\/?s={search_term_string}"},"query-input":{"@type":"PropertyValueSpecification","valueRequired":true,"valueName":"search_term_string"}}],"inLanguage":"de"},{"@type":"Person","@id":"https:\/\/www.stiftung-oekologie-u-demokratie.de\/T\/#\/schema\/person\/d256d4d56b82b746a9ccff0c5bf259e3","name":"admin","url":"https:\/\/www.stiftung-oekologie-u-demokratie.de\/T\/author\/admin\/"}]}},"_links":{"self":[{"href":"https:\/\/www.stiftung-oekologie-u-demokratie.de\/T\/wp-json\/wp\/v2\/posts\/1200","targetHints":{"allow":["GET"]}}],"collection":[{"href":"https:\/\/www.stiftung-oekologie-u-demokratie.de\/T\/wp-json\/wp\/v2\/posts"}],"about":[{"href":"https:\/\/www.stiftung-oekologie-u-demokratie.de\/T\/wp-json\/wp\/v2\/types\/post"}],"author":[{"embeddable":true,"href":"https:\/\/www.stiftung-oekologie-u-demokratie.de\/T\/wp-json\/wp\/v2\/users\/1"}],"replies":[{"embeddable":true,"href":"https:\/\/www.stiftung-oekologie-u-demokratie.de\/T\/wp-json\/wp\/v2\/comments?post=1200"}],"version-history":[{"count":4,"href":"https:\/\/www.stiftung-oekologie-u-demokratie.de\/T\/wp-json\/wp\/v2\/posts\/1200\/revisions"}],"predecessor-version":[{"id":1205,"href":"https:\/\/www.stiftung-oekologie-u-demokratie.de\/T\/wp-json\/wp\/v2\/posts\/1200\/revisions\/1205"}],"wp:featuredmedia":[{"embeddable":true,"href":"https:\/\/www.stiftung-oekologie-u-demokratie.de\/T\/wp-json\/wp\/v2\/media\/647"}],"wp:attachment":[{"href":"https:\/\/www.stiftung-oekologie-u-demokratie.de\/T\/wp-json\/wp\/v2\/media?parent=1200"}],"wp:term":[{"taxonomy":"category","embeddable":true,"href":"https:\/\/www.stiftung-oekologie-u-demokratie.de\/T\/wp-json\/wp\/v2\/categories?post=1200"},{"taxonomy":"post_tag","embeddable":true,"href":"https:\/\/www.stiftung-oekologie-u-demokratie.de\/T\/wp-json\/wp\/v2\/tags?post=1200"}],"curies":[{"name":"wp","href":"https:\/\/api.w.org\/{rel}","templated":true}]}}