{"id":1146,"date":"2019-12-31T15:10:57","date_gmt":"2019-12-31T13:10:57","guid":{"rendered":"https:\/\/www.stiftung-oekologie-u-demokratie.de\/T\/?p=1146"},"modified":"2020-01-01T11:42:56","modified_gmt":"2020-01-01T09:42:56","slug":"neujahrsansprache-des-praesidenten-der-stiftung-fuer-oekologie-und-demokratie-hans-joachim-ritter","status":"publish","type":"post","link":"https:\/\/www.stiftung-oekologie-u-demokratie.de\/T\/neujahrsansprache-des-praesidenten-der-stiftung-fuer-oekologie-und-demokratie-hans-joachim-ritter\/","title":{"rendered":"Neujahrsansprache des Pr\u00e4sidenten der Stiftung f\u00fcr \u00d6kologie und Demokratie, Hans-Joachim Ritter"},"content":{"rendered":"<p>Liebe B\u00fcrgerinnen und B\u00fcrger,<br \/>\ndie letzten vergangenen Jahre waren die w\u00e4rmsten seit der Wetteraufzeichnungen im Jahre 1881. Wir alle bekamen die Auswirkungen des Klimawandels durch extreme Hitze und Trockenheit, St\u00fcrmen und Starkregen bereits deutlich zu sp\u00fcren. Wenn die Staatengemeinschaft weltweit nicht zu mehr und wirksameren Klimaschutzma\u00dfnahmen bereit ist, werden die Auswirkungen des Klimawandels auch in unseren Breiten bald\u00a0 unertr\u00e4glich. Die Weltklimakonferenz in Madrid endete mit einem v\u00f6llig unbefriedigendem Kompromi\u00df. Nach heutigem Stand sieht es nicht so aus, dass das Klimaziel der Pariser Klimarahmenvereinbarung erreicht werden kann. Drastische Klimaauswirkungen weltweit werden die Folge sein, auch wenn dies die\u00a0 Staatspr\u00e4sidenten der USA und Brasilien nicht wahrhaben wollen. Klimaschutz und Klimawandelanpassung sind gro\u00dfe Themen, f\u00fcr die wir uns schon seit Jahren einsetzen.<br \/>\nAktuell f\u00fchren wir das Projekt \u201eKlimawandelAnpassungsCOACH_RLP\u201c durch, mit dem 14 Kommunen in Rheinland-Pfalz im Hinblick auf die Auswirkungen des Klimawandels von uns gecoacht werden. Mit dem Netzwerkprojekt \u201egrEEN Palatina\u201c unserer EnergieAgentur Speyer-Neustadt\/S\u00fcdpfalz coachen wir 10 gro\u00dfe produzierende\u00a0 Industrieunternehmen, um Energie, Kosten und CO 2 einzusparen. Ebenfalls sind wir mit unserer EnergieAgentur an einem Pilotprojekt zur Wasserstofftechnologie in der Region Rhein-Neckar beteiligt, einer echten Zukunftstechnologie, die Speicherf\u00e4higkeit besitzt und der bisher leider zu wenig Beachtung geschenkt wurde.<br \/>\nAm Anfang des Neuen Jahres 2020 stehen wir aber noch vor vielen weiteren gro\u00dfen Herausforderungen:<br \/>\nVor allem blicken wir mit einer gewissen Hilflosigkeit auf die zahlreichen kriegerischen Konflikte wie beispielsweise im Nahen Osten, vor allem in Syrien, aber auch die st\u00e4ndigen milit\u00e4rischen Drohungen und Steigerung der R\u00fcstungsspirale durch\u00a0 machthungrige Despoten auf der Weltb\u00fchne. Mit dem Jahr 2020 stehen wir im 75. Jahr des Friedens nach dem 2. Weltkrieg. Viele Generationen vor uns hatten nicht das Gl\u00fcck, so lange Friedenszeiten zu erleben. Deshalb ist es wichtig, dass Europa ein Hort des Friedens und der Stabilit\u00e4t bleibt. Symbole der europ\u00e4ischen Idee, der Einheit, des Friedens und der christlichen Werte sind die gro\u00dfen romanischen und gotischen Dome zu Speyer, Aachen, K\u00f6ln, Paris, Reims und Metz.<br \/>\nNach wie vor ist die Migration eine gro\u00dfe Herausforderung. Kriege aber auch der Klimawandel sind h\u00e4ufige Ursachen der Fl\u00fcchtlingsstr\u00f6me. Doch weithin versagt die Entwicklungs-<br \/>\nhilfepolitik, die nach dem Grundsatz handeln sollte \u201eHilfe zur Selbsthilfe\u201c, um dadurch zur Fluchtursachenbek\u00e4mpfung beizutragen.<\/p>\n<p>Erfreulicherweise setzen sich viele in unserem Land \u2013 zum Teil mit Erfolg \u2013 ein wie das Volksbegehren der \u00d6DP in Bayern zum Schutz der Biodiversit\u00e4t und der Bienen f\u00fcr den Natur- und Tierschutz. F\u00fcr den Klimaschutz, den Tier- und Naturschutz lassen sich Hunderttausende bewegen, auf die Stra\u00dfe zu gehen. Wir sehen allerdings mit Sorge, dass sich im Vergleich dazu noch zu wenige Menschen einsetzen, wenn es um das menschliche Leben geht, sowohl am Anfang durch T\u00f6tung des ungeborenen Lebens als auch am Lebensende durch T\u00f6tung durch Verlangen. Immerhin waren beim letzten \u201eMarsch f\u00fcr das Leben\u201c der Lebensschutz-organisationen im September in Berlin mit rund 8.000 Menschen mehr als je zuvor auf den Beinen, um f\u00fcr das menschliche Leben zu demonstrieren. Doch wer sich daf\u00fcr einsetzt, wird meist ausgegrenzt, nicht nur als \u201ekonservativ\u201c und \u201efrauenfeindlich\u201c, sondern h\u00e4ufig sogar als \u201ereaktion\u00e4r\u201c, \u201erechts\u201c, \u201ebraun\u201c und \u201efaschistisch\u201c diskriminiert. Gerade konservative Parteien sollten den Mut aufbringen, sich klarer zu positionieren.<br \/>\nAuch bei der politisch gew\u00fcnschten verst\u00e4rkten Digitalisierung sehen wir gro\u00dfe Probleme, insbesondere bei 5G. Zum Einen drohen gesundheitliche Gefahren durch zunehmende Verstrahlung aufgrund weiterer Sendeanlagen, zum Anderen f\u00fcrchten wir negative Auswirkungen auf unsere Demokratie durch Manipulation von Meinungen und schlie\u00dflich m\u00f6chten wir warnen vor dem zu fr\u00fchen und schrankenlosen Gebrauch des Internets von Kindern und Jugendlichen. Zahlreiche P\u00e4dagogen warnen bereits seit l\u00e4ngerer Zeit davor.<br \/>\nNeben vielen Gefahren und Bedrohungen, die uns umgeben, sollten wir stets auch das Positive sehen und daran arbeiten, dass sich die Welt im guten Sinne weiter entwickelt. Dazu m\u00f6chte ich Sie herzlich ermutigen, die M\u00f6glichkeiten, die uns allen zur Verf\u00fcgung stehen, aktiv zu ergreifen.<br \/>\nIn diesem Sinne w\u00fcnsche ich Ihnen ein gelingendes, erfolgreiches und friedliches Jahr 2020<\/p>\n<p>Ihr<\/p>\n<p>Hans-Joachim Ritter<\/p>\n<p><a href=\"https:\/\/www.stiftung-oekologie-u-demokratie.de\/T\/wp-content\/uploads\/2019\/12\/Neujahrsansprache-2020-des-Pra\u0308sidenten-der-Stiftung-fu\u0308r-O\u0308kologie-und-Demokratie.pdf\">Neujahrsansprache 2020 als PDF<\/a><\/p>\n","protected":false},"excerpt":{"rendered":"<p>Liebe B\u00fcrgerinnen und B\u00fcrger, die letzten vergangenen Jahre waren die w\u00e4rmsten seit der Wetteraufzeichnungen im Jahre 1881. Wir alle bekamen die Auswirkungen des Klimawandels durch extreme Hitze und Trockenheit, St\u00fcrmen und Starkregen bereits deutlich zu sp\u00fcren. Wenn die Staatengemeinschaft weltweit nicht zu mehr und wirksameren Klimaschutzma\u00dfnahmen bereit ist, werden die Auswirkungen des Klimawandels auch in&hellip;<\/p>\n","protected":false},"author":1,"featured_media":1152,"comment_status":"closed","ping_status":"open","sticky":false,"template":"","format":"standard","meta":[],"categories":[3],"tags":[],"class_list":["post-1146","post","type-post","status-publish","format-standard","has-post-thumbnail","hentry","category-aktuell","category-3","description-off"],"yoast_head":"<!-- This site is optimized with the Yoast SEO plugin v25.9 - https:\/\/yoast.com\/wordpress\/plugins\/seo\/ -->\n<title>Neujahrsansprache des Pr\u00e4sidenten der Stiftung f\u00fcr \u00d6kologie und Demokratie, Hans-Joachim Ritter - Stiftung f\u00fcr \u00d6kologie und Demokratie e.V.<\/title>\n<meta name=\"description\" content=\"Die Stiftung f\u00fcr \u00d6kologie und Demokratie ist eine gemeinn\u00fctzige Organisation, ein auf Bundesebene von der Bundeszentrale f\u00fcr politische Bildung (BpB) anerkannter Tr\u00e4ger der politischen Bildung, der sich vor allem f\u00fcr Umwelt und die politische \u00d6kologie einsetzt.\" \/>\n<meta name=\"robots\" content=\"index, follow, max-snippet:-1, max-image-preview:large, max-video-preview:-1\" \/>\n<link rel=\"canonical\" href=\"https:\/\/www.stiftung-oekologie-u-demokratie.de\/T\/neujahrsansprache-des-praesidenten-der-stiftung-fuer-oekologie-und-demokratie-hans-joachim-ritter\/\" \/>\n<meta property=\"og:locale\" content=\"de_DE\" \/>\n<meta property=\"og:type\" content=\"article\" \/>\n<meta property=\"og:title\" content=\"Neujahrsansprache des Pr\u00e4sidenten der Stiftung f\u00fcr \u00d6kologie und Demokratie, Hans-Joachim Ritter - Stiftung f\u00fcr \u00d6kologie und Demokratie e.V.\" \/>\n<meta property=\"og:description\" content=\"Die Stiftung f\u00fcr \u00d6kologie und Demokratie ist eine gemeinn\u00fctzige Organisation, ein auf Bundesebene von der Bundeszentrale f\u00fcr politische Bildung (BpB) anerkannter Tr\u00e4ger der politischen Bildung, der sich vor allem f\u00fcr Umwelt und die politische \u00d6kologie einsetzt.\" \/>\n<meta property=\"og:url\" content=\"https:\/\/www.stiftung-oekologie-u-demokratie.de\/T\/neujahrsansprache-des-praesidenten-der-stiftung-fuer-oekologie-und-demokratie-hans-joachim-ritter\/\" \/>\n<meta property=\"og:site_name\" content=\"Stiftung f\u00fcr \u00d6kologie und Demokratie e.V.\" \/>\n<meta property=\"article:published_time\" content=\"2019-12-31T13:10:57+00:00\" \/>\n<meta property=\"article:modified_time\" content=\"2020-01-01T09:42:56+00:00\" \/>\n<meta property=\"og:image\" content=\"https:\/\/www.stiftung-oekologie-u-demokratie.de\/T\/wp-content\/uploads\/2019\/12\/Ritter-002.jpg\" \/>\n\t<meta property=\"og:image:width\" content=\"1620\" \/>\n\t<meta property=\"og:image:height\" content=\"1080\" \/>\n\t<meta property=\"og:image:type\" content=\"image\/jpeg\" \/>\n<meta name=\"author\" content=\"admin\" \/>\n<meta name=\"twitter:card\" content=\"summary_large_image\" \/>\n<meta name=\"twitter:label1\" content=\"Verfasst von\" \/>\n\t<meta name=\"twitter:data1\" content=\"admin\" \/>\n\t<meta name=\"twitter:label2\" content=\"Gesch\u00e4tzte Lesezeit\" \/>\n\t<meta name=\"twitter:data2\" content=\"3\u00a0Minuten\" \/>\n<script type=\"application\/ld+json\" class=\"yoast-schema-graph\">{\"@context\":\"https:\/\/schema.org\",\"@graph\":[{\"@type\":\"WebPage\",\"@id\":\"https:\/\/www.stiftung-oekologie-u-demokratie.de\/T\/neujahrsansprache-des-praesidenten-der-stiftung-fuer-oekologie-und-demokratie-hans-joachim-ritter\/\",\"url\":\"https:\/\/www.stiftung-oekologie-u-demokratie.de\/T\/neujahrsansprache-des-praesidenten-der-stiftung-fuer-oekologie-und-demokratie-hans-joachim-ritter\/\",\"name\":\"Neujahrsansprache des Pr\u00e4sidenten der Stiftung f\u00fcr \u00d6kologie und Demokratie, Hans-Joachim Ritter - Stiftung f\u00fcr \u00d6kologie und Demokratie e.V.\",\"isPartOf\":{\"@id\":\"https:\/\/www.stiftung-oekologie-u-demokratie.de\/T\/#website\"},\"primaryImageOfPage\":{\"@id\":\"https:\/\/www.stiftung-oekologie-u-demokratie.de\/T\/neujahrsansprache-des-praesidenten-der-stiftung-fuer-oekologie-und-demokratie-hans-joachim-ritter\/#primaryimage\"},\"image\":{\"@id\":\"https:\/\/www.stiftung-oekologie-u-demokratie.de\/T\/neujahrsansprache-des-praesidenten-der-stiftung-fuer-oekologie-und-demokratie-hans-joachim-ritter\/#primaryimage\"},\"thumbnailUrl\":\"https:\/\/www.stiftung-oekologie-u-demokratie.de\/T\/wp-content\/uploads\/2019\/12\/Ritter-002.jpg\",\"datePublished\":\"2019-12-31T13:10:57+00:00\",\"dateModified\":\"2020-01-01T09:42:56+00:00\",\"author\":{\"@id\":\"https:\/\/www.stiftung-oekologie-u-demokratie.de\/T\/#\/schema\/person\/d256d4d56b82b746a9ccff0c5bf259e3\"},\"description\":\"Die Stiftung f\u00fcr \u00d6kologie und Demokratie ist eine gemeinn\u00fctzige Organisation, ein auf Bundesebene von der Bundeszentrale f\u00fcr politische Bildung (BpB) anerkannter Tr\u00e4ger der politischen Bildung, der sich vor allem f\u00fcr Umwelt und die politische \u00d6kologie einsetzt.\",\"breadcrumb\":{\"@id\":\"https:\/\/www.stiftung-oekologie-u-demokratie.de\/T\/neujahrsansprache-des-praesidenten-der-stiftung-fuer-oekologie-und-demokratie-hans-joachim-ritter\/#breadcrumb\"},\"inLanguage\":\"de\",\"potentialAction\":[{\"@type\":\"ReadAction\",\"target\":[\"https:\/\/www.stiftung-oekologie-u-demokratie.de\/T\/neujahrsansprache-des-praesidenten-der-stiftung-fuer-oekologie-und-demokratie-hans-joachim-ritter\/\"]}]},{\"@type\":\"ImageObject\",\"inLanguage\":\"de\",\"@id\":\"https:\/\/www.stiftung-oekologie-u-demokratie.de\/T\/neujahrsansprache-des-praesidenten-der-stiftung-fuer-oekologie-und-demokratie-hans-joachim-ritter\/#primaryimage\",\"url\":\"https:\/\/www.stiftung-oekologie-u-demokratie.de\/T\/wp-content\/uploads\/2019\/12\/Ritter-002.jpg\",\"contentUrl\":\"https:\/\/www.stiftung-oekologie-u-demokratie.de\/T\/wp-content\/uploads\/2019\/12\/Ritter-002.jpg\",\"width\":1620,\"height\":1080},{\"@type\":\"BreadcrumbList\",\"@id\":\"https:\/\/www.stiftung-oekologie-u-demokratie.de\/T\/neujahrsansprache-des-praesidenten-der-stiftung-fuer-oekologie-und-demokratie-hans-joachim-ritter\/#breadcrumb\",\"itemListElement\":[{\"@type\":\"ListItem\",\"position\":1,\"name\":\"Home\",\"item\":\"https:\/\/www.stiftung-oekologie-u-demokratie.de\/T\/\"},{\"@type\":\"ListItem\",\"position\":2,\"name\":\"Neujahrsansprache des Pr\u00e4sidenten der Stiftung f\u00fcr \u00d6kologie und Demokratie, Hans-Joachim Ritter\"}]},{\"@type\":\"WebSite\",\"@id\":\"https:\/\/www.stiftung-oekologie-u-demokratie.de\/T\/#website\",\"url\":\"https:\/\/www.stiftung-oekologie-u-demokratie.de\/T\/\",\"name\":\"Stiftung f\u00fcr \u00d6kologie und Demokratie e.V.\",\"description\":\"Stiftung f\u00fcr \u00d6kologie und Demokratie e.V.\",\"potentialAction\":[{\"@type\":\"SearchAction\",\"target\":{\"@type\":\"EntryPoint\",\"urlTemplate\":\"https:\/\/www.stiftung-oekologie-u-demokratie.de\/T\/?s={search_term_string}\"},\"query-input\":{\"@type\":\"PropertyValueSpecification\",\"valueRequired\":true,\"valueName\":\"search_term_string\"}}],\"inLanguage\":\"de\"},{\"@type\":\"Person\",\"@id\":\"https:\/\/www.stiftung-oekologie-u-demokratie.de\/T\/#\/schema\/person\/d256d4d56b82b746a9ccff0c5bf259e3\",\"name\":\"admin\",\"url\":\"https:\/\/www.stiftung-oekologie-u-demokratie.de\/T\/author\/admin\/\"}]}<\/script>\n<!-- \/ Yoast SEO plugin. -->","yoast_head_json":{"title":"Neujahrsansprache des Pr\u00e4sidenten der Stiftung f\u00fcr \u00d6kologie und Demokratie, Hans-Joachim Ritter - Stiftung f\u00fcr \u00d6kologie und Demokratie e.V.","description":"Die Stiftung f\u00fcr \u00d6kologie und Demokratie ist eine gemeinn\u00fctzige Organisation, ein auf Bundesebene von der Bundeszentrale f\u00fcr politische Bildung (BpB) anerkannter Tr\u00e4ger der politischen Bildung, der sich vor allem f\u00fcr Umwelt und die politische \u00d6kologie einsetzt.","robots":{"index":"index","follow":"follow","max-snippet":"max-snippet:-1","max-image-preview":"max-image-preview:large","max-video-preview":"max-video-preview:-1"},"canonical":"https:\/\/www.stiftung-oekologie-u-demokratie.de\/T\/neujahrsansprache-des-praesidenten-der-stiftung-fuer-oekologie-und-demokratie-hans-joachim-ritter\/","og_locale":"de_DE","og_type":"article","og_title":"Neujahrsansprache des Pr\u00e4sidenten der Stiftung f\u00fcr \u00d6kologie und Demokratie, Hans-Joachim Ritter - Stiftung f\u00fcr \u00d6kologie und Demokratie e.V.","og_description":"Die Stiftung f\u00fcr \u00d6kologie und Demokratie ist eine gemeinn\u00fctzige Organisation, ein auf Bundesebene von der Bundeszentrale f\u00fcr politische Bildung (BpB) anerkannter Tr\u00e4ger der politischen Bildung, der sich vor allem f\u00fcr Umwelt und die politische \u00d6kologie einsetzt.","og_url":"https:\/\/www.stiftung-oekologie-u-demokratie.de\/T\/neujahrsansprache-des-praesidenten-der-stiftung-fuer-oekologie-und-demokratie-hans-joachim-ritter\/","og_site_name":"Stiftung f\u00fcr \u00d6kologie und Demokratie e.V.","article_published_time":"2019-12-31T13:10:57+00:00","article_modified_time":"2020-01-01T09:42:56+00:00","og_image":[{"width":1620,"height":1080,"url":"https:\/\/www.stiftung-oekologie-u-demokratie.de\/T\/wp-content\/uploads\/2019\/12\/Ritter-002.jpg","type":"image\/jpeg"}],"author":"admin","twitter_card":"summary_large_image","twitter_misc":{"Verfasst von":"admin","Gesch\u00e4tzte Lesezeit":"3\u00a0Minuten"},"schema":{"@context":"https:\/\/schema.org","@graph":[{"@type":"WebPage","@id":"https:\/\/www.stiftung-oekologie-u-demokratie.de\/T\/neujahrsansprache-des-praesidenten-der-stiftung-fuer-oekologie-und-demokratie-hans-joachim-ritter\/","url":"https:\/\/www.stiftung-oekologie-u-demokratie.de\/T\/neujahrsansprache-des-praesidenten-der-stiftung-fuer-oekologie-und-demokratie-hans-joachim-ritter\/","name":"Neujahrsansprache des Pr\u00e4sidenten der Stiftung f\u00fcr \u00d6kologie und Demokratie, Hans-Joachim Ritter - Stiftung f\u00fcr \u00d6kologie und Demokratie e.V.","isPartOf":{"@id":"https:\/\/www.stiftung-oekologie-u-demokratie.de\/T\/#website"},"primaryImageOfPage":{"@id":"https:\/\/www.stiftung-oekologie-u-demokratie.de\/T\/neujahrsansprache-des-praesidenten-der-stiftung-fuer-oekologie-und-demokratie-hans-joachim-ritter\/#primaryimage"},"image":{"@id":"https:\/\/www.stiftung-oekologie-u-demokratie.de\/T\/neujahrsansprache-des-praesidenten-der-stiftung-fuer-oekologie-und-demokratie-hans-joachim-ritter\/#primaryimage"},"thumbnailUrl":"https:\/\/www.stiftung-oekologie-u-demokratie.de\/T\/wp-content\/uploads\/2019\/12\/Ritter-002.jpg","datePublished":"2019-12-31T13:10:57+00:00","dateModified":"2020-01-01T09:42:56+00:00","author":{"@id":"https:\/\/www.stiftung-oekologie-u-demokratie.de\/T\/#\/schema\/person\/d256d4d56b82b746a9ccff0c5bf259e3"},"description":"Die Stiftung f\u00fcr \u00d6kologie und Demokratie ist eine gemeinn\u00fctzige Organisation, ein auf Bundesebene von der Bundeszentrale f\u00fcr politische Bildung (BpB) anerkannter Tr\u00e4ger der politischen Bildung, der sich vor allem f\u00fcr Umwelt und die politische \u00d6kologie einsetzt.","breadcrumb":{"@id":"https:\/\/www.stiftung-oekologie-u-demokratie.de\/T\/neujahrsansprache-des-praesidenten-der-stiftung-fuer-oekologie-und-demokratie-hans-joachim-ritter\/#breadcrumb"},"inLanguage":"de","potentialAction":[{"@type":"ReadAction","target":["https:\/\/www.stiftung-oekologie-u-demokratie.de\/T\/neujahrsansprache-des-praesidenten-der-stiftung-fuer-oekologie-und-demokratie-hans-joachim-ritter\/"]}]},{"@type":"ImageObject","inLanguage":"de","@id":"https:\/\/www.stiftung-oekologie-u-demokratie.de\/T\/neujahrsansprache-des-praesidenten-der-stiftung-fuer-oekologie-und-demokratie-hans-joachim-ritter\/#primaryimage","url":"https:\/\/www.stiftung-oekologie-u-demokratie.de\/T\/wp-content\/uploads\/2019\/12\/Ritter-002.jpg","contentUrl":"https:\/\/www.stiftung-oekologie-u-demokratie.de\/T\/wp-content\/uploads\/2019\/12\/Ritter-002.jpg","width":1620,"height":1080},{"@type":"BreadcrumbList","@id":"https:\/\/www.stiftung-oekologie-u-demokratie.de\/T\/neujahrsansprache-des-praesidenten-der-stiftung-fuer-oekologie-und-demokratie-hans-joachim-ritter\/#breadcrumb","itemListElement":[{"@type":"ListItem","position":1,"name":"Home","item":"https:\/\/www.stiftung-oekologie-u-demokratie.de\/T\/"},{"@type":"ListItem","position":2,"name":"Neujahrsansprache des Pr\u00e4sidenten der Stiftung f\u00fcr \u00d6kologie und Demokratie, Hans-Joachim Ritter"}]},{"@type":"WebSite","@id":"https:\/\/www.stiftung-oekologie-u-demokratie.de\/T\/#website","url":"https:\/\/www.stiftung-oekologie-u-demokratie.de\/T\/","name":"Stiftung f\u00fcr \u00d6kologie und Demokratie e.V.","description":"Stiftung f\u00fcr \u00d6kologie und Demokratie e.V.","potentialAction":[{"@type":"SearchAction","target":{"@type":"EntryPoint","urlTemplate":"https:\/\/www.stiftung-oekologie-u-demokratie.de\/T\/?s={search_term_string}"},"query-input":{"@type":"PropertyValueSpecification","valueRequired":true,"valueName":"search_term_string"}}],"inLanguage":"de"},{"@type":"Person","@id":"https:\/\/www.stiftung-oekologie-u-demokratie.de\/T\/#\/schema\/person\/d256d4d56b82b746a9ccff0c5bf259e3","name":"admin","url":"https:\/\/www.stiftung-oekologie-u-demokratie.de\/T\/author\/admin\/"}]}},"_links":{"self":[{"href":"https:\/\/www.stiftung-oekologie-u-demokratie.de\/T\/wp-json\/wp\/v2\/posts\/1146","targetHints":{"allow":["GET"]}}],"collection":[{"href":"https:\/\/www.stiftung-oekologie-u-demokratie.de\/T\/wp-json\/wp\/v2\/posts"}],"about":[{"href":"https:\/\/www.stiftung-oekologie-u-demokratie.de\/T\/wp-json\/wp\/v2\/types\/post"}],"author":[{"embeddable":true,"href":"https:\/\/www.stiftung-oekologie-u-demokratie.de\/T\/wp-json\/wp\/v2\/users\/1"}],"replies":[{"embeddable":true,"href":"https:\/\/www.stiftung-oekologie-u-demokratie.de\/T\/wp-json\/wp\/v2\/comments?post=1146"}],"version-history":[{"count":5,"href":"https:\/\/www.stiftung-oekologie-u-demokratie.de\/T\/wp-json\/wp\/v2\/posts\/1146\/revisions"}],"predecessor-version":[{"id":1155,"href":"https:\/\/www.stiftung-oekologie-u-demokratie.de\/T\/wp-json\/wp\/v2\/posts\/1146\/revisions\/1155"}],"wp:featuredmedia":[{"embeddable":true,"href":"https:\/\/www.stiftung-oekologie-u-demokratie.de\/T\/wp-json\/wp\/v2\/media\/1152"}],"wp:attachment":[{"href":"https:\/\/www.stiftung-oekologie-u-demokratie.de\/T\/wp-json\/wp\/v2\/media?parent=1146"}],"wp:term":[{"taxonomy":"category","embeddable":true,"href":"https:\/\/www.stiftung-oekologie-u-demokratie.de\/T\/wp-json\/wp\/v2\/categories?post=1146"},{"taxonomy":"post_tag","embeddable":true,"href":"https:\/\/www.stiftung-oekologie-u-demokratie.de\/T\/wp-json\/wp\/v2\/tags?post=1146"}],"curies":[{"name":"wp","href":"https:\/\/api.w.org\/{rel}","templated":true}]}}