{"id":1098,"date":"2019-05-14T10:30:43","date_gmt":"2019-05-14T08:30:43","guid":{"rendered":"https:\/\/www.stiftung-oekologie-u-demokratie.de\/T\/?p=1098"},"modified":"2019-08-15T14:26:15","modified_gmt":"2019-08-15T12:26:15","slug":"nachruf-zum-tod-unseres-ehrenmitglieds-henry-guenther","status":"publish","type":"post","link":"https:\/\/www.stiftung-oekologie-u-demokratie.de\/T\/nachruf-zum-tod-unseres-ehrenmitglieds-henry-guenther\/","title":{"rendered":"Nachruf zum Tod unseres Ehrenmitglieds Henry G\u00fcnther"},"content":{"rendered":"<p>Am 22. April 2019 verstarb im Alter von 94 Jahren unser ehemaliger Schatzmeister und das Ehrenmitglied Henry G\u00fcnther aus Erlangen.<\/p>\n<p>Henry G\u00fcnther hat seit der Gr\u00fcndungsversammlung der Stiftung f\u00fcr \u00d6kologie und Demokratie e.V. am 12.9.1992 in Freiberg bis zur Mitgliederversammlung am 25.3.2006 in Erlangen das Amt des Schatzmeisters mit gro\u00dfer Sorgfalt und Gewissenhaftigkeit ausge\u00fcbt. Erst nach Vollendung seines 80. Lebensjahres wollte er nicht mehr f\u00fcr ein Vorstandsamt kandidieren.<\/p>\n<p>In W\u00fcrdigung seiner gro\u00dfen Verdienste als langj\u00e4hriger Schatzmeister der Stiftung f\u00fcr \u00d6kologie und Demokratie e.V. wurde Henry G\u00fcnther in der Mitgliederversammlung am 25.3.2006 mit der Ehrenmitgliedschaft ausgezeichnet.<\/p>\n<p>Henry G\u00fcnther war es stets wichtig, sich f\u00fcr die Erhaltung unserer nat\u00fcrlichen Lebensgrundlagen einzusetzen. Deshalb engagierte er sich politisch in der \u00d6kologisch-Demokratischen Partei (\u00d6DP) auf Bundes- und Landesebene, jeweils auf Vorstandsebene und gr\u00fcndete den \u00d6DP-Kreisverband Erlangen.<\/p>\n<p><a name=\"_GoBack\"><\/a> In den letzten Jahren konnte er aus gesundheitlichen Gr\u00fcnden nicht mehr reisen. Aufopferungsvoll k\u00fcmmerte er sich um seine kranke Frau, die bereits vor ihm verstarb.<\/p>\n<p>Mit dem Tod von Henry G\u00fcnther verliert die Stiftung f\u00fcr \u00d6kologie und Demokratie e.V. einen gradlinigen und stets angenehmen Zeitgenossen, der sich in fr\u00fcheren Jahren immer mit gro\u00dfem Engagement f\u00fcr seine politischen Ziele eingesetzt hat.<\/p>\n<p>Sein Lebenswerk erf\u00fcllt uns mit gro\u00dfer Dankbarkeit. Wir werden Henry G\u00fcnther in guter Erinnerung behalten und ihm deshalb stets ein ehrendes Andenken bewahren.<\/p>\n","protected":false},"excerpt":{"rendered":"<p>Am 22. April 2019 verstarb im Alter von 94 Jahren unser ehemaliger Schatzmeister und das Ehrenmitglied Henry G\u00fcnther aus Erlangen. Henry G\u00fcnther hat seit der Gr\u00fcndungsversammlung der Stiftung f\u00fcr \u00d6kologie und Demokratie e.V. am 12.9.1992 in Freiberg bis zur Mitgliederversammlung am 25.3.2006 in Erlangen das Amt des Schatzmeisters mit gro\u00dfer Sorgfalt und Gewissenhaftigkeit ausge\u00fcbt. Erst&hellip;<\/p>\n","protected":false},"author":1,"featured_media":0,"comment_status":"closed","ping_status":"open","sticky":false,"template":"","format":"standard","meta":[],"categories":[3],"tags":[],"class_list":["post-1098","post","type-post","status-publish","format-standard","hentry","category-aktuell","category-3","description-off"],"yoast_head":"<!-- This site is optimized with the Yoast SEO plugin v25.9 - https:\/\/yoast.com\/wordpress\/plugins\/seo\/ -->\n<title>Nachruf zum Tod unseres Ehrenmitglieds Henry G\u00fcnther - Stiftung f\u00fcr \u00d6kologie und Demokratie e.V.<\/title>\n<meta name=\"description\" content=\"Die Stiftung f\u00fcr \u00d6kologie und Demokratie ist eine gemeinn\u00fctzige Organisation, ein auf Bundesebene von der Bundeszentrale f\u00fcr politische Bildung (BpB) anerkannter Tr\u00e4ger der politischen Bildung, der sich vor allem f\u00fcr Umwelt und die politische \u00d6kologie einsetzt.\" \/>\n<meta name=\"robots\" content=\"index, follow, max-snippet:-1, max-image-preview:large, max-video-preview:-1\" \/>\n<link rel=\"canonical\" href=\"https:\/\/www.stiftung-oekologie-u-demokratie.de\/T\/nachruf-zum-tod-unseres-ehrenmitglieds-henry-guenther\/\" \/>\n<meta property=\"og:locale\" content=\"de_DE\" \/>\n<meta property=\"og:type\" content=\"article\" \/>\n<meta property=\"og:title\" content=\"Nachruf zum Tod unseres Ehrenmitglieds Henry G\u00fcnther - Stiftung f\u00fcr \u00d6kologie und Demokratie e.V.\" \/>\n<meta property=\"og:description\" content=\"Die Stiftung f\u00fcr \u00d6kologie und Demokratie ist eine gemeinn\u00fctzige Organisation, ein auf Bundesebene von der Bundeszentrale f\u00fcr politische Bildung (BpB) anerkannter Tr\u00e4ger der politischen Bildung, der sich vor allem f\u00fcr Umwelt und die politische \u00d6kologie einsetzt.\" \/>\n<meta property=\"og:url\" content=\"https:\/\/www.stiftung-oekologie-u-demokratie.de\/T\/nachruf-zum-tod-unseres-ehrenmitglieds-henry-guenther\/\" \/>\n<meta property=\"og:site_name\" content=\"Stiftung f\u00fcr \u00d6kologie und Demokratie e.V.\" \/>\n<meta property=\"article:published_time\" content=\"2019-05-14T08:30:43+00:00\" \/>\n<meta property=\"article:modified_time\" content=\"2019-08-15T12:26:15+00:00\" \/>\n<meta name=\"author\" content=\"admin\" \/>\n<meta name=\"twitter:card\" content=\"summary_large_image\" \/>\n<meta name=\"twitter:label1\" content=\"Verfasst von\" \/>\n\t<meta name=\"twitter:data1\" content=\"admin\" \/>\n\t<meta name=\"twitter:label2\" content=\"Gesch\u00e4tzte Lesezeit\" \/>\n\t<meta name=\"twitter:data2\" content=\"1\u00a0Minute\" \/>\n<script type=\"application\/ld+json\" class=\"yoast-schema-graph\">{\"@context\":\"https:\/\/schema.org\",\"@graph\":[{\"@type\":\"WebPage\",\"@id\":\"https:\/\/www.stiftung-oekologie-u-demokratie.de\/T\/nachruf-zum-tod-unseres-ehrenmitglieds-henry-guenther\/\",\"url\":\"https:\/\/www.stiftung-oekologie-u-demokratie.de\/T\/nachruf-zum-tod-unseres-ehrenmitglieds-henry-guenther\/\",\"name\":\"Nachruf zum Tod unseres Ehrenmitglieds Henry G\u00fcnther - Stiftung f\u00fcr \u00d6kologie und Demokratie e.V.\",\"isPartOf\":{\"@id\":\"https:\/\/www.stiftung-oekologie-u-demokratie.de\/T\/#website\"},\"datePublished\":\"2019-05-14T08:30:43+00:00\",\"dateModified\":\"2019-08-15T12:26:15+00:00\",\"author\":{\"@id\":\"https:\/\/www.stiftung-oekologie-u-demokratie.de\/T\/#\/schema\/person\/d256d4d56b82b746a9ccff0c5bf259e3\"},\"description\":\"Die Stiftung f\u00fcr \u00d6kologie und Demokratie ist eine gemeinn\u00fctzige Organisation, ein auf Bundesebene von der Bundeszentrale f\u00fcr politische Bildung (BpB) anerkannter Tr\u00e4ger der politischen Bildung, der sich vor allem f\u00fcr Umwelt und die politische \u00d6kologie einsetzt.\",\"breadcrumb\":{\"@id\":\"https:\/\/www.stiftung-oekologie-u-demokratie.de\/T\/nachruf-zum-tod-unseres-ehrenmitglieds-henry-guenther\/#breadcrumb\"},\"inLanguage\":\"de\",\"potentialAction\":[{\"@type\":\"ReadAction\",\"target\":[\"https:\/\/www.stiftung-oekologie-u-demokratie.de\/T\/nachruf-zum-tod-unseres-ehrenmitglieds-henry-guenther\/\"]}]},{\"@type\":\"BreadcrumbList\",\"@id\":\"https:\/\/www.stiftung-oekologie-u-demokratie.de\/T\/nachruf-zum-tod-unseres-ehrenmitglieds-henry-guenther\/#breadcrumb\",\"itemListElement\":[{\"@type\":\"ListItem\",\"position\":1,\"name\":\"Home\",\"item\":\"https:\/\/www.stiftung-oekologie-u-demokratie.de\/T\/\"},{\"@type\":\"ListItem\",\"position\":2,\"name\":\"Nachruf zum Tod unseres Ehrenmitglieds Henry G\u00fcnther\"}]},{\"@type\":\"WebSite\",\"@id\":\"https:\/\/www.stiftung-oekologie-u-demokratie.de\/T\/#website\",\"url\":\"https:\/\/www.stiftung-oekologie-u-demokratie.de\/T\/\",\"name\":\"Stiftung f\u00fcr \u00d6kologie und Demokratie e.V.\",\"description\":\"Stiftung f\u00fcr \u00d6kologie und Demokratie e.V.\",\"potentialAction\":[{\"@type\":\"SearchAction\",\"target\":{\"@type\":\"EntryPoint\",\"urlTemplate\":\"https:\/\/www.stiftung-oekologie-u-demokratie.de\/T\/?s={search_term_string}\"},\"query-input\":{\"@type\":\"PropertyValueSpecification\",\"valueRequired\":true,\"valueName\":\"search_term_string\"}}],\"inLanguage\":\"de\"},{\"@type\":\"Person\",\"@id\":\"https:\/\/www.stiftung-oekologie-u-demokratie.de\/T\/#\/schema\/person\/d256d4d56b82b746a9ccff0c5bf259e3\",\"name\":\"admin\",\"url\":\"https:\/\/www.stiftung-oekologie-u-demokratie.de\/T\/author\/admin\/\"}]}<\/script>\n<!-- \/ Yoast SEO plugin. -->","yoast_head_json":{"title":"Nachruf zum Tod unseres Ehrenmitglieds Henry G\u00fcnther - Stiftung f\u00fcr \u00d6kologie und Demokratie e.V.","description":"Die Stiftung f\u00fcr \u00d6kologie und Demokratie ist eine gemeinn\u00fctzige Organisation, ein auf Bundesebene von der Bundeszentrale f\u00fcr politische Bildung (BpB) anerkannter Tr\u00e4ger der politischen Bildung, der sich vor allem f\u00fcr Umwelt und die politische \u00d6kologie einsetzt.","robots":{"index":"index","follow":"follow","max-snippet":"max-snippet:-1","max-image-preview":"max-image-preview:large","max-video-preview":"max-video-preview:-1"},"canonical":"https:\/\/www.stiftung-oekologie-u-demokratie.de\/T\/nachruf-zum-tod-unseres-ehrenmitglieds-henry-guenther\/","og_locale":"de_DE","og_type":"article","og_title":"Nachruf zum Tod unseres Ehrenmitglieds Henry G\u00fcnther - Stiftung f\u00fcr \u00d6kologie und Demokratie e.V.","og_description":"Die Stiftung f\u00fcr \u00d6kologie und Demokratie ist eine gemeinn\u00fctzige Organisation, ein auf Bundesebene von der Bundeszentrale f\u00fcr politische Bildung (BpB) anerkannter Tr\u00e4ger der politischen Bildung, der sich vor allem f\u00fcr Umwelt und die politische \u00d6kologie einsetzt.","og_url":"https:\/\/www.stiftung-oekologie-u-demokratie.de\/T\/nachruf-zum-tod-unseres-ehrenmitglieds-henry-guenther\/","og_site_name":"Stiftung f\u00fcr \u00d6kologie und Demokratie e.V.","article_published_time":"2019-05-14T08:30:43+00:00","article_modified_time":"2019-08-15T12:26:15+00:00","author":"admin","twitter_card":"summary_large_image","twitter_misc":{"Verfasst von":"admin","Gesch\u00e4tzte Lesezeit":"1\u00a0Minute"},"schema":{"@context":"https:\/\/schema.org","@graph":[{"@type":"WebPage","@id":"https:\/\/www.stiftung-oekologie-u-demokratie.de\/T\/nachruf-zum-tod-unseres-ehrenmitglieds-henry-guenther\/","url":"https:\/\/www.stiftung-oekologie-u-demokratie.de\/T\/nachruf-zum-tod-unseres-ehrenmitglieds-henry-guenther\/","name":"Nachruf zum Tod unseres Ehrenmitglieds Henry G\u00fcnther - Stiftung f\u00fcr \u00d6kologie und Demokratie e.V.","isPartOf":{"@id":"https:\/\/www.stiftung-oekologie-u-demokratie.de\/T\/#website"},"datePublished":"2019-05-14T08:30:43+00:00","dateModified":"2019-08-15T12:26:15+00:00","author":{"@id":"https:\/\/www.stiftung-oekologie-u-demokratie.de\/T\/#\/schema\/person\/d256d4d56b82b746a9ccff0c5bf259e3"},"description":"Die Stiftung f\u00fcr \u00d6kologie und Demokratie ist eine gemeinn\u00fctzige Organisation, ein auf Bundesebene von der Bundeszentrale f\u00fcr politische Bildung (BpB) anerkannter Tr\u00e4ger der politischen Bildung, der sich vor allem f\u00fcr Umwelt und die politische \u00d6kologie einsetzt.","breadcrumb":{"@id":"https:\/\/www.stiftung-oekologie-u-demokratie.de\/T\/nachruf-zum-tod-unseres-ehrenmitglieds-henry-guenther\/#breadcrumb"},"inLanguage":"de","potentialAction":[{"@type":"ReadAction","target":["https:\/\/www.stiftung-oekologie-u-demokratie.de\/T\/nachruf-zum-tod-unseres-ehrenmitglieds-henry-guenther\/"]}]},{"@type":"BreadcrumbList","@id":"https:\/\/www.stiftung-oekologie-u-demokratie.de\/T\/nachruf-zum-tod-unseres-ehrenmitglieds-henry-guenther\/#breadcrumb","itemListElement":[{"@type":"ListItem","position":1,"name":"Home","item":"https:\/\/www.stiftung-oekologie-u-demokratie.de\/T\/"},{"@type":"ListItem","position":2,"name":"Nachruf zum Tod unseres Ehrenmitglieds Henry G\u00fcnther"}]},{"@type":"WebSite","@id":"https:\/\/www.stiftung-oekologie-u-demokratie.de\/T\/#website","url":"https:\/\/www.stiftung-oekologie-u-demokratie.de\/T\/","name":"Stiftung f\u00fcr \u00d6kologie und Demokratie e.V.","description":"Stiftung f\u00fcr \u00d6kologie und Demokratie e.V.","potentialAction":[{"@type":"SearchAction","target":{"@type":"EntryPoint","urlTemplate":"https:\/\/www.stiftung-oekologie-u-demokratie.de\/T\/?s={search_term_string}"},"query-input":{"@type":"PropertyValueSpecification","valueRequired":true,"valueName":"search_term_string"}}],"inLanguage":"de"},{"@type":"Person","@id":"https:\/\/www.stiftung-oekologie-u-demokratie.de\/T\/#\/schema\/person\/d256d4d56b82b746a9ccff0c5bf259e3","name":"admin","url":"https:\/\/www.stiftung-oekologie-u-demokratie.de\/T\/author\/admin\/"}]}},"_links":{"self":[{"href":"https:\/\/www.stiftung-oekologie-u-demokratie.de\/T\/wp-json\/wp\/v2\/posts\/1098","targetHints":{"allow":["GET"]}}],"collection":[{"href":"https:\/\/www.stiftung-oekologie-u-demokratie.de\/T\/wp-json\/wp\/v2\/posts"}],"about":[{"href":"https:\/\/www.stiftung-oekologie-u-demokratie.de\/T\/wp-json\/wp\/v2\/types\/post"}],"author":[{"embeddable":true,"href":"https:\/\/www.stiftung-oekologie-u-demokratie.de\/T\/wp-json\/wp\/v2\/users\/1"}],"replies":[{"embeddable":true,"href":"https:\/\/www.stiftung-oekologie-u-demokratie.de\/T\/wp-json\/wp\/v2\/comments?post=1098"}],"version-history":[{"count":1,"href":"https:\/\/www.stiftung-oekologie-u-demokratie.de\/T\/wp-json\/wp\/v2\/posts\/1098\/revisions"}],"predecessor-version":[{"id":1099,"href":"https:\/\/www.stiftung-oekologie-u-demokratie.de\/T\/wp-json\/wp\/v2\/posts\/1098\/revisions\/1099"}],"wp:attachment":[{"href":"https:\/\/www.stiftung-oekologie-u-demokratie.de\/T\/wp-json\/wp\/v2\/media?parent=1098"}],"wp:term":[{"taxonomy":"category","embeddable":true,"href":"https:\/\/www.stiftung-oekologie-u-demokratie.de\/T\/wp-json\/wp\/v2\/categories?post=1098"},{"taxonomy":"post_tag","embeddable":true,"href":"https:\/\/www.stiftung-oekologie-u-demokratie.de\/T\/wp-json\/wp\/v2\/tags?post=1098"}],"curies":[{"name":"wp","href":"https:\/\/api.w.org\/{rel}","templated":true}]}}