{"id":1027,"date":"2018-11-22T14:27:40","date_gmt":"2018-11-22T12:27:40","guid":{"rendered":"https:\/\/www.stiftung-oekologie-u-demokratie.de\/T\/?p=1027"},"modified":"2018-11-22T14:27:40","modified_gmt":"2018-11-22T12:27:40","slug":"dr-franz-alt-sonne-und-wind-schicken-uns-keine-rechnung","status":"publish","type":"post","link":"https:\/\/www.stiftung-oekologie-u-demokratie.de\/T\/dr-franz-alt-sonne-und-wind-schicken-uns-keine-rechnung\/","title":{"rendered":"Dr. Franz Alt: \u201eSonne und Wind schicken uns keine Rechnung\u201c"},"content":{"rendered":"<p>Anl\u00e4sslich des 15-j\u00e4hrigen Bestehens der EnergieAgentur Speyer-Neustadt\/S\u00fcdpfalz (EA) der Stiftung f\u00fcr \u00d6kologie und Demokratie e.V. fand am 16. November im vollen Victoria-Saal des Kommunikationszentrums der VR-Bank in R\u00fclzheim eine Veranstaltung statt mit dem Journalisten und Buchautor Dr. Franz Alt zum Thema \u201eUnsere Zukunft: Die 3 gro\u00dfen E: Energiesparen, Energieeffizienz und Erneuerbare Energien\u201c.<\/p>\n<p>Der Referent pl\u00e4dierte daf\u00fcr, die regenerativen Energiequellen wie Sonne, Wind, Gezeitenenergie, Biomasse und Geothermie zu nutzen. \u201eWu\u00dften Sie, dass die Sonne an einem Tag 15.000 mal soviel Energie zur Erde schickt, wie alle Menschen an diesem Tag weltweit verbrauchen?\u201c fragte Franz Alt zu Beginn seines Vortrages. Und das Sch\u00f6nste sei die Tatsache, dass uns weder Wind noch Sonne Rechnungen schicken w\u00fcrden. Bei seiner Fahrt durch R\u00fclzheim habe er festgestellt, dass hier noch viele D\u00e4cher ohne Solaranlage seien. In Deutschland gebe es \u00fcberhaupt noch ein gro\u00dfes ungenutztes Solarpotenzial auf Dachfl\u00e4chen. Bis zum Jahr 2050 k\u00f6nne der gesamte Energieverbrauch aus erneuerbaren Quellen gespeist werden. \u00a0Der erneuerbare Energiemix w\u00fcrde sich dann wie folgt zusammensetzen: 50 % direkte Solarenergie, das hei\u00dft: solarer Wasserstoff, Solarzellen, Solarstrom und Solarw\u00e4rme; 25 % Biomasse aus Schilfgras und Biogas aus landwirtschaftlichen Abf\u00e4llen; 15 % Windenergie und 10 % Wasserkraft. Vor dem Hintergrund des nicht mehr bestreitbaren menschen-gemachten Klimawandels sei der Umstieg auf erneuerbare Energien \u00e4u\u00dferst wichtig, um die Zunahme der Erderw\u00e4rmung zu verhindern. Auch werde die Abh\u00e4ngigkeit von ausl\u00e4ndischen Energielieferanten verringert.<\/p>\n<p>Zu Beginn der Veranstaltung hob der Stiftungsvorsitzende Hans-Joachim Ritter die Erfolge der zu Beginn des Jahres 2003 gegr\u00fcndeten EnergieAgentur Speyer-Neustadt\/S\u00fcdpfalz (EA)\u00a0 hervor. Mit Hilfe des Bundesprogramms \u201eNationale Stadtentwicklungspolitik\u201c sei der Aufbau der EA mit F\u00f6rdermitteln unterst\u00fctzt worden, so dass es m\u00f6glich wurde, dass 22 ideelle Netzwerkpartner (Kammern, Kommunen und gemeinn\u00fctzige Vereine) sowie 33 f\u00f6rdernde Netzwerkpartner gewonnen werden konnten. Innovative EA-Netzwerkpartner haben Vorzeigeprojekte realisiert wie beispielsweise die energetische Sanierung der gro\u00dfen unter Denkmalschutz stehenden Kasernengeb\u00e4ude der ehem. Kaserne \u201eNormand\u201c in Speyer mit einer Nutzfl\u00e4che von insgesamt \u00fcber 10.000 Quadratmetern. In einem anderen Wohnbaugebiet in Speyer, dem ehem. Schlachthofgel\u00e4nde, wurde in das ehem. Schlachthofgeb\u00e4ude ein 100.000-Liter-Beh\u00e4lter zur Warmwasserbereitung des gesamten Gebiets eingebaut. Gro\u00dfe Solarparks in Speyer und Neustadt wurden unterst\u00fctzt. Beim Thema \u201eWindkraft\u201c haben die EA-Netzwerkpartner juwi, Pfalzwerke und Stadtwerke Speyer GmbH \u00fcber 40 Windkraftanlagen im T\u00e4tigkeitsbereich der EA errichtet. Dar\u00fcber hinaus fungiert die EA als ideeller Partner der Energie- und Baumesse Speyer. Seit Mitte 2017 werden im Rahmen des EA-Projekts grEEN Palatina 10 gro\u00dfe energieintensive Unternehmen gecoacht, die insges. 1.700 GWh Energie f\u00fcr Strom, W\u00e4rme und K\u00e4lte verbrauchen. F\u00fcr dieses Projekt habe die rheinland-pf\u00e4lzische Umweltministerin Ulrike H\u00f6fken die Schirmherrschaft \u00fcbernommen. Die EA-Energieberater Andrea Klein, Reinhard Klinkm\u00fcller und Carlo und Petra Urbano haben in den vergangenen 9 Jahren in R\u00fclzheim und Offenbach regelm\u00e4\u00dfig f\u00fcr die Bev\u00f6lkerung kostenlose Energie-Impuls-Beratungen angeboten.<\/p>\n<p>Christian Bauchhenss, Regional-Direktor der VR-Bank, der die Veranstaltung unterst\u00fctzte, begl\u00fcckw\u00fcnschte in seinem Gru\u00dfwort die Stiftung zum 15 j\u00e4hrigen Bestehen der EA und wies darauf hin, dass die \u00a0VR-Bank eine eigene Energiegenossenschaft gegr\u00fcndet habe.<\/p>\n<p><strong>\u00a0<\/strong><\/p>\n","protected":false},"excerpt":{"rendered":"<p>Anl\u00e4sslich des 15-j\u00e4hrigen Bestehens der EnergieAgentur Speyer-Neustadt\/S\u00fcdpfalz (EA) der Stiftung f\u00fcr \u00d6kologie und Demokratie e.V. fand am 16. November im vollen Victoria-Saal des Kommunikationszentrums der VR-Bank in R\u00fclzheim eine Veranstaltung statt mit dem Journalisten und Buchautor Dr. Franz Alt zum Thema \u201eUnsere Zukunft: Die 3 gro\u00dfen E: Energiesparen, Energieeffizienz und Erneuerbare Energien\u201c. Der Referent pl\u00e4dierte&hellip;<\/p>\n","protected":false},"author":1,"featured_media":1028,"comment_status":"closed","ping_status":"open","sticky":false,"template":"","format":"standard","meta":[],"categories":[3],"tags":[],"class_list":["post-1027","post","type-post","status-publish","format-standard","has-post-thumbnail","hentry","category-aktuell","category-3","description-off"],"yoast_head":"<!-- This site is optimized with the Yoast SEO plugin v25.9 - https:\/\/yoast.com\/wordpress\/plugins\/seo\/ -->\n<title>Dr. Franz Alt: \u201eSonne und Wind schicken uns keine Rechnung\u201c - Stiftung f\u00fcr \u00d6kologie und Demokratie e.V.<\/title>\n<meta name=\"description\" content=\"Die Stiftung f\u00fcr \u00d6kologie und Demokratie ist eine gemeinn\u00fctzige Organisation, ein auf Bundesebene von der Bundeszentrale f\u00fcr politische Bildung (BpB) anerkannter Tr\u00e4ger der politischen Bildung, der sich vor allem f\u00fcr Umwelt und die politische \u00d6kologie einsetzt.\" \/>\n<meta name=\"robots\" content=\"index, follow, max-snippet:-1, max-image-preview:large, max-video-preview:-1\" \/>\n<link rel=\"canonical\" href=\"https:\/\/www.stiftung-oekologie-u-demokratie.de\/T\/dr-franz-alt-sonne-und-wind-schicken-uns-keine-rechnung\/\" \/>\n<meta property=\"og:locale\" content=\"de_DE\" \/>\n<meta property=\"og:type\" content=\"article\" \/>\n<meta property=\"og:title\" content=\"Dr. Franz Alt: \u201eSonne und Wind schicken uns keine Rechnung\u201c - Stiftung f\u00fcr \u00d6kologie und Demokratie e.V.\" \/>\n<meta property=\"og:description\" content=\"Die Stiftung f\u00fcr \u00d6kologie und Demokratie ist eine gemeinn\u00fctzige Organisation, ein auf Bundesebene von der Bundeszentrale f\u00fcr politische Bildung (BpB) anerkannter Tr\u00e4ger der politischen Bildung, der sich vor allem f\u00fcr Umwelt und die politische \u00d6kologie einsetzt.\" \/>\n<meta property=\"og:url\" content=\"https:\/\/www.stiftung-oekologie-u-demokratie.de\/T\/dr-franz-alt-sonne-und-wind-schicken-uns-keine-rechnung\/\" \/>\n<meta property=\"og:site_name\" content=\"Stiftung f\u00fcr \u00d6kologie und Demokratie e.V.\" \/>\n<meta property=\"article:published_time\" content=\"2018-11-22T12:27:40+00:00\" \/>\n<meta property=\"og:image\" content=\"https:\/\/www.stiftung-oekologie-u-demokratie.de\/T\/wp-content\/uploads\/2018\/11\/EA-2018-11-16-350-1-e1609857241222.jpg\" \/>\n\t<meta property=\"og:image:width\" content=\"1200\" \/>\n\t<meta property=\"og:image:height\" content=\"717\" \/>\n\t<meta property=\"og:image:type\" content=\"image\/jpeg\" \/>\n<meta name=\"author\" content=\"admin\" \/>\n<meta name=\"twitter:card\" content=\"summary_large_image\" \/>\n<meta name=\"twitter:label1\" content=\"Verfasst von\" \/>\n\t<meta name=\"twitter:data1\" content=\"admin\" \/>\n\t<meta name=\"twitter:label2\" content=\"Gesch\u00e4tzte Lesezeit\" \/>\n\t<meta name=\"twitter:data2\" content=\"3\u00a0Minuten\" \/>\n<script type=\"application\/ld+json\" class=\"yoast-schema-graph\">{\"@context\":\"https:\/\/schema.org\",\"@graph\":[{\"@type\":\"WebPage\",\"@id\":\"https:\/\/www.stiftung-oekologie-u-demokratie.de\/T\/dr-franz-alt-sonne-und-wind-schicken-uns-keine-rechnung\/\",\"url\":\"https:\/\/www.stiftung-oekologie-u-demokratie.de\/T\/dr-franz-alt-sonne-und-wind-schicken-uns-keine-rechnung\/\",\"name\":\"Dr. Franz Alt: \u201eSonne und Wind schicken uns keine Rechnung\u201c - Stiftung f\u00fcr \u00d6kologie und Demokratie e.V.\",\"isPartOf\":{\"@id\":\"https:\/\/www.stiftung-oekologie-u-demokratie.de\/T\/#website\"},\"primaryImageOfPage\":{\"@id\":\"https:\/\/www.stiftung-oekologie-u-demokratie.de\/T\/dr-franz-alt-sonne-und-wind-schicken-uns-keine-rechnung\/#primaryimage\"},\"image\":{\"@id\":\"https:\/\/www.stiftung-oekologie-u-demokratie.de\/T\/dr-franz-alt-sonne-und-wind-schicken-uns-keine-rechnung\/#primaryimage\"},\"thumbnailUrl\":\"https:\/\/www.stiftung-oekologie-u-demokratie.de\/T\/wp-content\/uploads\/2018\/11\/EA-2018-11-16-350-1-e1609857241222.jpg\",\"datePublished\":\"2018-11-22T12:27:40+00:00\",\"author\":{\"@id\":\"https:\/\/www.stiftung-oekologie-u-demokratie.de\/T\/#\/schema\/person\/d256d4d56b82b746a9ccff0c5bf259e3\"},\"description\":\"Die Stiftung f\u00fcr \u00d6kologie und Demokratie ist eine gemeinn\u00fctzige Organisation, ein auf Bundesebene von der Bundeszentrale f\u00fcr politische Bildung (BpB) anerkannter Tr\u00e4ger der politischen Bildung, der sich vor allem f\u00fcr Umwelt und die politische \u00d6kologie einsetzt.\",\"breadcrumb\":{\"@id\":\"https:\/\/www.stiftung-oekologie-u-demokratie.de\/T\/dr-franz-alt-sonne-und-wind-schicken-uns-keine-rechnung\/#breadcrumb\"},\"inLanguage\":\"de\",\"potentialAction\":[{\"@type\":\"ReadAction\",\"target\":[\"https:\/\/www.stiftung-oekologie-u-demokratie.de\/T\/dr-franz-alt-sonne-und-wind-schicken-uns-keine-rechnung\/\"]}]},{\"@type\":\"ImageObject\",\"inLanguage\":\"de\",\"@id\":\"https:\/\/www.stiftung-oekologie-u-demokratie.de\/T\/dr-franz-alt-sonne-und-wind-schicken-uns-keine-rechnung\/#primaryimage\",\"url\":\"https:\/\/www.stiftung-oekologie-u-demokratie.de\/T\/wp-content\/uploads\/2018\/11\/EA-2018-11-16-350-1-e1609857241222.jpg\",\"contentUrl\":\"https:\/\/www.stiftung-oekologie-u-demokratie.de\/T\/wp-content\/uploads\/2018\/11\/EA-2018-11-16-350-1-e1609857241222.jpg\",\"width\":1200,\"height\":717},{\"@type\":\"BreadcrumbList\",\"@id\":\"https:\/\/www.stiftung-oekologie-u-demokratie.de\/T\/dr-franz-alt-sonne-und-wind-schicken-uns-keine-rechnung\/#breadcrumb\",\"itemListElement\":[{\"@type\":\"ListItem\",\"position\":1,\"name\":\"Home\",\"item\":\"https:\/\/www.stiftung-oekologie-u-demokratie.de\/T\/\"},{\"@type\":\"ListItem\",\"position\":2,\"name\":\"Dr. Franz Alt: \u201eSonne und Wind schicken uns keine Rechnung\u201c\"}]},{\"@type\":\"WebSite\",\"@id\":\"https:\/\/www.stiftung-oekologie-u-demokratie.de\/T\/#website\",\"url\":\"https:\/\/www.stiftung-oekologie-u-demokratie.de\/T\/\",\"name\":\"Stiftung f\u00fcr \u00d6kologie und Demokratie e.V.\",\"description\":\"Stiftung f\u00fcr \u00d6kologie und Demokratie e.V.\",\"potentialAction\":[{\"@type\":\"SearchAction\",\"target\":{\"@type\":\"EntryPoint\",\"urlTemplate\":\"https:\/\/www.stiftung-oekologie-u-demokratie.de\/T\/?s={search_term_string}\"},\"query-input\":{\"@type\":\"PropertyValueSpecification\",\"valueRequired\":true,\"valueName\":\"search_term_string\"}}],\"inLanguage\":\"de\"},{\"@type\":\"Person\",\"@id\":\"https:\/\/www.stiftung-oekologie-u-demokratie.de\/T\/#\/schema\/person\/d256d4d56b82b746a9ccff0c5bf259e3\",\"name\":\"admin\",\"url\":\"https:\/\/www.stiftung-oekologie-u-demokratie.de\/T\/author\/admin\/\"}]}<\/script>\n<!-- \/ Yoast SEO plugin. -->","yoast_head_json":{"title":"Dr. Franz Alt: \u201eSonne und Wind schicken uns keine Rechnung\u201c - Stiftung f\u00fcr \u00d6kologie und Demokratie e.V.","description":"Die Stiftung f\u00fcr \u00d6kologie und Demokratie ist eine gemeinn\u00fctzige Organisation, ein auf Bundesebene von der Bundeszentrale f\u00fcr politische Bildung (BpB) anerkannter Tr\u00e4ger der politischen Bildung, der sich vor allem f\u00fcr Umwelt und die politische \u00d6kologie einsetzt.","robots":{"index":"index","follow":"follow","max-snippet":"max-snippet:-1","max-image-preview":"max-image-preview:large","max-video-preview":"max-video-preview:-1"},"canonical":"https:\/\/www.stiftung-oekologie-u-demokratie.de\/T\/dr-franz-alt-sonne-und-wind-schicken-uns-keine-rechnung\/","og_locale":"de_DE","og_type":"article","og_title":"Dr. Franz Alt: \u201eSonne und Wind schicken uns keine Rechnung\u201c - Stiftung f\u00fcr \u00d6kologie und Demokratie e.V.","og_description":"Die Stiftung f\u00fcr \u00d6kologie und Demokratie ist eine gemeinn\u00fctzige Organisation, ein auf Bundesebene von der Bundeszentrale f\u00fcr politische Bildung (BpB) anerkannter Tr\u00e4ger der politischen Bildung, der sich vor allem f\u00fcr Umwelt und die politische \u00d6kologie einsetzt.","og_url":"https:\/\/www.stiftung-oekologie-u-demokratie.de\/T\/dr-franz-alt-sonne-und-wind-schicken-uns-keine-rechnung\/","og_site_name":"Stiftung f\u00fcr \u00d6kologie und Demokratie e.V.","article_published_time":"2018-11-22T12:27:40+00:00","og_image":[{"width":1200,"height":717,"url":"https:\/\/www.stiftung-oekologie-u-demokratie.de\/T\/wp-content\/uploads\/2018\/11\/EA-2018-11-16-350-1-e1609857241222.jpg","type":"image\/jpeg"}],"author":"admin","twitter_card":"summary_large_image","twitter_misc":{"Verfasst von":"admin","Gesch\u00e4tzte Lesezeit":"3\u00a0Minuten"},"schema":{"@context":"https:\/\/schema.org","@graph":[{"@type":"WebPage","@id":"https:\/\/www.stiftung-oekologie-u-demokratie.de\/T\/dr-franz-alt-sonne-und-wind-schicken-uns-keine-rechnung\/","url":"https:\/\/www.stiftung-oekologie-u-demokratie.de\/T\/dr-franz-alt-sonne-und-wind-schicken-uns-keine-rechnung\/","name":"Dr. Franz Alt: \u201eSonne und Wind schicken uns keine Rechnung\u201c - Stiftung f\u00fcr \u00d6kologie und Demokratie e.V.","isPartOf":{"@id":"https:\/\/www.stiftung-oekologie-u-demokratie.de\/T\/#website"},"primaryImageOfPage":{"@id":"https:\/\/www.stiftung-oekologie-u-demokratie.de\/T\/dr-franz-alt-sonne-und-wind-schicken-uns-keine-rechnung\/#primaryimage"},"image":{"@id":"https:\/\/www.stiftung-oekologie-u-demokratie.de\/T\/dr-franz-alt-sonne-und-wind-schicken-uns-keine-rechnung\/#primaryimage"},"thumbnailUrl":"https:\/\/www.stiftung-oekologie-u-demokratie.de\/T\/wp-content\/uploads\/2018\/11\/EA-2018-11-16-350-1-e1609857241222.jpg","datePublished":"2018-11-22T12:27:40+00:00","author":{"@id":"https:\/\/www.stiftung-oekologie-u-demokratie.de\/T\/#\/schema\/person\/d256d4d56b82b746a9ccff0c5bf259e3"},"description":"Die Stiftung f\u00fcr \u00d6kologie und Demokratie ist eine gemeinn\u00fctzige Organisation, ein auf Bundesebene von der Bundeszentrale f\u00fcr politische Bildung (BpB) anerkannter Tr\u00e4ger der politischen Bildung, der sich vor allem f\u00fcr Umwelt und die politische \u00d6kologie einsetzt.","breadcrumb":{"@id":"https:\/\/www.stiftung-oekologie-u-demokratie.de\/T\/dr-franz-alt-sonne-und-wind-schicken-uns-keine-rechnung\/#breadcrumb"},"inLanguage":"de","potentialAction":[{"@type":"ReadAction","target":["https:\/\/www.stiftung-oekologie-u-demokratie.de\/T\/dr-franz-alt-sonne-und-wind-schicken-uns-keine-rechnung\/"]}]},{"@type":"ImageObject","inLanguage":"de","@id":"https:\/\/www.stiftung-oekologie-u-demokratie.de\/T\/dr-franz-alt-sonne-und-wind-schicken-uns-keine-rechnung\/#primaryimage","url":"https:\/\/www.stiftung-oekologie-u-demokratie.de\/T\/wp-content\/uploads\/2018\/11\/EA-2018-11-16-350-1-e1609857241222.jpg","contentUrl":"https:\/\/www.stiftung-oekologie-u-demokratie.de\/T\/wp-content\/uploads\/2018\/11\/EA-2018-11-16-350-1-e1609857241222.jpg","width":1200,"height":717},{"@type":"BreadcrumbList","@id":"https:\/\/www.stiftung-oekologie-u-demokratie.de\/T\/dr-franz-alt-sonne-und-wind-schicken-uns-keine-rechnung\/#breadcrumb","itemListElement":[{"@type":"ListItem","position":1,"name":"Home","item":"https:\/\/www.stiftung-oekologie-u-demokratie.de\/T\/"},{"@type":"ListItem","position":2,"name":"Dr. Franz Alt: \u201eSonne und Wind schicken uns keine Rechnung\u201c"}]},{"@type":"WebSite","@id":"https:\/\/www.stiftung-oekologie-u-demokratie.de\/T\/#website","url":"https:\/\/www.stiftung-oekologie-u-demokratie.de\/T\/","name":"Stiftung f\u00fcr \u00d6kologie und Demokratie e.V.","description":"Stiftung f\u00fcr \u00d6kologie und Demokratie e.V.","potentialAction":[{"@type":"SearchAction","target":{"@type":"EntryPoint","urlTemplate":"https:\/\/www.stiftung-oekologie-u-demokratie.de\/T\/?s={search_term_string}"},"query-input":{"@type":"PropertyValueSpecification","valueRequired":true,"valueName":"search_term_string"}}],"inLanguage":"de"},{"@type":"Person","@id":"https:\/\/www.stiftung-oekologie-u-demokratie.de\/T\/#\/schema\/person\/d256d4d56b82b746a9ccff0c5bf259e3","name":"admin","url":"https:\/\/www.stiftung-oekologie-u-demokratie.de\/T\/author\/admin\/"}]}},"_links":{"self":[{"href":"https:\/\/www.stiftung-oekologie-u-demokratie.de\/T\/wp-json\/wp\/v2\/posts\/1027","targetHints":{"allow":["GET"]}}],"collection":[{"href":"https:\/\/www.stiftung-oekologie-u-demokratie.de\/T\/wp-json\/wp\/v2\/posts"}],"about":[{"href":"https:\/\/www.stiftung-oekologie-u-demokratie.de\/T\/wp-json\/wp\/v2\/types\/post"}],"author":[{"embeddable":true,"href":"https:\/\/www.stiftung-oekologie-u-demokratie.de\/T\/wp-json\/wp\/v2\/users\/1"}],"replies":[{"embeddable":true,"href":"https:\/\/www.stiftung-oekologie-u-demokratie.de\/T\/wp-json\/wp\/v2\/comments?post=1027"}],"version-history":[{"count":1,"href":"https:\/\/www.stiftung-oekologie-u-demokratie.de\/T\/wp-json\/wp\/v2\/posts\/1027\/revisions"}],"predecessor-version":[{"id":1029,"href":"https:\/\/www.stiftung-oekologie-u-demokratie.de\/T\/wp-json\/wp\/v2\/posts\/1027\/revisions\/1029"}],"wp:featuredmedia":[{"embeddable":true,"href":"https:\/\/www.stiftung-oekologie-u-demokratie.de\/T\/wp-json\/wp\/v2\/media\/1028"}],"wp:attachment":[{"href":"https:\/\/www.stiftung-oekologie-u-demokratie.de\/T\/wp-json\/wp\/v2\/media?parent=1027"}],"wp:term":[{"taxonomy":"category","embeddable":true,"href":"https:\/\/www.stiftung-oekologie-u-demokratie.de\/T\/wp-json\/wp\/v2\/categories?post=1027"},{"taxonomy":"post_tag","embeddable":true,"href":"https:\/\/www.stiftung-oekologie-u-demokratie.de\/T\/wp-json\/wp\/v2\/tags?post=1027"}],"curies":[{"name":"wp","href":"https:\/\/api.w.org\/{rel}","templated":true}]}}