{"id":1024,"date":"2018-10-14T21:51:11","date_gmt":"2018-10-14T19:51:11","guid":{"rendered":"https:\/\/www.stiftung-oekologie-u-demokratie.de\/T\/?p=1024"},"modified":"2021-01-05T20:02:03","modified_gmt":"2021-01-05T18:02:03","slug":"rapunzel-mit-oekologia-preis-2018-geehrt","status":"publish","type":"post","link":"https:\/\/www.stiftung-oekologie-u-demokratie.de\/T\/rapunzel-mit-oekologia-preis-2018-geehrt\/","title":{"rendered":"Rapunzel mit \u201e\u00d6kologia\u201c-Preis 2018 geehrt"},"content":{"rendered":"<p>Das Bio-Lebensmittel-Unternehmen Rapunzel Naturkost GmbH aus Legau im Allg\u00e4u, dieses vertreten durch den Firmengr\u00fcnder und Gesch\u00e4ftsf\u00fchrer Joseph Wilhelm, wurde mit dem diesj\u00e4hrigen \u201e\u00d6kologia\u201c-Preis der Stiftung f\u00fcr \u00d6kologie und Demokratie e.V. durch den Stiftungsvorsitzenden Hans-Joachim Ritter und die \u201e\u00d6kologia\u201c \u2013 Botschafterin der \u00d6kologie &#8211; Sabine Kauffmann, ausgezeichnet.<\/p>\n<p>Die \u201e\u00d6kologia\u201c-Skulptur wurde von dem Schifferstadter K\u00fcnstler Martin Eckrich geschaffen. Frau Kauffmann, die mit dem Unternehmen als Gesch\u00e4ftsf\u00fchrerin des Bioverlages seit seiner Gr\u00fcndung vor \u00fcber 40 Jahren in Verbindung steht, w\u00fcrdigte Rapunzel in ihrer Laudatio als das gro\u00dfe Bio-Naturkost-Unternehmen in Deutschland mit einer hohen Verantwortung f\u00fcr \u201eunsere eine Welt\u201c.<\/p>\n<p>Der Stiftungsvorsitzende Hans-Joachim Ritter, der in seiner Rede die Stiftung vorstellte, begr\u00fcndete die Entscheidung \u00fcber den diesj\u00e4hrigen Preistr\u00e4ger damit, dass es sich bei Rapunzel um ein Unternehmen handle mit einer breiten Angebotspalette mit \u00fcber 500 eigenen Bioprodukten. \u00dcberdies habe auch das sozial-\u00f6kologische Engagement von Herrn Wilhelm eine gro\u00dfe Rolle gespielt. So sei durch die Hand-in-Hand-Projekte die Verbindung bis zu den Erzeugern ein Wesenselement von Rapunzel. Rapunzel engagiere sich beispielsweise gegen Gentechnologie oder gegen illegale R\u00fcckw\u00fcrfe von Fischen.<\/p>\n<p>Die Preisverleihung, die musikalisch durch die beiden bekannten Musiker Bobbi Fischer und Veit H\u00fcbner umrahmt wurde, fand in Legau vor gro\u00dfem Publikum statt.<\/p>\n<p>&nbsp;<\/p>\n","protected":false},"excerpt":{"rendered":"<p>Das Bio-Lebensmittel-Unternehmen Rapunzel Naturkost GmbH aus Legau im Allg\u00e4u, dieses vertreten durch den Firmengr\u00fcnder und Gesch\u00e4ftsf\u00fchrer Joseph Wilhelm, wurde mit dem diesj\u00e4hrigen \u201e\u00d6kologia\u201c-Preis der Stiftung f\u00fcr \u00d6kologie und Demokratie e.V. durch den Stiftungsvorsitzenden Hans-Joachim Ritter und die \u201e\u00d6kologia\u201c \u2013 Botschafterin der \u00d6kologie &#8211; Sabine Kauffmann, ausgezeichnet. Die \u201e\u00d6kologia\u201c-Skulptur wurde von dem Schifferstadter K\u00fcnstler Martin Eckrich&hellip;<\/p>\n","protected":false},"author":1,"featured_media":1025,"comment_status":"closed","ping_status":"open","sticky":false,"template":"","format":"standard","meta":[],"categories":[3,10,11],"tags":[],"class_list":["post-1024","post","type-post","status-publish","format-standard","has-post-thumbnail","hentry","category-aktuell","category-preisverleihungen","category-preisverleihungen_oekologia","category-3","category-10","category-11","description-off"],"yoast_head":"<!-- This site is optimized with the Yoast SEO plugin v25.9 - https:\/\/yoast.com\/wordpress\/plugins\/seo\/ -->\n<title>Rapunzel mit \u201e\u00d6kologia\u201c-Preis 2018 geehrt - Stiftung f\u00fcr \u00d6kologie und Demokratie e.V.<\/title>\n<meta name=\"description\" content=\"Die Stiftung f\u00fcr \u00d6kologie und Demokratie ist eine gemeinn\u00fctzige Organisation, ein auf Bundesebene von der Bundeszentrale f\u00fcr politische Bildung (BpB) anerkannter Tr\u00e4ger der politischen Bildung, der sich vor allem f\u00fcr Umwelt und die politische \u00d6kologie einsetzt.\" \/>\n<meta name=\"robots\" content=\"index, follow, max-snippet:-1, max-image-preview:large, max-video-preview:-1\" \/>\n<link rel=\"canonical\" href=\"https:\/\/www.stiftung-oekologie-u-demokratie.de\/T\/rapunzel-mit-oekologia-preis-2018-geehrt\/\" \/>\n<meta property=\"og:locale\" content=\"de_DE\" \/>\n<meta property=\"og:type\" content=\"article\" \/>\n<meta property=\"og:title\" content=\"Rapunzel mit \u201e\u00d6kologia\u201c-Preis 2018 geehrt - Stiftung f\u00fcr \u00d6kologie und Demokratie e.V.\" \/>\n<meta property=\"og:description\" content=\"Die Stiftung f\u00fcr \u00d6kologie und Demokratie ist eine gemeinn\u00fctzige Organisation, ein auf Bundesebene von der Bundeszentrale f\u00fcr politische Bildung (BpB) anerkannter Tr\u00e4ger der politischen Bildung, der sich vor allem f\u00fcr Umwelt und die politische \u00d6kologie einsetzt.\" \/>\n<meta property=\"og:url\" content=\"https:\/\/www.stiftung-oekologie-u-demokratie.de\/T\/rapunzel-mit-oekologia-preis-2018-geehrt\/\" \/>\n<meta property=\"og:site_name\" content=\"Stiftung f\u00fcr \u00d6kologie und Demokratie e.V.\" \/>\n<meta property=\"article:published_time\" content=\"2018-10-14T19:51:11+00:00\" \/>\n<meta property=\"article:modified_time\" content=\"2021-01-05T18:02:03+00:00\" \/>\n<meta property=\"og:image\" content=\"https:\/\/www.stiftung-oekologie-u-demokratie.de\/T\/wp-content\/uploads\/2018\/10\/PA104505-scaled-e1609857202255.jpg\" \/>\n\t<meta property=\"og:image:width\" content=\"2560\" \/>\n\t<meta property=\"og:image:height\" content=\"1395\" \/>\n\t<meta property=\"og:image:type\" content=\"image\/jpeg\" \/>\n<meta name=\"author\" content=\"admin\" \/>\n<meta name=\"twitter:card\" content=\"summary_large_image\" \/>\n<meta name=\"twitter:label1\" content=\"Verfasst von\" \/>\n\t<meta name=\"twitter:data1\" content=\"admin\" \/>\n\t<meta name=\"twitter:label2\" content=\"Gesch\u00e4tzte Lesezeit\" \/>\n\t<meta name=\"twitter:data2\" content=\"1\u00a0Minute\" \/>\n<script type=\"application\/ld+json\" class=\"yoast-schema-graph\">{\"@context\":\"https:\/\/schema.org\",\"@graph\":[{\"@type\":\"WebPage\",\"@id\":\"https:\/\/www.stiftung-oekologie-u-demokratie.de\/T\/rapunzel-mit-oekologia-preis-2018-geehrt\/\",\"url\":\"https:\/\/www.stiftung-oekologie-u-demokratie.de\/T\/rapunzel-mit-oekologia-preis-2018-geehrt\/\",\"name\":\"Rapunzel mit \u201e\u00d6kologia\u201c-Preis 2018 geehrt - Stiftung f\u00fcr \u00d6kologie und Demokratie e.V.\",\"isPartOf\":{\"@id\":\"https:\/\/www.stiftung-oekologie-u-demokratie.de\/T\/#website\"},\"primaryImageOfPage\":{\"@id\":\"https:\/\/www.stiftung-oekologie-u-demokratie.de\/T\/rapunzel-mit-oekologia-preis-2018-geehrt\/#primaryimage\"},\"image\":{\"@id\":\"https:\/\/www.stiftung-oekologie-u-demokratie.de\/T\/rapunzel-mit-oekologia-preis-2018-geehrt\/#primaryimage\"},\"thumbnailUrl\":\"https:\/\/www.stiftung-oekologie-u-demokratie.de\/T\/wp-content\/uploads\/2018\/10\/PA104505-scaled-e1609857202255.jpg\",\"datePublished\":\"2018-10-14T19:51:11+00:00\",\"dateModified\":\"2021-01-05T18:02:03+00:00\",\"author\":{\"@id\":\"https:\/\/www.stiftung-oekologie-u-demokratie.de\/T\/#\/schema\/person\/d256d4d56b82b746a9ccff0c5bf259e3\"},\"description\":\"Die Stiftung f\u00fcr \u00d6kologie und Demokratie ist eine gemeinn\u00fctzige Organisation, ein auf Bundesebene von der Bundeszentrale f\u00fcr politische Bildung (BpB) anerkannter Tr\u00e4ger der politischen Bildung, der sich vor allem f\u00fcr Umwelt und die politische \u00d6kologie einsetzt.\",\"breadcrumb\":{\"@id\":\"https:\/\/www.stiftung-oekologie-u-demokratie.de\/T\/rapunzel-mit-oekologia-preis-2018-geehrt\/#breadcrumb\"},\"inLanguage\":\"de\",\"potentialAction\":[{\"@type\":\"ReadAction\",\"target\":[\"https:\/\/www.stiftung-oekologie-u-demokratie.de\/T\/rapunzel-mit-oekologia-preis-2018-geehrt\/\"]}]},{\"@type\":\"ImageObject\",\"inLanguage\":\"de\",\"@id\":\"https:\/\/www.stiftung-oekologie-u-demokratie.de\/T\/rapunzel-mit-oekologia-preis-2018-geehrt\/#primaryimage\",\"url\":\"https:\/\/www.stiftung-oekologie-u-demokratie.de\/T\/wp-content\/uploads\/2018\/10\/PA104505-scaled-e1609857202255.jpg\",\"contentUrl\":\"https:\/\/www.stiftung-oekologie-u-demokratie.de\/T\/wp-content\/uploads\/2018\/10\/PA104505-scaled-e1609857202255.jpg\",\"width\":2560,\"height\":1395},{\"@type\":\"BreadcrumbList\",\"@id\":\"https:\/\/www.stiftung-oekologie-u-demokratie.de\/T\/rapunzel-mit-oekologia-preis-2018-geehrt\/#breadcrumb\",\"itemListElement\":[{\"@type\":\"ListItem\",\"position\":1,\"name\":\"Home\",\"item\":\"https:\/\/www.stiftung-oekologie-u-demokratie.de\/T\/\"},{\"@type\":\"ListItem\",\"position\":2,\"name\":\"Rapunzel mit \u201e\u00d6kologia\u201c-Preis 2018 geehrt\"}]},{\"@type\":\"WebSite\",\"@id\":\"https:\/\/www.stiftung-oekologie-u-demokratie.de\/T\/#website\",\"url\":\"https:\/\/www.stiftung-oekologie-u-demokratie.de\/T\/\",\"name\":\"Stiftung f\u00fcr \u00d6kologie und Demokratie e.V.\",\"description\":\"Stiftung f\u00fcr \u00d6kologie und Demokratie e.V.\",\"potentialAction\":[{\"@type\":\"SearchAction\",\"target\":{\"@type\":\"EntryPoint\",\"urlTemplate\":\"https:\/\/www.stiftung-oekologie-u-demokratie.de\/T\/?s={search_term_string}\"},\"query-input\":{\"@type\":\"PropertyValueSpecification\",\"valueRequired\":true,\"valueName\":\"search_term_string\"}}],\"inLanguage\":\"de\"},{\"@type\":\"Person\",\"@id\":\"https:\/\/www.stiftung-oekologie-u-demokratie.de\/T\/#\/schema\/person\/d256d4d56b82b746a9ccff0c5bf259e3\",\"name\":\"admin\",\"url\":\"https:\/\/www.stiftung-oekologie-u-demokratie.de\/T\/author\/admin\/\"}]}<\/script>\n<!-- \/ Yoast SEO plugin. -->","yoast_head_json":{"title":"Rapunzel mit \u201e\u00d6kologia\u201c-Preis 2018 geehrt - Stiftung f\u00fcr \u00d6kologie und Demokratie e.V.","description":"Die Stiftung f\u00fcr \u00d6kologie und Demokratie ist eine gemeinn\u00fctzige Organisation, ein auf Bundesebene von der Bundeszentrale f\u00fcr politische Bildung (BpB) anerkannter Tr\u00e4ger der politischen Bildung, der sich vor allem f\u00fcr Umwelt und die politische \u00d6kologie einsetzt.","robots":{"index":"index","follow":"follow","max-snippet":"max-snippet:-1","max-image-preview":"max-image-preview:large","max-video-preview":"max-video-preview:-1"},"canonical":"https:\/\/www.stiftung-oekologie-u-demokratie.de\/T\/rapunzel-mit-oekologia-preis-2018-geehrt\/","og_locale":"de_DE","og_type":"article","og_title":"Rapunzel mit \u201e\u00d6kologia\u201c-Preis 2018 geehrt - Stiftung f\u00fcr \u00d6kologie und Demokratie e.V.","og_description":"Die Stiftung f\u00fcr \u00d6kologie und Demokratie ist eine gemeinn\u00fctzige Organisation, ein auf Bundesebene von der Bundeszentrale f\u00fcr politische Bildung (BpB) anerkannter Tr\u00e4ger der politischen Bildung, der sich vor allem f\u00fcr Umwelt und die politische \u00d6kologie einsetzt.","og_url":"https:\/\/www.stiftung-oekologie-u-demokratie.de\/T\/rapunzel-mit-oekologia-preis-2018-geehrt\/","og_site_name":"Stiftung f\u00fcr \u00d6kologie und Demokratie e.V.","article_published_time":"2018-10-14T19:51:11+00:00","article_modified_time":"2021-01-05T18:02:03+00:00","og_image":[{"width":2560,"height":1395,"url":"https:\/\/www.stiftung-oekologie-u-demokratie.de\/T\/wp-content\/uploads\/2018\/10\/PA104505-scaled-e1609857202255.jpg","type":"image\/jpeg"}],"author":"admin","twitter_card":"summary_large_image","twitter_misc":{"Verfasst von":"admin","Gesch\u00e4tzte Lesezeit":"1\u00a0Minute"},"schema":{"@context":"https:\/\/schema.org","@graph":[{"@type":"WebPage","@id":"https:\/\/www.stiftung-oekologie-u-demokratie.de\/T\/rapunzel-mit-oekologia-preis-2018-geehrt\/","url":"https:\/\/www.stiftung-oekologie-u-demokratie.de\/T\/rapunzel-mit-oekologia-preis-2018-geehrt\/","name":"Rapunzel mit \u201e\u00d6kologia\u201c-Preis 2018 geehrt - Stiftung f\u00fcr \u00d6kologie und Demokratie e.V.","isPartOf":{"@id":"https:\/\/www.stiftung-oekologie-u-demokratie.de\/T\/#website"},"primaryImageOfPage":{"@id":"https:\/\/www.stiftung-oekologie-u-demokratie.de\/T\/rapunzel-mit-oekologia-preis-2018-geehrt\/#primaryimage"},"image":{"@id":"https:\/\/www.stiftung-oekologie-u-demokratie.de\/T\/rapunzel-mit-oekologia-preis-2018-geehrt\/#primaryimage"},"thumbnailUrl":"https:\/\/www.stiftung-oekologie-u-demokratie.de\/T\/wp-content\/uploads\/2018\/10\/PA104505-scaled-e1609857202255.jpg","datePublished":"2018-10-14T19:51:11+00:00","dateModified":"2021-01-05T18:02:03+00:00","author":{"@id":"https:\/\/www.stiftung-oekologie-u-demokratie.de\/T\/#\/schema\/person\/d256d4d56b82b746a9ccff0c5bf259e3"},"description":"Die Stiftung f\u00fcr \u00d6kologie und Demokratie ist eine gemeinn\u00fctzige Organisation, ein auf Bundesebene von der Bundeszentrale f\u00fcr politische Bildung (BpB) anerkannter Tr\u00e4ger der politischen Bildung, der sich vor allem f\u00fcr Umwelt und die politische \u00d6kologie einsetzt.","breadcrumb":{"@id":"https:\/\/www.stiftung-oekologie-u-demokratie.de\/T\/rapunzel-mit-oekologia-preis-2018-geehrt\/#breadcrumb"},"inLanguage":"de","potentialAction":[{"@type":"ReadAction","target":["https:\/\/www.stiftung-oekologie-u-demokratie.de\/T\/rapunzel-mit-oekologia-preis-2018-geehrt\/"]}]},{"@type":"ImageObject","inLanguage":"de","@id":"https:\/\/www.stiftung-oekologie-u-demokratie.de\/T\/rapunzel-mit-oekologia-preis-2018-geehrt\/#primaryimage","url":"https:\/\/www.stiftung-oekologie-u-demokratie.de\/T\/wp-content\/uploads\/2018\/10\/PA104505-scaled-e1609857202255.jpg","contentUrl":"https:\/\/www.stiftung-oekologie-u-demokratie.de\/T\/wp-content\/uploads\/2018\/10\/PA104505-scaled-e1609857202255.jpg","width":2560,"height":1395},{"@type":"BreadcrumbList","@id":"https:\/\/www.stiftung-oekologie-u-demokratie.de\/T\/rapunzel-mit-oekologia-preis-2018-geehrt\/#breadcrumb","itemListElement":[{"@type":"ListItem","position":1,"name":"Home","item":"https:\/\/www.stiftung-oekologie-u-demokratie.de\/T\/"},{"@type":"ListItem","position":2,"name":"Rapunzel mit \u201e\u00d6kologia\u201c-Preis 2018 geehrt"}]},{"@type":"WebSite","@id":"https:\/\/www.stiftung-oekologie-u-demokratie.de\/T\/#website","url":"https:\/\/www.stiftung-oekologie-u-demokratie.de\/T\/","name":"Stiftung f\u00fcr \u00d6kologie und Demokratie e.V.","description":"Stiftung f\u00fcr \u00d6kologie und Demokratie e.V.","potentialAction":[{"@type":"SearchAction","target":{"@type":"EntryPoint","urlTemplate":"https:\/\/www.stiftung-oekologie-u-demokratie.de\/T\/?s={search_term_string}"},"query-input":{"@type":"PropertyValueSpecification","valueRequired":true,"valueName":"search_term_string"}}],"inLanguage":"de"},{"@type":"Person","@id":"https:\/\/www.stiftung-oekologie-u-demokratie.de\/T\/#\/schema\/person\/d256d4d56b82b746a9ccff0c5bf259e3","name":"admin","url":"https:\/\/www.stiftung-oekologie-u-demokratie.de\/T\/author\/admin\/"}]}},"_links":{"self":[{"href":"https:\/\/www.stiftung-oekologie-u-demokratie.de\/T\/wp-json\/wp\/v2\/posts\/1024","targetHints":{"allow":["GET"]}}],"collection":[{"href":"https:\/\/www.stiftung-oekologie-u-demokratie.de\/T\/wp-json\/wp\/v2\/posts"}],"about":[{"href":"https:\/\/www.stiftung-oekologie-u-demokratie.de\/T\/wp-json\/wp\/v2\/types\/post"}],"author":[{"embeddable":true,"href":"https:\/\/www.stiftung-oekologie-u-demokratie.de\/T\/wp-json\/wp\/v2\/users\/1"}],"replies":[{"embeddable":true,"href":"https:\/\/www.stiftung-oekologie-u-demokratie.de\/T\/wp-json\/wp\/v2\/comments?post=1024"}],"version-history":[{"count":1,"href":"https:\/\/www.stiftung-oekologie-u-demokratie.de\/T\/wp-json\/wp\/v2\/posts\/1024\/revisions"}],"predecessor-version":[{"id":1026,"href":"https:\/\/www.stiftung-oekologie-u-demokratie.de\/T\/wp-json\/wp\/v2\/posts\/1024\/revisions\/1026"}],"wp:featuredmedia":[{"embeddable":true,"href":"https:\/\/www.stiftung-oekologie-u-demokratie.de\/T\/wp-json\/wp\/v2\/media\/1025"}],"wp:attachment":[{"href":"https:\/\/www.stiftung-oekologie-u-demokratie.de\/T\/wp-json\/wp\/v2\/media?parent=1024"}],"wp:term":[{"taxonomy":"category","embeddable":true,"href":"https:\/\/www.stiftung-oekologie-u-demokratie.de\/T\/wp-json\/wp\/v2\/categories?post=1024"},{"taxonomy":"post_tag","embeddable":true,"href":"https:\/\/www.stiftung-oekologie-u-demokratie.de\/T\/wp-json\/wp\/v2\/tags?post=1024"}],"curies":[{"name":"wp","href":"https:\/\/api.w.org\/{rel}","templated":true}]}}