{"id":1000,"date":"2018-06-07T21:46:12","date_gmt":"2018-06-07T19:46:12","guid":{"rendered":"https:\/\/www.stiftung-oekologie-u-demokratie.de\/T\/?p=1000"},"modified":"2018-06-07T21:47:34","modified_gmt":"2018-06-07T19:47:34","slug":"stiftung-informierte-sich-im-eu-parlament-in-strassburg","status":"publish","type":"post","link":"https:\/\/www.stiftung-oekologie-u-demokratie.de\/T\/stiftung-informierte-sich-im-eu-parlament-in-strassburg\/","title":{"rendered":"Stiftung informierte sich im EU-Parlament in Stra\u00dfburg"},"content":{"rendered":"<p>Die Stiftung f\u00fcr \u00d6kologie und Demokratie e.V. organisierte am 29. Mai auf Einladung des stellvertretenden Vorsitzenden des Kuratoriums der Stfitung f\u00fcr \u00d6kologie und Demokratie e.V. und \u00d6DP-EU-Abgeordneten Prof. Dr. Dr. Klaus Buchner eine Bus-Tagesfahrt ab Speyer mit Zusteigem\u00f6glichkeit in R\u00fclzheim nach Stra\u00dfburg.<\/p>\n<p>Der Vormittag stand den Teilnehmern zur freien Verf\u00fcgung, um das Stra\u00dfburger M\u00fcnster zu besichtigen oder einen Bummel durch die historische Altstadt zu unternehmen. Am Nachmittag fuhr der Bus die Teilnehmer vom Place de l\u2019etoile zum Europaparlament. Nach dem obligatorischen Sicherheits-Check begr\u00fc\u00dfte der \u00d6DP-EU-Abgeordnete die pf\u00e4lzer Gruppe und erl\u00e4uterte die Arbeitsweise des EU-Parlaments und seine eigenen Arbeitsschwerpunkte. Buchner bekannte sich als gl\u00fchender Anh\u00e4nger der europ\u00e4ischen Idee. Allerdings sei das EU-Konstrukt aufgrund des Lissabon-Vertrages aus demokratischer Sicht\u00a0 als \u00e4u\u00dferst reformbed\u00fcrftig, denn seit Gr\u00fcndung der EWG habe sich nichts Grundlegendes ge\u00e4ndert. Entscheidend seien der Ministerrat und die Kommission. Das EU-Parlament habe keine eigenst\u00e4ndige Gesetzgebungsbefugnisse. Anregungen des EU-Parlaments k\u00f6nnten lediglich in sogenannten Trialog-Konferenzen mit Vertretern des Ministerrates,\u00a0 der Kommission\u00a0 und des Parlaments eingebracht werden. Prof. Buchner ist Mitglied f\u00fcr ausw\u00e4rtige Angelegenheiten, im Unterausschuss Menschenrechte, Unterausschuss f\u00fcr Sicherheit und Verteidigung, Mitglied der Delegation f\u00fcr die Beziehungen zum Iran und stellvertretendes Mitglied im Ausschuss f\u00fcr Internationalen Handel. Der Abgeordnete verteidigte das Atomabkommen mit dem Iran. Im Vorfeld der Vertragsverhandlungen sei sein Rat als einziger Atomphysiker im EU-Parlament gefragt gewesen. Buchner kritisierte auch die Bestrebungen der deutschen Bundesregierung, eine Sperrklausel f\u00fcr die n\u00e4chste Europawahl einzuf\u00fchren. Nachdem Italien diesen Wunsch nicht unterst\u00fctzte, sei die Frist f\u00fcr ein entsprechendes Gesetzgebungsverfahren zwischenzeitlich verstrichen. Buchner nahm zu weiteren Fragen Stellung. Danach gab es das obligatorische Foto mit dem Abgeordneten.<\/p>\n<p>Danach erl\u00e4uterte ein Parlamentsbeamter die Arbeitsweise des Parlaments. Mit einem Besuch der Gruppe auf der Besuchertrib\u00fcne des Plenarsaales, w\u00e4hrend der eine Debatte \u00fcber die Situation in Nicaragua stattfand, war das offizielle Programm beendet.<\/p>\n","protected":false},"excerpt":{"rendered":"<p>Die Stiftung f\u00fcr \u00d6kologie und Demokratie e.V. organisierte am 29. Mai auf Einladung des stellvertretenden Vorsitzenden des Kuratoriums der Stfitung f\u00fcr \u00d6kologie und Demokratie e.V. und \u00d6DP-EU-Abgeordneten Prof. Dr. Dr. Klaus Buchner eine Bus-Tagesfahrt ab Speyer mit Zusteigem\u00f6glichkeit in R\u00fclzheim nach Stra\u00dfburg. Der Vormittag stand den Teilnehmern zur freien Verf\u00fcgung, um das Stra\u00dfburger M\u00fcnster zu&hellip;<\/p>\n","protected":false},"author":1,"featured_media":1001,"comment_status":"closed","ping_status":"open","sticky":false,"template":"","format":"image","meta":[],"categories":[3],"tags":[],"class_list":["post-1000","post","type-post","status-publish","format-image","has-post-thumbnail","hentry","category-aktuell","post_format-post-format-image","category-3","description-off"],"yoast_head":"<!-- This site is optimized with the Yoast SEO plugin v25.9 - https:\/\/yoast.com\/wordpress\/plugins\/seo\/ -->\n<title>Stiftung informierte sich im EU-Parlament in Stra\u00dfburg - Stiftung f\u00fcr \u00d6kologie und Demokratie e.V.<\/title>\n<meta name=\"description\" content=\"Die Stiftung f\u00fcr \u00d6kologie und Demokratie ist eine gemeinn\u00fctzige Organisation, ein auf Bundesebene von der Bundeszentrale f\u00fcr politische Bildung (BpB) anerkannter Tr\u00e4ger der politischen Bildung, der sich vor allem f\u00fcr Umwelt und die politische \u00d6kologie einsetzt.\" \/>\n<meta name=\"robots\" content=\"index, follow, max-snippet:-1, max-image-preview:large, max-video-preview:-1\" \/>\n<link rel=\"canonical\" href=\"https:\/\/www.stiftung-oekologie-u-demokratie.de\/T\/stiftung-informierte-sich-im-eu-parlament-in-strassburg\/\" \/>\n<meta property=\"og:locale\" content=\"de_DE\" \/>\n<meta property=\"og:type\" content=\"article\" \/>\n<meta property=\"og:title\" content=\"Stiftung informierte sich im EU-Parlament in Stra\u00dfburg - Stiftung f\u00fcr \u00d6kologie und Demokratie e.V.\" \/>\n<meta property=\"og:description\" content=\"Die Stiftung f\u00fcr \u00d6kologie und Demokratie ist eine gemeinn\u00fctzige Organisation, ein auf Bundesebene von der Bundeszentrale f\u00fcr politische Bildung (BpB) anerkannter Tr\u00e4ger der politischen Bildung, der sich vor allem f\u00fcr Umwelt und die politische \u00d6kologie einsetzt.\" \/>\n<meta property=\"og:url\" content=\"https:\/\/www.stiftung-oekologie-u-demokratie.de\/T\/stiftung-informierte-sich-im-eu-parlament-in-strassburg\/\" \/>\n<meta property=\"og:site_name\" content=\"Stiftung f\u00fcr \u00d6kologie und Demokratie e.V.\" \/>\n<meta property=\"article:published_time\" content=\"2018-06-07T19:46:12+00:00\" \/>\n<meta property=\"article:modified_time\" content=\"2018-06-07T19:47:34+00:00\" \/>\n<meta property=\"og:image\" content=\"https:\/\/www.stiftung-oekologie-u-demokratie.de\/T\/wp-content\/uploads\/2018\/06\/P5291440-scaled.jpg\" \/>\n\t<meta property=\"og:image:width\" content=\"2560\" \/>\n\t<meta property=\"og:image:height\" content=\"1920\" \/>\n\t<meta property=\"og:image:type\" content=\"image\/jpeg\" \/>\n<meta name=\"author\" content=\"admin\" \/>\n<meta name=\"twitter:card\" content=\"summary_large_image\" \/>\n<meta name=\"twitter:label1\" content=\"Verfasst von\" \/>\n\t<meta name=\"twitter:data1\" content=\"admin\" \/>\n\t<meta name=\"twitter:label2\" content=\"Gesch\u00e4tzte Lesezeit\" \/>\n\t<meta name=\"twitter:data2\" content=\"2\u00a0Minuten\" \/>\n<script type=\"application\/ld+json\" class=\"yoast-schema-graph\">{\"@context\":\"https:\/\/schema.org\",\"@graph\":[{\"@type\":\"WebPage\",\"@id\":\"https:\/\/www.stiftung-oekologie-u-demokratie.de\/T\/stiftung-informierte-sich-im-eu-parlament-in-strassburg\/\",\"url\":\"https:\/\/www.stiftung-oekologie-u-demokratie.de\/T\/stiftung-informierte-sich-im-eu-parlament-in-strassburg\/\",\"name\":\"Stiftung informierte sich im EU-Parlament in Stra\u00dfburg - Stiftung f\u00fcr \u00d6kologie und Demokratie e.V.\",\"isPartOf\":{\"@id\":\"https:\/\/www.stiftung-oekologie-u-demokratie.de\/T\/#website\"},\"primaryImageOfPage\":{\"@id\":\"https:\/\/www.stiftung-oekologie-u-demokratie.de\/T\/stiftung-informierte-sich-im-eu-parlament-in-strassburg\/#primaryimage\"},\"image\":{\"@id\":\"https:\/\/www.stiftung-oekologie-u-demokratie.de\/T\/stiftung-informierte-sich-im-eu-parlament-in-strassburg\/#primaryimage\"},\"thumbnailUrl\":\"https:\/\/www.stiftung-oekologie-u-demokratie.de\/T\/wp-content\/uploads\/2018\/06\/P5291440-scaled.jpg\",\"datePublished\":\"2018-06-07T19:46:12+00:00\",\"dateModified\":\"2018-06-07T19:47:34+00:00\",\"author\":{\"@id\":\"https:\/\/www.stiftung-oekologie-u-demokratie.de\/T\/#\/schema\/person\/d256d4d56b82b746a9ccff0c5bf259e3\"},\"description\":\"Die Stiftung f\u00fcr \u00d6kologie und Demokratie ist eine gemeinn\u00fctzige Organisation, ein auf Bundesebene von der Bundeszentrale f\u00fcr politische Bildung (BpB) anerkannter Tr\u00e4ger der politischen Bildung, der sich vor allem f\u00fcr Umwelt und die politische \u00d6kologie einsetzt.\",\"breadcrumb\":{\"@id\":\"https:\/\/www.stiftung-oekologie-u-demokratie.de\/T\/stiftung-informierte-sich-im-eu-parlament-in-strassburg\/#breadcrumb\"},\"inLanguage\":\"de\",\"potentialAction\":[{\"@type\":\"ReadAction\",\"target\":[\"https:\/\/www.stiftung-oekologie-u-demokratie.de\/T\/stiftung-informierte-sich-im-eu-parlament-in-strassburg\/\"]}]},{\"@type\":\"ImageObject\",\"inLanguage\":\"de\",\"@id\":\"https:\/\/www.stiftung-oekologie-u-demokratie.de\/T\/stiftung-informierte-sich-im-eu-parlament-in-strassburg\/#primaryimage\",\"url\":\"https:\/\/www.stiftung-oekologie-u-demokratie.de\/T\/wp-content\/uploads\/2018\/06\/P5291440-scaled.jpg\",\"contentUrl\":\"https:\/\/www.stiftung-oekologie-u-demokratie.de\/T\/wp-content\/uploads\/2018\/06\/P5291440-scaled.jpg\",\"width\":2560,\"height\":1920},{\"@type\":\"BreadcrumbList\",\"@id\":\"https:\/\/www.stiftung-oekologie-u-demokratie.de\/T\/stiftung-informierte-sich-im-eu-parlament-in-strassburg\/#breadcrumb\",\"itemListElement\":[{\"@type\":\"ListItem\",\"position\":1,\"name\":\"Home\",\"item\":\"https:\/\/www.stiftung-oekologie-u-demokratie.de\/T\/\"},{\"@type\":\"ListItem\",\"position\":2,\"name\":\"Stiftung informierte sich im EU-Parlament in Stra\u00dfburg\"}]},{\"@type\":\"WebSite\",\"@id\":\"https:\/\/www.stiftung-oekologie-u-demokratie.de\/T\/#website\",\"url\":\"https:\/\/www.stiftung-oekologie-u-demokratie.de\/T\/\",\"name\":\"Stiftung f\u00fcr \u00d6kologie und Demokratie e.V.\",\"description\":\"Stiftung f\u00fcr \u00d6kologie und Demokratie e.V.\",\"potentialAction\":[{\"@type\":\"SearchAction\",\"target\":{\"@type\":\"EntryPoint\",\"urlTemplate\":\"https:\/\/www.stiftung-oekologie-u-demokratie.de\/T\/?s={search_term_string}\"},\"query-input\":{\"@type\":\"PropertyValueSpecification\",\"valueRequired\":true,\"valueName\":\"search_term_string\"}}],\"inLanguage\":\"de\"},{\"@type\":\"Person\",\"@id\":\"https:\/\/www.stiftung-oekologie-u-demokratie.de\/T\/#\/schema\/person\/d256d4d56b82b746a9ccff0c5bf259e3\",\"name\":\"admin\",\"url\":\"https:\/\/www.stiftung-oekologie-u-demokratie.de\/T\/author\/admin\/\"}]}<\/script>\n<!-- \/ Yoast SEO plugin. -->","yoast_head_json":{"title":"Stiftung informierte sich im EU-Parlament in Stra\u00dfburg - Stiftung f\u00fcr \u00d6kologie und Demokratie e.V.","description":"Die Stiftung f\u00fcr \u00d6kologie und Demokratie ist eine gemeinn\u00fctzige Organisation, ein auf Bundesebene von der Bundeszentrale f\u00fcr politische Bildung (BpB) anerkannter Tr\u00e4ger der politischen Bildung, der sich vor allem f\u00fcr Umwelt und die politische \u00d6kologie einsetzt.","robots":{"index":"index","follow":"follow","max-snippet":"max-snippet:-1","max-image-preview":"max-image-preview:large","max-video-preview":"max-video-preview:-1"},"canonical":"https:\/\/www.stiftung-oekologie-u-demokratie.de\/T\/stiftung-informierte-sich-im-eu-parlament-in-strassburg\/","og_locale":"de_DE","og_type":"article","og_title":"Stiftung informierte sich im EU-Parlament in Stra\u00dfburg - Stiftung f\u00fcr \u00d6kologie und Demokratie e.V.","og_description":"Die Stiftung f\u00fcr \u00d6kologie und Demokratie ist eine gemeinn\u00fctzige Organisation, ein auf Bundesebene von der Bundeszentrale f\u00fcr politische Bildung (BpB) anerkannter Tr\u00e4ger der politischen Bildung, der sich vor allem f\u00fcr Umwelt und die politische \u00d6kologie einsetzt.","og_url":"https:\/\/www.stiftung-oekologie-u-demokratie.de\/T\/stiftung-informierte-sich-im-eu-parlament-in-strassburg\/","og_site_name":"Stiftung f\u00fcr \u00d6kologie und Demokratie e.V.","article_published_time":"2018-06-07T19:46:12+00:00","article_modified_time":"2018-06-07T19:47:34+00:00","og_image":[{"width":2560,"height":1920,"url":"https:\/\/www.stiftung-oekologie-u-demokratie.de\/T\/wp-content\/uploads\/2018\/06\/P5291440-scaled.jpg","type":"image\/jpeg"}],"author":"admin","twitter_card":"summary_large_image","twitter_misc":{"Verfasst von":"admin","Gesch\u00e4tzte Lesezeit":"2\u00a0Minuten"},"schema":{"@context":"https:\/\/schema.org","@graph":[{"@type":"WebPage","@id":"https:\/\/www.stiftung-oekologie-u-demokratie.de\/T\/stiftung-informierte-sich-im-eu-parlament-in-strassburg\/","url":"https:\/\/www.stiftung-oekologie-u-demokratie.de\/T\/stiftung-informierte-sich-im-eu-parlament-in-strassburg\/","name":"Stiftung informierte sich im EU-Parlament in Stra\u00dfburg - Stiftung f\u00fcr \u00d6kologie und Demokratie e.V.","isPartOf":{"@id":"https:\/\/www.stiftung-oekologie-u-demokratie.de\/T\/#website"},"primaryImageOfPage":{"@id":"https:\/\/www.stiftung-oekologie-u-demokratie.de\/T\/stiftung-informierte-sich-im-eu-parlament-in-strassburg\/#primaryimage"},"image":{"@id":"https:\/\/www.stiftung-oekologie-u-demokratie.de\/T\/stiftung-informierte-sich-im-eu-parlament-in-strassburg\/#primaryimage"},"thumbnailUrl":"https:\/\/www.stiftung-oekologie-u-demokratie.de\/T\/wp-content\/uploads\/2018\/06\/P5291440-scaled.jpg","datePublished":"2018-06-07T19:46:12+00:00","dateModified":"2018-06-07T19:47:34+00:00","author":{"@id":"https:\/\/www.stiftung-oekologie-u-demokratie.de\/T\/#\/schema\/person\/d256d4d56b82b746a9ccff0c5bf259e3"},"description":"Die Stiftung f\u00fcr \u00d6kologie und Demokratie ist eine gemeinn\u00fctzige Organisation, ein auf Bundesebene von der Bundeszentrale f\u00fcr politische Bildung (BpB) anerkannter Tr\u00e4ger der politischen Bildung, der sich vor allem f\u00fcr Umwelt und die politische \u00d6kologie einsetzt.","breadcrumb":{"@id":"https:\/\/www.stiftung-oekologie-u-demokratie.de\/T\/stiftung-informierte-sich-im-eu-parlament-in-strassburg\/#breadcrumb"},"inLanguage":"de","potentialAction":[{"@type":"ReadAction","target":["https:\/\/www.stiftung-oekologie-u-demokratie.de\/T\/stiftung-informierte-sich-im-eu-parlament-in-strassburg\/"]}]},{"@type":"ImageObject","inLanguage":"de","@id":"https:\/\/www.stiftung-oekologie-u-demokratie.de\/T\/stiftung-informierte-sich-im-eu-parlament-in-strassburg\/#primaryimage","url":"https:\/\/www.stiftung-oekologie-u-demokratie.de\/T\/wp-content\/uploads\/2018\/06\/P5291440-scaled.jpg","contentUrl":"https:\/\/www.stiftung-oekologie-u-demokratie.de\/T\/wp-content\/uploads\/2018\/06\/P5291440-scaled.jpg","width":2560,"height":1920},{"@type":"BreadcrumbList","@id":"https:\/\/www.stiftung-oekologie-u-demokratie.de\/T\/stiftung-informierte-sich-im-eu-parlament-in-strassburg\/#breadcrumb","itemListElement":[{"@type":"ListItem","position":1,"name":"Home","item":"https:\/\/www.stiftung-oekologie-u-demokratie.de\/T\/"},{"@type":"ListItem","position":2,"name":"Stiftung informierte sich im EU-Parlament in Stra\u00dfburg"}]},{"@type":"WebSite","@id":"https:\/\/www.stiftung-oekologie-u-demokratie.de\/T\/#website","url":"https:\/\/www.stiftung-oekologie-u-demokratie.de\/T\/","name":"Stiftung f\u00fcr \u00d6kologie und Demokratie e.V.","description":"Stiftung f\u00fcr \u00d6kologie und Demokratie e.V.","potentialAction":[{"@type":"SearchAction","target":{"@type":"EntryPoint","urlTemplate":"https:\/\/www.stiftung-oekologie-u-demokratie.de\/T\/?s={search_term_string}"},"query-input":{"@type":"PropertyValueSpecification","valueRequired":true,"valueName":"search_term_string"}}],"inLanguage":"de"},{"@type":"Person","@id":"https:\/\/www.stiftung-oekologie-u-demokratie.de\/T\/#\/schema\/person\/d256d4d56b82b746a9ccff0c5bf259e3","name":"admin","url":"https:\/\/www.stiftung-oekologie-u-demokratie.de\/T\/author\/admin\/"}]}},"_links":{"self":[{"href":"https:\/\/www.stiftung-oekologie-u-demokratie.de\/T\/wp-json\/wp\/v2\/posts\/1000","targetHints":{"allow":["GET"]}}],"collection":[{"href":"https:\/\/www.stiftung-oekologie-u-demokratie.de\/T\/wp-json\/wp\/v2\/posts"}],"about":[{"href":"https:\/\/www.stiftung-oekologie-u-demokratie.de\/T\/wp-json\/wp\/v2\/types\/post"}],"author":[{"embeddable":true,"href":"https:\/\/www.stiftung-oekologie-u-demokratie.de\/T\/wp-json\/wp\/v2\/users\/1"}],"replies":[{"embeddable":true,"href":"https:\/\/www.stiftung-oekologie-u-demokratie.de\/T\/wp-json\/wp\/v2\/comments?post=1000"}],"version-history":[{"count":1,"href":"https:\/\/www.stiftung-oekologie-u-demokratie.de\/T\/wp-json\/wp\/v2\/posts\/1000\/revisions"}],"predecessor-version":[{"id":1002,"href":"https:\/\/www.stiftung-oekologie-u-demokratie.de\/T\/wp-json\/wp\/v2\/posts\/1000\/revisions\/1002"}],"wp:featuredmedia":[{"embeddable":true,"href":"https:\/\/www.stiftung-oekologie-u-demokratie.de\/T\/wp-json\/wp\/v2\/media\/1001"}],"wp:attachment":[{"href":"https:\/\/www.stiftung-oekologie-u-demokratie.de\/T\/wp-json\/wp\/v2\/media?parent=1000"}],"wp:term":[{"taxonomy":"category","embeddable":true,"href":"https:\/\/www.stiftung-oekologie-u-demokratie.de\/T\/wp-json\/wp\/v2\/categories?post=1000"},{"taxonomy":"post_tag","embeddable":true,"href":"https:\/\/www.stiftung-oekologie-u-demokratie.de\/T\/wp-json\/wp\/v2\/tags?post=1000"}],"curies":[{"name":"wp","href":"https:\/\/api.w.org\/{rel}","templated":true}]}}